{"id":290146,"date":"2026-07-01T05:46:09","date_gmt":"2026-07-01T05:46:09","guid":{"rendered":"https:\/\/www.europesays.com\/fi\/290146\/"},"modified":"2026-07-01T05:46:09","modified_gmt":"2026-07-01T05:46:09","slug":"kaj-yhtyeen-axel-ahmanista-tuli-isa-harvinainen-nimi-ihastuttaa","status":"publish","type":"post","link":"https:\/\/www.europesays.com\/fi\/290146\/","title":{"rendered":"Kaj-yhtyeen Axel \u00c5hmanista tuli is\u00e4 &#8211; harvinainen nimi ihastuttaa"},"content":{"rendered":"<p class=\"article-content article-content-width !bg-background\">Euroviisuissakin menestyst\u00e4 niitt\u00e4nneen huumoriyhtye KAJ:n <a alt=\"Haku\" class=\"text-primary-red font-extrabold\" href=\"https:\/\/www.seiska.fi\/haku?q=Axel \u00c5hman\" rel=\"nofollow noopener\" target=\"_blank\">Axel \u00c5hman<\/a> on tullut viime viikolla is\u00e4ksi.<\/p>\n<p class=\"font-weight-bold m-font-weight-bold article-content article-content-width !bg-background\">KAJ-yhtye villitsi kauppakeskus Forumissa:<\/p>\n<p class=\"article-content article-content-width !bg-background\">Kyseess\u00e4 on jo toinen yhtyeen j\u00e4senist\u00e4, kuka on saanut lyhyen ajan sis\u00e4ll\u00e4 esikoislapsensa. Helmikuussa <a alt=\"Haku\" class=\"text-primary-red font-extrabold\" href=\"https:\/\/www.seiska.fi\/haku?q=Kevin Holmstr\u00f6m\" rel=\"nofollow noopener\" target=\"_blank\">Kevin Holmstr\u00f6m<\/a> sai lapsen yhdess\u00e4 puolisonsa <a alt=\"Haku\" class=\"text-primary-red font-extrabold\" href=\"https:\/\/www.seiska.fi\/haku?q=Linan\" rel=\"nofollow noopener\" target=\"_blank\">Linan<\/a> kanssa.<\/p>\n<p class=\"article-content article-content-width !bg-background\">Axel kertoo lapsensa syntym\u00e4st\u00e4 <a alt=\"Haku\" class=\"text-primary-red font-extrabold\" href=\"https:\/\/www.seiska.fi\/haku?q=Louise\" rel=\"nofollow noopener\" target=\"_blank\">Louise<\/a>-puolisonsa kanssa.<\/p>\n<p class=\"article-content article-content-width !bg-background\">Tiistaina (30.6.) julkaistuissa kuvissa Axel hymyilee kumppaninsa rinnalla, joka makaa sairaalavuoteessa pienokainen syliss\u00e4\u00e4n. Toisessa otoksessa on kaunis kuva Louisen raskausvatsasta ja viimeisess\u00e4 kuvassa Axel kantaa vauvaa kantokopassaan.<\/p>\n<p class=\"article-content article-content-width !bg-background\">Kuvakarusellin toiseksi viimeisess\u00e4 otoksessa vauva makoilee pedill\u00e4\u00e4n mansikkapipo syv\u00e4lle p\u00e4\u00e4h\u00e4n vedettyn\u00e4. Sein\u00e4\u00e4 vasten nojaa taulu, johon on kirjoitettu lapsen syntym\u00e4p\u00e4iv\u00e4: 26.6.2026.<\/p>\n<p class=\"article-content article-content-width !bg-background\">Taulusta k\u00e4y ilmi my\u00f6s esimerkiksi vauvan syntym\u00e4paino- ja pituus.<\/p>\n<p>Kes\u00e4inen nimi<\/p>\n<p class=\"article-content article-content-width !bg-background\">Tuoreet vanhemmat ovat kertoneet p\u00e4ivityksess\u00e4 my\u00f6s lapsensa nimen.<\/p>\n<p class=\"article-content article-content-width !bg-background\">\u2013 Tervetuloa maailmaan meid\u00e4n rakkain Floramme, vanhemmat kirjoittavat ruotsiksi.<\/p>\n<p class=\"article-content article-content-width !bg-background\">Flora on suomessa eritt\u00e4in harvinainen nimi, sill\u00e4 Digi- ja v\u00e4est\u00f6tietoviraston mukaan sen on saanut nimekseen Suomessa vain 312 henkil\u00f6\u00e4. Nimen suosio on kuitenkin kasvanut viime vuosien my\u00f6t\u00e4. Se on johdos latinankielisest\u00e4 sanasta flos, joka tarkoittaa kukkaa.<\/p>\n<p class=\"article-content article-content-width !bg-background\">\u2013\u00a0\u00c5h! Men wow!!!! Flora! Hur fint! Stort grattis till er alla! Melodifestivalen-kilpailua juontanut\u00a0Kristina &#8221;Keyyo&#8221; Petrushina iloitsee.<\/p>\n<p class=\"article-content article-content-width !bg-background\">Keyyo hehkuttaa kommentissaan Flora-nime\u00e4 ihastuttavaksi ja onnittelee perhett\u00e4 l\u00e4mpim\u00e4sti.<\/p>\n<p class=\"article-content article-content-width !bg-background\">My\u00f6s suomalaisviulisti Linda Lampenius iloitsee perheen puolesta kommenttikent\u00e4ss\u00e4.<\/p>\n<p class=\"article-content article-content-width !bg-background\">\u2013 L\u00e4mpim\u00e4t onnittelut!!! Linda kirjoittaa ruotsiksi lukuisin syd\u00e4min.<\/p>\n<p class=\"article-content article-content-width !bg-background\">Axel on pit\u00e4nyt yht\u00e4 kumppaninsa kanssa jo 15 vuotta. Pari tapasi toisensa nuorisoseuran revyy-ryhm\u00e4ss\u00e4. Axel ja Louise avioituivat muutama vuosi sitten.<\/p>\n","protected":false},"excerpt":{"rendered":"Euroviisuissakin menestyst\u00e4 niitt\u00e4nneen huumoriyhtye KAJ:n Axel \u00c5hman on tullut viime viikolla is\u00e4ksi. KAJ-yhtye villitsi kauppakeskus Forumissa: Kyseess\u00e4 on&hellip;\n","protected":false},"author":2,"featured_media":290147,"comment_status":"","ping_status":"","sticky":false,"template":"","format":"standard","meta":{"footnotes":"","_share_on_mastodon":"0"},"categories":[130],"tags":[1075,38470,21149,137,33,31,30,38469,15905,10559,21150,38468,16213,98,2927,2443,32,1461,109],"class_list":["post-290146","post","type-post","status-publish","format-standard","has-post-thumbnail","category-viihde","tag-avioliitto","tag-aviopuoliso","tag-axel-ahman","tag-entertainment","tag-fi","tag-finland","tag-finnish","tag-flora","tag-kaj","tag-kaj-yhtye","tag-kevin-holmstrom","tag-kristina-petrushina","tag-kumppani","tag-perhe","tag-puoliso","tag-raskaus","tag-suomi","tag-vauva","tag-viihde"],"share_on_mastodon":{"url":"https:\/\/pubeurope.com\/@fi\/116843143811246968","error":""},"_links":{"self":[{"href":"https:\/\/www.europesays.com\/fi\/wp-json\/wp\/v2\/posts\/290146","targetHints":{"allow":["GET"]}}],"collection":[{"href":"https:\/\/www.europesays.com\/fi\/wp-json\/wp\/v2\/posts"}],"about":[{"href":"https:\/\/www.europesays.com\/fi\/wp-json\/wp\/v2\/types\/post"}],"author":[{"embeddable":true,"href":"https:\/\/www.europesays.com\/fi\/wp-json\/wp\/v2\/users\/2"}],"replies":[{"embeddable":true,"href":"https:\/\/www.europesays.com\/fi\/wp-json\/wp\/v2\/comments?post=290146"}],"version-history":[{"count":0,"href":"https:\/\/www.europesays.com\/fi\/wp-json\/wp\/v2\/posts\/290146\/revisions"}],"wp:featuredmedia":[{"embeddable":true,"href":"https:\/\/www.europesays.com\/fi\/wp-json\/wp\/v2\/media\/290147"}],"wp:attachment":[{"href":"https:\/\/www.europesays.com\/fi\/wp-json\/wp\/v2\/media?parent=290146"}],"wp:term":[{"taxonomy":"category","embeddable":true,"href":"https:\/\/www.europesays.com\/fi\/wp-json\/wp\/v2\/categories?post=290146"},{"taxonomy":"post_tag","embeddable":true,"href":"https:\/\/www.europesays.com\/fi\/wp-json\/wp\/v2\/tags?post=290146"}],"curies":[{"name":"wp","href":"https:\/\/api.w.org\/{rel}","templated":true}]}}