{"id":290447,"date":"2026-07-01T14:30:13","date_gmt":"2026-07-01T14:30:13","guid":{"rendered":"https:\/\/www.europesays.com\/fi\/290447\/"},"modified":"2026-07-01T14:30:13","modified_gmt":"2026-07-01T14:30:13","slug":"vuohijarvella-epailty-taidevaarennos-taideasiantuntijalta-taydet-pisteet-kulttuuritalolle-paikalliset","status":"publish","type":"post","link":"https:\/\/www.europesays.com\/fi\/290447\/","title":{"rendered":"Vuohij\u00e4rvell\u00e4 ep\u00e4ilty taidev\u00e4\u00e4renn\u00f6s \u2013\u2009Taideasiantuntijalta t\u00e4ydet pisteet kulttuuritalolle | Paikalliset"},"content":{"rendered":"<p>Taideasiantuntija Pauliina Laitinen pit\u00e4\u00e4 kummallisena, ett\u00e4 ep\u00e4ilty v\u00e4\u00e4renn\u00f6s on l\u00e4p\u00e4issyt kaksi huutokauppaa ennen p\u00e4\u00e4tymist\u00e4\u00e4n Vuohij\u00e4rven n\u00e4yttelyyn.<\/p>\n<p>Yht\u00e4 Vuohij\u00e4rven kulttuuritalon <strong>Reidar S\u00e4rest\u00f6niemi<\/strong> -n\u00e4yttelyn teosta ep\u00e4ill\u00e4\u00e4n v\u00e4\u00e4renn\u00f6kseksi. Ep\u00e4ilyt her\u00e4siv\u00e4t viime perjantaina Kittil\u00e4n S\u00e4rest\u00f6niemi-museossa, jonne Reidar S\u00e4rest\u00f6niemi Experience -n\u00e4yttelyn aineisto oli l\u00e4hetetty.<\/p>\n","protected":false},"excerpt":{"rendered":"Taideasiantuntija Pauliina Laitinen pit\u00e4\u00e4 kummallisena, ett\u00e4 ep\u00e4ilty v\u00e4\u00e4renn\u00f6s on l\u00e4p\u00e4issyt kaksi huutokauppaa ennen p\u00e4\u00e4tymist\u00e4\u00e4n Vuohij\u00e4rven n\u00e4yttelyyn. Yht\u00e4 Vuohij\u00e4rven&hellip;\n","protected":false},"author":2,"featured_media":290448,"comment_status":"","ping_status":"","sticky":false,"template":"","format":"standard","meta":{"footnotes":"","_share_on_mastodon":"0"},"categories":[135],"tags":[389,387,388,390,137,33,31,30,3821,3764,108,38,32,394,485,393,391,392,398,109],"class_list":["post-290447","post","type-post","status-publish","format-standard","has-post-thumbnail","category-taiteet-ja-suunnittelu","tag-arts","tag-arts-and-design","tag-artsanddesign","tag-design","tag-entertainment","tag-fi","tag-finland","tag-finnish","tag-kivisto","tag-kouvolan-seutukunta","tag-kulttuuri","tag-rikos","tag-suomi","tag-suunnittelu","tag-taide-yleista","tag-taiteet","tag-taiteet-ja-suunnittelu","tag-taiteetsuunnittelu","tag-taiteilija","tag-viihde"],"share_on_mastodon":{"url":"https:\/\/pubeurope.com\/@fi\/116845204432700590","error":""},"_links":{"self":[{"href":"https:\/\/www.europesays.com\/fi\/wp-json\/wp\/v2\/posts\/290447","targetHints":{"allow":["GET"]}}],"collection":[{"href":"https:\/\/www.europesays.com\/fi\/wp-json\/wp\/v2\/posts"}],"about":[{"href":"https:\/\/www.europesays.com\/fi\/wp-json\/wp\/v2\/types\/post"}],"author":[{"embeddable":true,"href":"https:\/\/www.europesays.com\/fi\/wp-json\/wp\/v2\/users\/2"}],"replies":[{"embeddable":true,"href":"https:\/\/www.europesays.com\/fi\/wp-json\/wp\/v2\/comments?post=290447"}],"version-history":[{"count":0,"href":"https:\/\/www.europesays.com\/fi\/wp-json\/wp\/v2\/posts\/290447\/revisions"}],"wp:featuredmedia":[{"embeddable":true,"href":"https:\/\/www.europesays.com\/fi\/wp-json\/wp\/v2\/media\/290448"}],"wp:attachment":[{"href":"https:\/\/www.europesays.com\/fi\/wp-json\/wp\/v2\/media?parent=290447"}],"wp:term":[{"taxonomy":"category","embeddable":true,"href":"https:\/\/www.europesays.com\/fi\/wp-json\/wp\/v2\/categories?post=290447"},{"taxonomy":"post_tag","embeddable":true,"href":"https:\/\/www.europesays.com\/fi\/wp-json\/wp\/v2\/tags?post=290447"}],"curies":[{"name":"wp","href":"https:\/\/api.w.org\/{rel}","templated":true}]}}