{"id":29046,"date":"2025-09-08T16:05:09","date_gmt":"2025-09-08T16:05:09","guid":{"rendered":"https:\/\/www.europesays.com\/fi\/29046\/"},"modified":"2025-09-08T16:05:09","modified_gmt":"2025-09-08T16:05:09","slug":"meteorologi-anniina-valtonen-tallaisia-lampotiloja-pitaisi-olla-tahan-aikaan-vuodesta-paivalla-ei-yolla-kotimaa","status":"publish","type":"post","link":"https:\/\/www.europesays.com\/fi\/29046\/","title":{"rendered":"Meteorologi Anniina Valtonen: T\u00e4llaisia l\u00e4mp\u00f6\u00adtiloja pit\u00e4isi olla t\u00e4h\u00e4n aikaan vuodesta p\u00e4iv\u00e4ll\u00e4 \u2013 ei y\u00f6ll\u00e4 | Kotimaa"},"content":{"rendered":"<p class=\"sc-jYczwO sc-dNFkOE frIBdZ edVjwg yle__article__paragraph\">S\u00e4\u00e4 on ollut l\u00e4mmin jopa merialueilla, jotka ovat normaalisti kylmi\u00e4 paikkoja. <\/p>\n<p><img decoding=\"async\" alt=\"Hevonen katsoo sumua vanhankaupunginlahden rannassa Helsingin Arabianrannassa.\" src=\"https:\/\/www.europesays.com\/fi\/wp-content\/uploads\/2025\/09\/39-151888968beaa2eeb256.jpeg\" class=\"sc-dntSTA iywpZY\"\/><\/p>\n<p>Avaa kuvien katselu<\/p>\n<p>Jos sumu kest\u00e4\u00e4 pitk\u00e4lle iltap\u00e4iv\u00e4\u00e4n, l\u00e4mpim\u00e4n s\u00e4\u00e4n mahdollisuus pienenee. Kuva: Toni M\u00e4\u00e4tt\u00e4 <\/p>\n<p class=\"sc-jYczwO sc-ciCoXh frIBdZ cPdSqu yle__article__paragraph\">Syyskuun s\u00e4\u00e4t\u00e4 on leimannut kolme asiaa: sumuiset aamut, l\u00e4mpim\u00e4t y\u00f6t ja kosteat l\u00e4mpim\u00e4t p\u00e4iv\u00e4t.<\/p>\n<p class=\"sc-jYczwO sc-ciCoXh frIBdZ cPdSqu yle__article__paragraph\">Vain yht\u00e4 n\u00e4ist\u00e4 voi pit\u00e4\u00e4 poikkeuksellisena: l\u00e4mpimi\u00e4 \u00f6it\u00e4, sanoo Ylen meteorologi <strong class=\"sc-eEHciv kkmMDs yle__article__strong\">Anniina Valtonen<\/strong>.<\/p>\n<p class=\"sc-jYczwO sc-ciCoXh frIBdZ cPdSqu yle__article__paragraph\">Viime y\u00f6n\u00e4 l\u00e4mpimimm\u00e4t paikkakunnat olivat: Kotka, Luhanka ja Porvoo. Alimmillaan l\u00e4mp\u00f6mittari n\u00e4ytti Kotkassa 18,1, Luhangassa 17,5 ja Porvoossa 17,2 astetta.<\/p>\n<p class=\"sc-jYczwO sc-ciCoXh frIBdZ cPdSqu yle__article__paragraph\">\u2013 T\u00e4llaisia l\u00e4mp\u00f6tiloja kuuluisi olla t\u00e4h\u00e4n aikaan vuodesta nippa nappa p\u00e4iv\u00e4ll\u00e4 \u2013 eik\u00e4 y\u00f6ll\u00e4, Valtonen sanoo.<\/p>\n<p class=\"sc-jYczwO sc-ciCoXh frIBdZ cPdSqu yle__article__paragraph\">Vuodenaikaan n\u00e4hden korkealle l\u00e4mp\u00f6mittari on noussut my\u00f6s merialueilla.<\/p>\n<p class=\"sc-jYczwO sc-ciCoXh frIBdZ cPdSqu yle__article__paragraph\">\u2013 Jopa Suomensel\u00e4ll\u00e4, joka on normaalisti kylm\u00e4 paikka, l\u00e4mp\u00f6tila nousi viiteentoista asteeseen.<\/p>\n<p class=\"sc-jYczwO sc-ciCoXh frIBdZ cPdSqu yle__article__paragraph\">Suomenselk\u00e4 on maa-alue, joka ylt\u00e4\u00e4 Etel\u00e4-Pohjanmaalta Ouluj\u00e4rvelle. Siell\u00e4 ilma tyypillisesti j\u00e4\u00e4htyy herkemmin, koska maat ovat alavia.<\/p>\n<p><img decoding=\"async\" alt=\"Raitiovaunu ja linja-auto liikenteess\u00e4 sumuisena aamuna Helsingiss\u00e4.\" src=\"https:\/\/www.europesays.com\/fi\/wp-content\/uploads\/2025\/09\/39-151871768be7bc9203a0.jpeg\" loading=\"lazy\" class=\"sc-dntSTA iywpZY\"\/><\/p>\n<p>Avaa kuvien katselu<\/p>\n<p>Suomeen virtaa kosteaa ja l\u00e4mmint\u00e4 ilmaa. Vasta loppuviikosta viilenee.  Kuva: Mikko HaapanenSyksy saapuu perjantaina<\/p>\n<p class=\"sc-jYczwO sc-ciCoXh frIBdZ cPdSqu yle__article__paragraph\">P\u00e4iv\u00e4l\u00e4mp\u00f6tilat nousivat viikonloppuna yli 20 asteeseen ja jopa yli sen. Syyskuut ovat olleet l\u00e4mpimi\u00e4 sek\u00e4 viime ett\u00e4 toissavuonna. Viel\u00e4 on auki se, tuleeko t\u00e4n\u00e4 syksyn\u00e4 uusi ennn\u00e4tys.<\/p>\n<p class=\"sc-jYczwO sc-ciCoXh frIBdZ cPdSqu yle__article__paragraph\">\u2013 Kun tilastoja katsoo, syyskuun alkupuoli saattaa olla hyvin l\u00e4mmin. Viime vuonnakin oli l\u00e4mmint\u00e4 ja syyskuun puolenv\u00e4lin j\u00e4lkeen tapahtui keikaus: tuli viileneminen.<\/p>\n<p class=\"sc-jYczwO sc-ciCoXh frIBdZ cPdSqu yle__article__paragraph\">T\u00e4ll\u00e4 viikolla l\u00e4mm\u00f6st\u00e4 voi nauttia torstaihin saakka. Etel\u00e4-Suomessa se tarkoittaa yli 20 asteen l\u00e4mp\u00f6tiloja. Perjantaina s\u00e4\u00e4 viilenee ja muuttuu ep\u00e4vakaisemmaksi, sateisemmaksi ja tuulisemmaksi.<\/p>\n<p class=\"sc-jYczwO sc-ciCoXh frIBdZ cPdSqu yle__article__paragraph\">Sanalla sanoen: syksyiseksi.<\/p>\n<p class=\"sc-jYczwO sc-ciCoXh frIBdZ cPdSqu yle__article__paragraph\">\u2013 Se ei tapahdu \u201dp\u00e4d\u00e4m tuosta vaan\u201d. Perjantaista eteenp\u00e4in l\u00e4nnest\u00e4 hivuttautuu matalapaine ja tyrkk\u00e4\u00e4 tuon id\u00e4n korkeapaineen siis l\u00e4mpim\u00e4n pois.<\/p>\n<p>Sumut kuuluvat syyskuuhun<\/p>\n<p class=\"sc-jYczwO sc-ciCoXh frIBdZ cPdSqu yle__article__paragraph\">Aamut ovat viime p\u00e4ivin\u00e4 valjenneet sumuisina. Sumuiset aamut kuuluvat syyskuuhun, sanoo Valtonen.<\/p>\n<p class=\"sc-jYczwO sc-ciCoXh frIBdZ cPdSqu yle__article__paragraph\">T\u00e4ll\u00e4 hetkell\u00e4 Suomeen virtaa etel\u00e4st\u00e4 l\u00e4mmint\u00e4 ja kosteaa ilmaa. S\u00e4\u00e4h\u00e4n on vaikuttanut pitk\u00e4\u00e4n korkeapaine. Se tarkoittaa tyypillisesti heikkoja tuulia ja selke\u00e4\u00e4 s\u00e4\u00e4t\u00e4.<\/p>\n<p class=\"sc-jYczwO sc-ciCoXh frIBdZ cPdSqu yle__article__paragraph\">Meteorologi Anniina Valtonen kertoo sumun synnyst\u00e4:<\/p>\n<p class=\"sc-jYczwO sc-ciCoXh frIBdZ cPdSqu yle__article__paragraph\">\u2013 P\u00e4iv\u00e4ll\u00e4 taivas on pilvet\u00f6n ja aurinko p\u00e4\u00e4see l\u00e4mmitt\u00e4m\u00e4\u00e4n maan pintaa. L\u00e4mp\u00f6tila kohoaa reiluun kahteenkymmeneen asteeseen.<\/p>\n<p class=\"sc-jYczwO sc-ciCoXh frIBdZ cPdSqu yle__article__paragraph\">Kun aurinko laskee, maanpinta viilenee ja kaikki l\u00e4mp\u00f6s\u00e4teily p\u00e4\u00e4see karkaamaan pois, koska taivaalla ei ole pilvi\u00e4.<\/p>\n<p class=\"sc-jYczwO sc-ciCoXh frIBdZ cPdSqu yle__article__paragraph\">Maanpinnan l\u00e4mp\u00f6tila laskee ja se viilent\u00e4\u00e4 yl\u00e4puolella olevaa ilmaa, jossa on paljon kosteutta. Tietyn pisteen j\u00e4lkeen kosteus tiivistyy sumuksi.<\/p>\n<p class=\"sc-jYczwO sc-ciCoXh frIBdZ cPdSqu yle__article__paragraph\">\u2013 Kun sumu saavuttaa tietyn tunkkaisen harmausasteen, se asettaa maanpinnan p\u00e4\u00e4lle uudelleen peiton. Korkeapaineen vallitessa tuulet eiv\u00e4t revi sumua pois. Meill\u00e4 on vain aurinko.<\/p>\n<p class=\"sc-jYczwO sc-ciCoXh frIBdZ cPdSqu yle__article__paragraph\">Mit\u00e4 pitemp\u00e4\u00e4n sumu aamulla kest\u00e4\u00e4, sit\u00e4 todenn\u00e4k\u00f6isemp\u00e4\u00e4 on, ett\u00e4 p\u00e4iv\u00e4l\u00e4mp\u00f6tila ei nouse kovin korkeaksi.<\/p>\n<p><img decoding=\"async\" alt=\"Infografiikka s\u00e4teilysumun syntymisest\u00e4. Aurinko l\u00e4mmitt\u00e4\u00e4 maanpintaa.\" src=\"https:\/\/www.europesays.com\/fi\/wp-content\/uploads\/2025\/09\/39-151882668be98b880cf9.png\" loading=\"lazy\" class=\"sc-dntSTA iywpZY\"\/><\/p>\n<p>Avaa kuvien katselu<\/p>\n<p><img decoding=\"async\" alt=\"Infografiikka s\u00e4teilysumun syntymisest\u00e4. Y\u00f6ll\u00e4 ilma viilenee.\" src=\"https:\/\/www.europesays.com\/fi\/wp-content\/uploads\/2025\/09\/39-151888468bea94770096.png\" loading=\"lazy\" class=\"sc-dntSTA iywpZY\"\/><\/p>\n<p>Avaa kuvien katselu<\/p>\n<p><img decoding=\"async\" alt=\"Infografiikka s\u00e4teilysumun syntymisest\u00e4.  Kosteus tiivistyy ja muodostaa sumua kun l\u00e4mmin ilma j\u00e4\u00e4htyy.\" src=\"https:\/\/www.europesays.com\/fi\/wp-content\/uploads\/2025\/09\/39-151888868bea994c7f27.png\" loading=\"lazy\" class=\"sc-dntSTA iywpZY\"\/><\/p>\n<p>Avaa kuvien katselu<\/p>\n<p>Kuva: Pekka Sipil\u00e4 \/ Yle<\/p>\n","protected":false},"excerpt":{"rendered":"S\u00e4\u00e4 on ollut l\u00e4mmin jopa merialueilla, jotka ovat normaalisti kylmi\u00e4 paikkoja. Avaa kuvien katselu Jos sumu kest\u00e4\u00e4 pitk\u00e4lle&hellip;\n","protected":false},"author":2,"featured_media":29047,"comment_status":"","ping_status":"","sticky":false,"template":"","format":"standard","meta":{"footnotes":""},"categories":[5],"tags":[22,23,26,27,33,31,30,17,8822,71,1423,24,25,28,29,15,18,21,8821,710,8820,32,19,20,16],"class_list":{"0":"post-29046","1":"post","2":"type-post","3":"status-publish","4":"format-standard","5":"has-post-thumbnail","7":"category-otsikot","8":"tag-breaking-news","9":"tag-breakingnews","10":"tag-featured-news","11":"tag-featurednews","12":"tag-fi","13":"tag-finland","14":"tag-finnish","15":"tag-headlines","16":"tag-korkeapaine","17":"tag-kotimaa","18":"tag-lampotila","19":"tag-latest-news","20":"tag-latestnews","21":"tag-main-news","22":"tag-mainnews","23":"tag-news","24":"tag-otsikot","25":"tag-paauutiset","26":"tag-paivalampotila","27":"tag-saa","28":"tag-sumu","29":"tag-suomi","30":"tag-top-stories","31":"tag-topstories","32":"tag-uutiset"},"share_on_mastodon":{"url":"","error":""},"_links":{"self":[{"href":"https:\/\/www.europesays.com\/fi\/wp-json\/wp\/v2\/posts\/29046","targetHints":{"allow":["GET"]}}],"collection":[{"href":"https:\/\/www.europesays.com\/fi\/wp-json\/wp\/v2\/posts"}],"about":[{"href":"https:\/\/www.europesays.com\/fi\/wp-json\/wp\/v2\/types\/post"}],"author":[{"embeddable":true,"href":"https:\/\/www.europesays.com\/fi\/wp-json\/wp\/v2\/users\/2"}],"replies":[{"embeddable":true,"href":"https:\/\/www.europesays.com\/fi\/wp-json\/wp\/v2\/comments?post=29046"}],"version-history":[{"count":0,"href":"https:\/\/www.europesays.com\/fi\/wp-json\/wp\/v2\/posts\/29046\/revisions"}],"wp:featuredmedia":[{"embeddable":true,"href":"https:\/\/www.europesays.com\/fi\/wp-json\/wp\/v2\/media\/29047"}],"wp:attachment":[{"href":"https:\/\/www.europesays.com\/fi\/wp-json\/wp\/v2\/media?parent=29046"}],"wp:term":[{"taxonomy":"category","embeddable":true,"href":"https:\/\/www.europesays.com\/fi\/wp-json\/wp\/v2\/categories?post=29046"},{"taxonomy":"post_tag","embeddable":true,"href":"https:\/\/www.europesays.com\/fi\/wp-json\/wp\/v2\/tags?post=29046"}],"curies":[{"name":"wp","href":"https:\/\/api.w.org\/{rel}","templated":true}]}}