{"id":290534,"date":"2026-07-01T17:07:14","date_gmt":"2026-07-01T17:07:14","guid":{"rendered":"https:\/\/www.europesays.com\/fi\/290534\/"},"modified":"2026-07-01T17:07:14","modified_gmt":"2026-07-01T17:07:14","slug":"joel-hokka-ja-jimi-aslak-tuska-festivaalilla-yllattavat-paljastukset-ja-hokka-yhtyeen-tarina","status":"publish","type":"post","link":"https:\/\/www.europesays.com\/fi\/290534\/","title":{"rendered":"Joel Hokka ja Jimi Aslak Tuska-festivaalilla: Yll\u00e4tt\u00e4v\u00e4t paljastukset ja Hokka-yhtyeen tarina"},"content":{"rendered":"<p>            Jani Korpela\n        <\/p>\n<p class=\"subtitle \">Hokka-yhtyeen Joel ja Jimi kertoivat Seiskalle Tuskassa, mik\u00e4 on v\u00e4hiten rock asia heiss\u00e4.<\/p>\n<p class=\"article-content article-content-width !bg-background\">, 32, keikkakes\u00e4 Hokka-yhtyeen kanssa on l\u00e4htenyt rymin\u00e4ll\u00e4 k\u00e4yntiin.\u00a0<\/p>\n<p class=\"font-weight-bold m-font-weight-bold article-content article-content-width !bg-background\">Katso video! Joel Hokka ja Jimi Aslak joutuivat Seiskan piinapenkkiin:<\/p>\n<p class=\"article-content article-content-width !bg-background\">Lauantaina 27.6. b\u00e4ndi otti haltuun Tuska-festivaalin p\u00e4\u00e4lavan. Tuska-keikka oli j\u00e4rjestyksess\u00e4\u00e4n vasta yhtyeen nelj\u00e4s. Siit\u00e4 huolimatta Joel on ottanut lavan haltuun ammattilaisen elkein \u2013 onhan h\u00e4nell\u00e4 takana vuosikausien taival entisen yhtyeens\u00e4 kanssa.<\/p>\n<p class=\"article-content article-content-width !bg-background\">\u2013 Keikkailu on tuttua, turvallista ja helppoa. Biisit ovat vain enemm\u00e4n omaan makuuni ja b\u00e4ndi tuntuu enemm\u00e4n omalta. On vain kivempaa, Joel summaa Seiskalle muutama tunti keikan j\u00e4lkeen.<\/p>\n<p class=\"article-content article-content-width !bg-background\"> \u2013 Minut taas on yll\u00e4tt\u00e4nyt ihan kaikki. Minulla ei ole kokemusta festareista, en ole ikin\u00e4 tehnyt levy\u00e4 ennen. Kaikki on uutta. Toisaalta t\u00e4m\u00e4 tuntuu hirve\u00e4n luonnolliselta, rumpali , 26, kertoo.<\/p>\n<p class=\"article-content article-content-width !bg-background\"> \u2013 Olen soittanut koko ik\u00e4ni, mutta en ole t\u00e4m\u00e4n kaliiperin toiminnassa ollut mukana.<\/p>\n<p>        <a itemprop=\"url\" href=\"https:\/\/www.seiska.fi\/kotimaa\/joel-hokan-elamassa-kaantyi-uusi-sivu-vitsista-tuli-totta\/2123936\" rel=\"nofollow noopener\" target=\"_blank\"><\/p>\n<p>\nJoel Hokan el\u00e4m\u00e4ss\u00e4 k\u00e4\u00e4ntyi uusi sivu\n<\/p>\n<p class=\"section-date\">\n        <strong class=\"article-section\" data-section=\"kotimaa\"><br \/>\n            kotimaa<br \/>\n        <\/strong><br \/>\n        20.4. 07:00\n    <\/p>\n<p>Joel Hokan el\u00e4m\u00e4ss\u00e4 k\u00e4\u00e4ntyi uusi sivu: Vitsist\u00e4 tuli totta\n    <\/p>\n<p itemprop=\"description\" class=\"subtitle \">\n    Hokka-yhtyeen esikoisalbumilta l\u00f6ytyy yll\u00e4tyksi\u00e4 ja er\u00e4s villi kortti.\n<\/p>\n<p>        <\/a><\/p>\n<p class=\"article-content article-content-width !bg-background\">Joelin ja Jimin tiet kohtasivat TikTokissa, kun Joel oli iskenyt silm\u00e4ns\u00e4 nuoreen rumpalilupaukseen.<\/p>\n<p class=\"article-content article-content-width !bg-background\"> \u2013 Katsoin, ett\u00e4 tuossa on skilli \u00e4ij\u00e4, jolla on selv\u00e4sti draivia. Laitoin DM:\u00e4\u00e4 ja kokeilin onneani, ja siit\u00e4 se l\u00e4hti.<\/p>\n<p>                <img decoding=\"async\" src=\"https:\/\/www.europesays.com\/fi\/wp-content\/uploads\/2026\/07\/2195410.webp\" width=\"576\" height=\"322\" alt=\"Keikan aikana kuultiin ilahduttavasti Jimin rumpusoolo. \u2013 On se kokemus p\u00e4\u00e4st\u00e4 Tuskan p\u00e4\u00e4lavalle vet\u00e4m\u00e4\u00e4n sooloa! En hirve\u00e4sti miettinyt sit\u00e4, kun muuten olisi p\u00e4\u00e4 seonnut, mutta on siin\u00e4 fiilist\u00e4.\" loading=\"lazy\" \/>            <\/p>\n<p>\n            Keikan aikana kuultiin ilahduttavasti Jimin rumpusoolo. \u2013 On se kokemus p\u00e4\u00e4st\u00e4 Tuskan p\u00e4\u00e4lavalle vet\u00e4m\u00e4\u00e4n sooloa! En hirve\u00e4sti miettinyt sit\u00e4, kun muuten olisi p\u00e4\u00e4 seonnut, mutta on siin\u00e4 fiilist\u00e4.<br \/>\n            Jani Korpela\n        <\/p>\n<p>                <img decoding=\"async\" src=\"https:\/\/www.europesays.com\/fi\/wp-content\/uploads\/2026\/07\/2195417.webp\" width=\"576\" height=\"322\" alt=\"Joel kertoo treenanneensa laulamista todella paljon, ja sen my\u00f6s huomasi keikan aikana. \u2013 Studiossa lauloin varmaan kuukauden putkeen. Laulaminen on tosi terveellist\u00e4 ihmiselle. On kiva, kun ei tarvitse tavallaan tapella siit\u00e4, miten paljon saa laulaa, h\u00e4n sanoo viitaten edelliseen yhtyeeseens\u00e4, jossa laulajia oli kaksi.\" loading=\"lazy\" \/>            <\/p>\n<p>\n            Joel kertoo treenanneensa laulamista todella paljon, ja sen my\u00f6s huomasi keikan aikana. \u2013 Studiossa lauloin varmaan kuukauden putkeen. Laulaminen on tosi terveellist\u00e4 ihmiselle. On kiva, kun ei tarvitse tavallaan tapella siit\u00e4, miten paljon saa laulaa, h\u00e4n sanoo viitaten edelliseen yhtyeeseens\u00e4, jossa laulajia oli kaksi.<br \/>\n            Jani Korpela\n        <\/p>\n<p>&#8221;Sy\u00f6n joka y\u00f6 j\u00e4\u00e4tel\u00f6\u00e4&#8221;<\/p>\n<p class=\"article-content article-content-width !bg-background\">Vaikka kaksi mustiinpukeutunutta rokkaria n\u00e4ytt\u00e4v\u00e4tkin sangen viileilt\u00e4 istuessaan Tuskan backstagen sohvalla, on pakko olla niin, etteiv\u00e4t he ole pelk\u00e4st\u00e4\u00e4n cooleja. Mik\u00e4 on v\u00e4hiten rock asia Joelissa ja Jimiss\u00e4?<\/p>\n<p class=\"article-content article-content-width !bg-background\"> \u2013 Harrastan s\u00e4hk\u00f6skuutilla ajamista. Minulla menee vuodessa varmaan tuhat euroa siihen enk\u00e4 kadu euroakaan. Ihan paras harrastus, Joel paljastaa.<\/p>\n<p class=\"article-content article-content-width !bg-background\"> \u2013 Sitten sy\u00f6n joka y\u00f6 j\u00e4\u00e4tel\u00f6\u00e4. Kolmen kaverin lakritsia. Se on v\u00e4h\u00e4n niin kuin minun tuttini, pit\u00e4\u00e4 saada se suuhun. Tuutti, h\u00e4n lausahtaa.<\/p>\n<p class=\"article-content article-content-width !bg-background\">Jimi puolestaan tykk\u00e4\u00e4 pelata videopelej\u00e4.<\/p>\n<p class=\"article-content article-content-width !bg-background\"> \u2013 Min\u00e4 pelaan Minecraftia. Minulla on oma Minecraft-maailma, siell\u00e4 on kaikki hyvin, h\u00e4n sanoo.<\/p>\n<p class=\"article-content article-content-width !bg-background\"> \u2013 Minusta tuo on kova. Min\u00e4kin haluaisin jonkun Pleikkarin. Haluaisin pelata GTA:ta. Se on hirve\u00e4n tyydytt\u00e4v\u00e4\u00e4, kun saa virtuaalipeleiss\u00e4, tied\u00e4tk\u00f6, ry\u00f6st\u00e4\u00e4 autoja! Joel huudahtaa.<\/p>\n<p>        <a itemprop=\"url\" href=\"https:\/\/www.seiska.fi\/kotimaa\/joel-hokka-avoimena-parempaan-pain-ollaan-menty\/2126863\" rel=\"nofollow noopener\" target=\"_blank\"><\/p>\n<p>\nJoel Hokka\n<\/p>\n<p class=\"section-date\">\n        <strong class=\"article-section\" data-section=\"kotimaa\"><br \/>\n            kotimaa<br \/>\n        <\/strong><br \/>\n        18.4. 19:00\n    <\/p>\n<p>Joel Hokka avoimena: \u201cParempaan p\u00e4in ollaan menty\u201d\n    <\/p>\n<p itemprop=\"description\" class=\"subtitle \">\n    Joel kertoo Seiskalle, ett\u00e4 Hokka-yhtyeen vastaanotto on ollut mielenkiintoinen, ja mielipiteit\u00e4 on puolin ja toisin.\n<\/p>\n<p>        <\/a><\/p>\n<p class=\"article-content article-content-width !bg-background\">Haastattelun tunnelma muuttuu aavistuksen levottomaksi, kun alamme mietti\u00e4 Joelin mahdollisia tulevaisuudenn\u00e4kymi\u00e4.<\/p>\n<p class=\"article-content article-content-width !bg-background\"> \u2013 Jonain p\u00e4iv\u00e4n\u00e4 ostan plasma-tv:n ja linnoittaudun kotiin, poistan somet ja pelaan GTA:ta ty\u00f6kseni, h\u00e4n julistaa.<\/p>\n<p class=\"article-content article-content-width !bg-background\"> \u2013 Pist\u00e4t striimin pystyyn! Joel Hokka Twitchiin \u2013 aika hyv\u00e4 sivutulo, Jimi ehdottaa.<\/p>\n<p class=\"article-content article-content-width !bg-background\">Joel ei kuitenkaan innostu asiasta, sill\u00e4 h\u00e4n sanoo ettei osaa pelata.<\/p>\n<p class=\"article-content article-content-width !bg-background\"> \u2013 S\u00e4hk\u00f6kuuttistriimi voisi ollakin, h\u00e4n visioi.<\/p>\n<p class=\"article-content article-content-width !bg-background\">Jimi n\u00e4kee ajatuksessa heti potentiaalia.<\/p>\n<p class=\"article-content article-content-width !bg-background\"> \u2013 Pist\u00e4t GoPron p\u00e4\u00e4h\u00e4n ja kuvaat Helsingin katukuvaa!<\/p>\n<p>                <img decoding=\"async\" src=\"https:\/\/www.europesays.com\/fi\/wp-content\/uploads\/2026\/07\/2195468.webp\" width=\"576\" height=\"322\" alt=\"B\u00e4ndi astelee j\u00e4lleen piakkoin studioon, ja uutta single\u00e4 pukkaa jo syksyll\u00e4.\" loading=\"lazy\" \/>            <\/p>\n<p>\n            B\u00e4ndi astelee j\u00e4lleen piakkoin studioon, ja uutta single\u00e4 pukkaa jo syksyll\u00e4.<br \/>\n            Jani Korpela\n        <\/p>\n<p>                <img decoding=\"async\" src=\"https:\/\/www.europesays.com\/fi\/wp-content\/uploads\/2026\/07\/2195466.webp\" width=\"576\" height=\"720\" alt=\"Joel on aiemmin puhunut paljon maailmanvalloituksesta ja jakanut kunnianhimoisia tavoitteitaan. Nykyisen yhtyeen kanssa h\u00e4n vaikuttaa tekev\u00e4n hommaa rakkaudesta lajiin. \u2013 Ainut numeraalinen tavoite on 100 000 kuukausittaista kuuntelijaa Spotifyssa. Se k\u00e4vi todella l\u00e4hell\u00e4 levyn julkaisun aikaan: silloin oli 97 000. Mutta ei t\u00e4ss\u00e4 kummempia tavoitteita ole. Olen vain onnellinen siit\u00e4, ett\u00e4 on b\u00e4ndi.\" loading=\"lazy\" \/>            <\/p>\n<p>\n            Joel on aiemmin puhunut paljon maailmanvalloituksesta ja jakanut kunnianhimoisia tavoitteitaan. Nykyisen yhtyeen kanssa h\u00e4n vaikuttaa tekev\u00e4n hommaa rakkaudesta lajiin. \u2013 Ainut numeraalinen tavoite on 100 000 kuukausittaista kuuntelijaa Spotifyssa. Se k\u00e4vi todella l\u00e4hell\u00e4 levyn julkaisun aikaan: silloin oli 97 000. Mutta ei t\u00e4ss\u00e4 kummempia tavoitteita ole. Olen vain onnellinen siit\u00e4, ett\u00e4 on b\u00e4ndi.<br \/>\n            Jani Korpela\n        <\/p>\n<p>Harhaluulot pois\u00a0\u2013 Hokka on b\u00e4ndi<\/p>\n<p class=\"article-content article-content-width !bg-background\">Hokka-yhtye aiheutti nimens\u00e4 puolesta monelle mielikuvan siit\u00e4, ett\u00e4 kyseess\u00e4 olisi Joelin sooloprojekti. Joel kuitenkin korostaa, ett\u00e4 kyseess\u00e4 on yhtye.<\/p>\n<p class=\"article-content article-content-width !bg-background\"> \u2013 Olen b\u00e4ndij\u00e4tk\u00e4. Totta kai lavalla on kivaa olla fronttina, mutta minulle on t\u00e4rke\u00e4\u00e4, ett\u00e4 ymp\u00e4rill\u00e4 on b\u00e4ndi. En halua olla yksin, h\u00e4n sanoo.<\/p>\n<p class=\"article-content article-content-width !bg-background\">H\u00e4n vertaakin Hokkaa nimens\u00e4 puolesta Bon Joviin ja Van Haleniin.<\/p>\n<p class=\"article-content article-content-width !bg-background\"> \u2013 Ne ovat sukunimib\u00e4ndej\u00e4. Hokka on niin outo sana, ett\u00e4 se toimii. Jos olisi joku Nieminen&#8230;\u00a0R\u00e4ikk\u00f6nen olisi kyll\u00e4 kova! h\u00e4n pohtii.<\/p>\n<p class=\"article-content article-content-width !bg-background\"> \u2013 Hokkanen olisi ihan hirve\u00e4, mutta kun siit\u00e4 otetaan se nen-p\u00e4\u00e4te pois&#8230; Ei mit\u00e4\u00e4n pahaa kellek\u00e4\u00e4n Hokkaselle, mutta rakas sukunimi toimii vain t\u00e4ss\u00e4 muodossa b\u00e4ndin nimen\u00e4.<\/p>\n<p>\n            Minulle on t\u00e4rke\u00e4\u00e4, ett\u00e4 ymp\u00e4rill\u00e4 on b\u00e4ndi. En halua olla yksin.\n            <\/p>\n<p class=\"article-content article-content-width !bg-background\">Toimittaja huomauttaa, ett\u00e4 toisaalta esimerkiksi J\u00e4rvinen voisi ironisesti hyvin toimia raskaampaa musiikkia soittavan b\u00e4ndin nimen\u00e4.\u00a0<\/p>\n<p class=\"article-content article-content-width !bg-background\"> \u2013 Kyll\u00e4! Siihen viel\u00e4 semmoinen kunnon metallib\u00e4ndin logo! Jimi alkaa visualisoida.\u00a0<\/p>\n<p class=\"article-content article-content-width !bg-background\"> \u2013 Joo, min\u00e4 olinkin ihan v\u00e4\u00e4r\u00e4ss\u00e4. \u00c4lk\u00e4\u00e4 kuunnelko minua, Joel huokaa.<\/p>\n<p>                <img decoding=\"async\" src=\"https:\/\/www.europesays.com\/fi\/wp-content\/uploads\/2026\/07\/2195474.webp\" width=\"576\" height=\"720\" alt=\"Hokka kiert\u00e4\u00e4 kes\u00e4ll\u00e4 festareita, ja syksyll\u00e4 yhtye vet\u00e4\u00e4 klubikiertueen Lost Societyn ja St. Auroran kanssa.\" loading=\"lazy\" \/>            <\/p>\n<p>\n            Hokka kiert\u00e4\u00e4 kes\u00e4ll\u00e4 festareita, ja syksyll\u00e4 yhtye vet\u00e4\u00e4 klubikiertueen Lost Societyn ja St. Auroran kanssa.<br \/>\n            Jani Korpela\n        <\/p>\n<p>        <a itemprop=\"url\" href=\"https:\/\/www.seiska.fi\/kotimaa\/st-auroran-rokkarit-ovat-oikeasti-nortteja-mieluummin-pelaamme-kuin-dokaamme\/1397025\" rel=\"nofollow noopener\" target=\"_blank\"><\/p>\n<p class=\"section-date\">\n        <strong class=\"article-section\" data-section=\"kotimaa\"><br \/>\n            kotimaa<br \/>\n        <\/strong><br \/>\n        6.7.2024 20:00\n    <\/p>\n<p>St. Auroran rokkarit ovat oikeasti n\u00f6rttej\u00e4: Mieluummin pelaamme kuin dokaamme!\n    <\/p>\n<p itemprop=\"description\" class=\"subtitle \">\n    St. Auroran Going to Heaven -kappale p\u00e4\u00e4si viime vuonna miljoonia myyneeseen Cyberpunk 2077 -videopeliin. \u2013 Se on ollut yksi isoimmista tunteista, mit\u00e4 olen kokenut.\n<\/p>\n<p>        <\/a><\/p>\n","protected":false},"excerpt":{"rendered":"Jani Korpela Hokka-yhtyeen Joel ja Jimi kertoivat Seiskalle Tuskassa, mik\u00e4 on v\u00e4hiten rock asia heiss\u00e4. , 32, keikkakes\u00e4&hellip;\n","protected":false},"author":2,"featured_media":290535,"comment_status":"","ping_status":"","sticky":false,"template":"","format":"standard","meta":{"footnotes":"","_share_on_mastodon":"0"},"categories":[136],"tags":[407,137,4812,33,31,30,32782,38495,38494,16703,408,212,47,1122,15003,32,13697,38276,194,109],"class_list":["post-290534","post","type-post","status-publish","format-standard","has-post-thumbnail","category-julkkikset","tag-celebrities","tag-entertainment","tag-festarit","tag-fi","tag-finland","tag-finnish","tag-hokka","tag-hokka-yhtye","tag-jimi-aslak","tag-joel-hokka","tag-julkkikset","tag-lifestyle","tag-musiikki","tag-rock","tag-sahkopotkulauta","tag-suomi","tag-tuska","tag-tuska-festivaali","tag-videopelit","tag-viihde"],"share_on_mastodon":{"url":"https:\/\/pubeurope.com\/@fi\/116845822075997104","error":""},"_links":{"self":[{"href":"https:\/\/www.europesays.com\/fi\/wp-json\/wp\/v2\/posts\/290534","targetHints":{"allow":["GET"]}}],"collection":[{"href":"https:\/\/www.europesays.com\/fi\/wp-json\/wp\/v2\/posts"}],"about":[{"href":"https:\/\/www.europesays.com\/fi\/wp-json\/wp\/v2\/types\/post"}],"author":[{"embeddable":true,"href":"https:\/\/www.europesays.com\/fi\/wp-json\/wp\/v2\/users\/2"}],"replies":[{"embeddable":true,"href":"https:\/\/www.europesays.com\/fi\/wp-json\/wp\/v2\/comments?post=290534"}],"version-history":[{"count":0,"href":"https:\/\/www.europesays.com\/fi\/wp-json\/wp\/v2\/posts\/290534\/revisions"}],"wp:featuredmedia":[{"embeddable":true,"href":"https:\/\/www.europesays.com\/fi\/wp-json\/wp\/v2\/media\/290535"}],"wp:attachment":[{"href":"https:\/\/www.europesays.com\/fi\/wp-json\/wp\/v2\/media?parent=290534"}],"wp:term":[{"taxonomy":"category","embeddable":true,"href":"https:\/\/www.europesays.com\/fi\/wp-json\/wp\/v2\/categories?post=290534"},{"taxonomy":"post_tag","embeddable":true,"href":"https:\/\/www.europesays.com\/fi\/wp-json\/wp\/v2\/tags?post=290534"}],"curies":[{"name":"wp","href":"https:\/\/api.w.org\/{rel}","templated":true}]}}