{"id":290657,"date":"2026-07-01T20:21:15","date_gmt":"2026-07-01T20:21:15","guid":{"rendered":"https:\/\/www.europesays.com\/fi\/290657\/"},"modified":"2026-07-01T20:21:15","modified_gmt":"2026-07-01T20:21:15","slug":"henna-virkkunen-kavi-rakentavan-keskustelun-applen-toimitusjohtajan-kanssa-uutisia-lyhyesti","status":"publish","type":"post","link":"https:\/\/www.europesays.com\/fi\/290657\/","title":{"rendered":"Henna Virkkunen k\u00e4vi \u201drakentavan keskustelun\u201d Applen toimitusjohtajan kanssa | Uutisia lyhyesti"},"content":{"rendered":"<p class=\"aw__sc-1qwuw0s-0 aw__sc-ngllmo-0 epAWpq fzYpjk yle__article__paragraph\">EU:n digikomissaari <strong class=\"aw__sc-ngllmo-2 gdRrun yle__article__strong\">Henna Virkkunen<\/strong> (kok.) k\u00e4vi \u201drakentavan\u201d keskustelun Applen toimitusjohtaja <strong class=\"aw__sc-ngllmo-2 gdRrun yle__article__strong\">Tim Cookin<\/strong> kanssa maanantaina pidetyss\u00e4 videopuhelussa, komission tiedottaja sanoo.<\/p>\n<p class=\"aw__sc-1qwuw0s-0 aw__sc-ngllmo-0 epAWpq fzYpjk yle__article__paragraph\">Tiedottajan mukaan Virkkunen ja Cook puhuivat \u201dyhteisen kiinnostuksen aiheista\u201d, joiden parissa ty\u00f6 jatkuu.<\/p>\n<p class=\"aw__sc-1qwuw0s-0 aw__sc-ngllmo-0 epAWpq fzYpjk yle__article__paragraph\">Apple on ilmoittanut, ett\u00e4 sen Siri AI ei ole aluksi saatavilla EU:ssa iPhoneissa tai iPadeissa. Yhti\u00f6 on syytt\u00e4nyt Euroopan komissiota siit\u00e4, ett\u00e4 se on kielt\u00e4ytynyt k\u00e4ym\u00e4st\u00e4 rakentavaa vuoropuhelua varmistaakseen yksityisyyden ja turvallisuuden Applen laitteissa.<\/p>\n<p class=\"aw__sc-1qwuw0s-0 aw__sc-ngllmo-0 epAWpq fzYpjk yle__article__paragraph\">Komissio on syytt\u00e4nyt Applea sanoen, ett\u00e4 yhti\u00f6 ei ole kyennyt kehitt\u00e4m\u00e4\u00e4n \u201dyhteentoimivuutta\u201d EU:n standardien t\u00e4ytt\u00e4miseksi.<\/p>\n","protected":false},"excerpt":{"rendered":"EU:n digikomissaari Henna Virkkunen (kok.) k\u00e4vi \u201drakentavan\u201d keskustelun Applen toimitusjohtaja Tim Cookin kanssa maanantaina pidetyss\u00e4 videopuhelussa, komission tiedottaja&hellip;\n","protected":false},"author":2,"featured_media":290658,"comment_status":"","ping_status":"","sticky":false,"template":"","format":"standard","meta":{"footnotes":"","_share_on_mastodon":"0"},"categories":[76],"tags":[1029,79,77,1617,33,31,30,20438,32,78,56],"class_list":["post-290657","post","type-post","status-publish","format-standard","has-post-thumbnail","category-talous","tag-apple","tag-business","tag-economy","tag-euroopan-unioni","tag-fi","tag-finland","tag-finnish","tag-henna-virkkunen","tag-suomi","tag-talous","tag-ulkomaat"],"share_on_mastodon":{"url":"https:\/\/pubeurope.com\/@fi\/116846584690948333","error":""},"_links":{"self":[{"href":"https:\/\/www.europesays.com\/fi\/wp-json\/wp\/v2\/posts\/290657","targetHints":{"allow":["GET"]}}],"collection":[{"href":"https:\/\/www.europesays.com\/fi\/wp-json\/wp\/v2\/posts"}],"about":[{"href":"https:\/\/www.europesays.com\/fi\/wp-json\/wp\/v2\/types\/post"}],"author":[{"embeddable":true,"href":"https:\/\/www.europesays.com\/fi\/wp-json\/wp\/v2\/users\/2"}],"replies":[{"embeddable":true,"href":"https:\/\/www.europesays.com\/fi\/wp-json\/wp\/v2\/comments?post=290657"}],"version-history":[{"count":0,"href":"https:\/\/www.europesays.com\/fi\/wp-json\/wp\/v2\/posts\/290657\/revisions"}],"wp:featuredmedia":[{"embeddable":true,"href":"https:\/\/www.europesays.com\/fi\/wp-json\/wp\/v2\/media\/290658"}],"wp:attachment":[{"href":"https:\/\/www.europesays.com\/fi\/wp-json\/wp\/v2\/media?parent=290657"}],"wp:term":[{"taxonomy":"category","embeddable":true,"href":"https:\/\/www.europesays.com\/fi\/wp-json\/wp\/v2\/categories?post=290657"},{"taxonomy":"post_tag","embeddable":true,"href":"https:\/\/www.europesays.com\/fi\/wp-json\/wp\/v2\/tags?post=290657"}],"curies":[{"name":"wp","href":"https:\/\/api.w.org\/{rel}","templated":true}]}}