{"id":290777,"date":"2026-07-01T23:53:13","date_gmt":"2026-07-01T23:53:13","guid":{"rendered":"https:\/\/www.europesays.com\/fi\/290777\/"},"modified":"2026-07-01T23:53:13","modified_gmt":"2026-07-01T23:53:13","slug":"suomalaisen-jarjeston-sekoilu-oli-liikaa-olympialegenda-eroaa","status":"publish","type":"post","link":"https:\/\/www.europesays.com\/fi\/290777\/","title":{"rendered":"Suomalaisen j\u00e4rjest\u00f6n sekoilu oli liikaa \u2013 Olympialegenda eroaa"},"content":{"rendered":"<p>Koko liiton hallitus p\u00e4\u00e4tti erota yli yhdeks\u00e4n tuntia kest\u00e4neen kokouksen j\u00e4lkeen.<\/p>\n<p><img decoding=\"async\" class=\"image image-show image-preview\" src=\"https:\/\/www.europesays.com\/fi\/wp-content\/uploads\/2026\/07\/6386bc5754822b9e6c02c44ddc60e6171a447573ce039daf34b605c78116df98.jpg\" alt=\"\"\/><img decoding=\"async\" class=\"image image-show\" src=\"https:\/\/www.europesays.com\/fi\/wp-content\/uploads\/2026\/07\/1782949993_407_6386bc5754822b9e6c02c44ddc60e6171a447573ce039daf34b605c78116df98.jpg\" alt=\"\"\/><\/p>\n<p>Kouluratsastajalegenda Kyra Kyrklund valittiin Suomen Hall of Fameen Urheilugaalassa 2023. tomi natri \/ aop<\/p>\n<p class=\"paragraph\">Suomen ratsastajainliiton hallitus eroaa <a href=\"https:\/\/www.iltalehti.fi\/muutlajit\/6d8b33fe-18e0-470f-a07e-319e9ce5745f\" rel=\"nofollow noopener\" target=\"_blank\">kev\u00e4\u00e4ll\u00e4 ilmi tulleen rahasotkun<\/a> takia, liitto tiedottaa.<\/p>\n<p class=\"paragraph\">Jo huhtikuussa toiminnanjohtaja <strong>Jukka Koivisto<\/strong> joutui irtisanoutumaan, koska h\u00e4nen virheens\u00e4 takia SRL:lta j\u00e4i saamatta valtion avustuksia yhteens\u00e4 yli 330 000 euroa.<\/p>\n<p class=\"paragraph\">SRL on puinut asiaa huhtikuusta l\u00e4htien. Hallituksen mahdollinen eroaminen nousi esiin tiistaina pidetyss\u00e4, yli yhdeks\u00e4n tuntia kest\u00e4neess\u00e4 kokouksessa. Kokousedustajat katsoivat, ett\u00e4 hallituksen olisi pit\u00e4nyt Koiviston ty\u00f6nantajana varmistaa, ett\u00e4 h\u00e4n hoitaa teht\u00e4v\u00e4ns\u00e4.<\/p>\n<p class=\"paragraph\">Kokouksen j\u00e4lkeen hallituksen j\u00e4senet p\u00e4\u00e4ttiv\u00e4t erota. Uusi hallitus valitaan elokuussa pidett\u00e4v\u00e4ss\u00e4 kokouksessa. Nykyinen hallitus jatkaa siihen saakka.<\/p>\n<p>Olympialegenda l\u00e4htee<\/p>\n<p class=\"paragraph\">My\u00f6s SRL:n kunniaj\u00e4sen, Suomen menestynein kouluratsastaja ja olympialegenda <a href=\"https:\/\/www.iltalehti.fi\/henkilot\/Kyra Kyrklund\" class=\"article-link-person-page\" rel=\"nofollow noopener\" target=\"_blank\">Kyra Kyrklund<\/a> p\u00e4\u00e4tti kohun takia irtisanoutua omasta teht\u00e4v\u00e4st\u00e4\u00e4n liitossa.<\/p>\n<p class=\"paragraph\">Kyrklund piti SRL:n tiedotteen mukaan kokouksessa oman puheenvuoron, jossa h\u00e4n esitti huolensa SRL:n maineesta. H\u00e4n puhui luottamuksen merkityksest\u00e4 ja toivoi, ett\u00e4 SRL:n asioita k\u00e4sitelt\u00e4isiin lajissa sis\u00e4isesti, ei lehdist\u00f6n kautta.<\/p>\n<p class=\"paragraph\">Kyrklund ilmoitti kokouksen j\u00e4lkeen, ett\u00e4 h\u00e4n eroaa teht\u00e4v\u00e4st\u00e4\u00e4n SRL:n Hevosen hyvinvointi -ty\u00f6ryhm\u00e4ss\u00e4.<\/p>\n<p class=\"paragraph\">\u2013 Olen aina ollut sit\u00e4 mielt\u00e4, ett\u00e4 Suomi on liian pieni maa riitoja ajatellen, ja ainoa tapa, ett\u00e4 me p\u00e4rj\u00e4\u00e4mme, on se, ett\u00e4 kaikki urheilussa mukana olevat tekev\u00e4t yhteisty\u00f6t\u00e4. H\u00e4kellyin kokouksessa siit\u00e4, kuinka negatiivista ja aggressiivista keskustelu oli, Kyrklund sanoi tiedotteen mukaan.<\/p>\n<p>T\u00e4st\u00e4 on kyse<\/p>\n<p class=\"paragraph\">Ratsastajainliitolle tuli kev\u00e4\u00e4ll\u00e4 ilmi, ettei toiminnanjohtaja ollut vienyt loppuun tukihakemuksia maa- ja mets\u00e4talousministeri\u00f6lle vuosina 2023 ja 2024. H\u00e4n ei ollut ilmoittanut asiasta kenellek\u00e4\u00e4n, ja asia paljastui vasta t\u00e4n\u00e4 kev\u00e4\u00e4n\u00e4 tilinp\u00e4\u00e4t\u00f6ksen ja -tarkastuksen yhteydess\u00e4.<\/p>\n<p class=\"paragraph\">Virheest\u00e4 ei ollut SRL:n mukaan taloudellista hy\u00f6ty\u00e4 kenellek\u00e4\u00e4n. Virheell\u00e4 ei ole vaikutusta vuoden 2025 tulokseen.<\/p>\n<p class=\"paragraph\">SRL pestasi erillisen ty\u00f6ryhm\u00e4n selvitt\u00e4m\u00e4\u00e4n, miksi valtionavustukset j\u00e4iv\u00e4t hakematta ja miten asiaa ei huomattu. Ty\u00f6ryhm\u00e4 esitti toimenpide-ehdotuksia toiminnan muuttamiseksi ja valvonnan parantamiseksi.<\/p>\n<p class=\"paragraph\">Aiemmin hallituksesta erosi <strong>Emilia V\u00e4t\u00f6<\/strong>, jonka tilalle valittiin tiistain kokouksessa <strong>Niklas N\u00e4rhinen<\/strong>. H\u00e4n jatkaa hallituksen j\u00e4senen\u00e4 vuoden 2028 loppuun asti.<\/p>\n","protected":false},"excerpt":{"rendered":"Koko liiton hallitus p\u00e4\u00e4tti erota yli yhdeks\u00e4n tuntia kest\u00e4neen kokouksen j\u00e4lkeen. Kouluratsastajalegenda Kyra Kyrklund valittiin Suomen Hall of&hellip;\n","protected":false},"author":2,"featured_media":290778,"comment_status":"","ping_status":"","sticky":false,"template":"","format":"standard","meta":{"footnotes":"","_share_on_mastodon":"0"},"categories":[5],"tags":[35,22,23,7262,26,27,33,31,30,17,7263,24,25,41,28,29,15,18,21,7265,32,19,20,860,16],"class_list":["post-290777","post","type-post","status-publish","format-standard","has-post-thumbnail","category-otsikot","tag-24h","tag-breaking-news","tag-breakingnews","tag-elainurheilu","tag-featured-news","tag-featurednews","tag-fi","tag-finland","tag-finnish","tag-headlines","tag-hevosurheilu","tag-latest-news","tag-latestnews","tag-liikunta-ja-urheilu","tag-main-news","tag-mainnews","tag-news","tag-otsikot","tag-paauutiset","tag-ravit","tag-suomi","tag-top-stories","tag-topstories","tag-tyoelama","tag-uutiset"],"share_on_mastodon":{"url":"https:\/\/pubeurope.com\/@fi\/116847418251528877","error":""},"_links":{"self":[{"href":"https:\/\/www.europesays.com\/fi\/wp-json\/wp\/v2\/posts\/290777","targetHints":{"allow":["GET"]}}],"collection":[{"href":"https:\/\/www.europesays.com\/fi\/wp-json\/wp\/v2\/posts"}],"about":[{"href":"https:\/\/www.europesays.com\/fi\/wp-json\/wp\/v2\/types\/post"}],"author":[{"embeddable":true,"href":"https:\/\/www.europesays.com\/fi\/wp-json\/wp\/v2\/users\/2"}],"replies":[{"embeddable":true,"href":"https:\/\/www.europesays.com\/fi\/wp-json\/wp\/v2\/comments?post=290777"}],"version-history":[{"count":0,"href":"https:\/\/www.europesays.com\/fi\/wp-json\/wp\/v2\/posts\/290777\/revisions"}],"wp:featuredmedia":[{"embeddable":true,"href":"https:\/\/www.europesays.com\/fi\/wp-json\/wp\/v2\/media\/290778"}],"wp:attachment":[{"href":"https:\/\/www.europesays.com\/fi\/wp-json\/wp\/v2\/media?parent=290777"}],"wp:term":[{"taxonomy":"category","embeddable":true,"href":"https:\/\/www.europesays.com\/fi\/wp-json\/wp\/v2\/categories?post=290777"},{"taxonomy":"post_tag","embeddable":true,"href":"https:\/\/www.europesays.com\/fi\/wp-json\/wp\/v2\/tags?post=290777"}],"curies":[{"name":"wp","href":"https:\/\/api.w.org\/{rel}","templated":true}]}}