{"id":290853,"date":"2026-07-02T01:57:19","date_gmt":"2026-07-02T01:57:19","guid":{"rendered":"https:\/\/www.europesays.com\/fi\/290853\/"},"modified":"2026-07-02T01:57:19","modified_gmt":"2026-07-02T01:57:19","slug":"arja-saijonmaa-pelasti-allsang-pa-skansenin-katsojien-reaktiot-ja-kritiikki","status":"publish","type":"post","link":"https:\/\/www.europesays.com\/fi\/290853\/","title":{"rendered":"Arja Saijonmaa pelasti Alls\u00e5ng p\u00e5 Skansenin \u2013 katsojien reaktiot ja kritiikki"},"content":{"rendered":"<p>\n            Juontaja Pernilla Wahlgren her\u00e4tt\u00e4\u00e4 ruotsalaiskatsojissa ihastusta ja vihastusta,<br \/>\n            Daniel Ivarsson\/Yle\n        <\/p>\n<p class=\"subtitle \">Yhteislauluohjelma ei vakuuttanut monia katsojia t\u00e4ll\u00e4k\u00e4\u00e4n viikolla.<\/p>\n<p class=\"article-content article-content-width !bg-background\">Iloinen ruotsalainen yhteislauluohjelma Alls\u00e5ng p\u00e5 Skansen aloitti kautensa viime viikolla jaksolla, jonka monet ruotsalaiset katsojat julistivat kaikkien aikojen huonoimmaksi. V\u00e4\u00e4ri\u00e4 olivat niin esiintyj\u00e4t, kaksimieliset vitsit kuin juontaja .<\/p>\n<p class=\"font-weight-bold m-font-weight-bold article-content article-content-width !bg-background\">Video: Lauri Tilkasen kes\u00e4muistot.<\/p>\n<p class=\"article-content article-content-width !bg-background\">Kauden toinen jakso esitettiin tiistaina 30.6. Ruotsalaiset iltap\u00e4iv\u00e4lehdet\u00a0<a href=\"https:\/\/www.aftonbladet.se\/nojesbladet\/a\/gkplRB\/allsang-pa-skansen-avsnitt-tva-chatta-om-programmet\" target=\"_blank\" rel=\"nofollow noopener\">Aftonbladet<\/a>\u00a0ja\u00a0<a href=\"https:\/\/www.expressen.se\/noje\/tv-och-streaming\/premiar-for-allsang-pa-skansen-chatta-med-expressen\/\" target=\"_blank\" rel=\"nofollow noopener\">Expressen<\/a>\u00a0seurasivat t\u00e4ll\u00e4kin kertaa yhteislaulujen l\u00e4hetyst\u00e4 omissa chateissaan yhdess\u00e4 katsojien kanssa.<\/p>\n<p class=\"article-content article-content-width !bg-background\">Iso osa kommentoijista ei ollut t\u00e4ll\u00e4k\u00e4\u00e4n kertaa vaikuttunut n\u00e4kem\u00e4st\u00e4\u00e4n. Monet arvioivat n\u00e4kem\u00e4ns\u00e4 perusteella, ett\u00e4 paikan p\u00e4\u00e4ll\u00e4 Skansenilla oli nyt huomattavasti v\u00e4hemm\u00e4n yleis\u00f6\u00e4 kuin aiemmin.<\/p>\n<p class=\"article-content article-content-width !bg-background\">Esiintyjin\u00e4 n\u00e4htiin muun muassa ,  &amp; , Infinite Mass,  ja Brandsta City Sl\u00e4ckers.<\/p>\n<p>        <a itemprop=\"url\" href=\"https:\/\/www.seiska.fi\/katso\/taystyrmays-allsang-pa-skansenille-huonoin-jakso-ikina\/2189836\" rel=\"nofollow noopener\" target=\"_blank\"><\/p>\n<p>\nT\u00e4ystyrm\u00e4ys Alls\u00e5ng p\u00e5 Skansenille:\n<\/p>\n<p class=\"section-date\">\n        <strong class=\"article-section\" data-section=\"katso\"><br \/>\n            katso<br \/>\n        <\/strong><br \/>\n        24.6. 16:15\n    <\/p>\n<p>T\u00e4ystyrm\u00e4ys Alls\u00e5ng p\u00e5 Skansenille: \u201cHuonoin jakso ikin\u00e4!\u201d\n    <\/p>\n<p itemprop=\"description\" class=\"subtitle \">\n    Ruotsalaisen yhteislauluohjelman juontaja ja h\u00e4rskit vitsit nostivat arvostelumyrskyn.\n<\/p>\n<p>        <\/a><\/p>\n<p>Pelastava Arja<\/p>\n<p class=\"article-content article-content-width !bg-background\">Tilanne kuitenkin kirkastui katsojien parissa, kun lavalle saatiin\u00a0\u00a0yhdess\u00e4\u00a0,\u00a0,\u00a0\u00a0ja\u00a0\u00a0kanssa.\u00a0<\/p>\n<p class=\"article-content article-content-width !bg-background\">Joukkio esitti humoristisen laulun kannustuksena 60-vuotissyntym\u00e4p\u00e4ivi\u00e4\u00e4n l\u00e4hestyv\u00e4lle Pernillalle.<\/p>\n<p class=\"article-content article-content-width !bg-background\">\u2013\u00a0Arja pelastaa kaiken, er\u00e4s katsoja iloitsee Aftonbladetissa.<\/p>\n<p class=\"article-content article-content-width !bg-background\">My\u00f6s Expresseniss\u00e4 Arja ja muut \u201dvanhat rouvat\u201d saavat kommentoijilta kehuja.<\/p>\n<p class=\"article-content article-content-width !bg-background\">\u2013\u00a0Rakastan vanhoja rouvia! Minustakin tulee sellainen!<\/p>\n<p class=\"article-content article-content-width !bg-background\">\u2013\u00a0Wow, t\u00e4st\u00e4 ei voi en\u00e4\u00e4 parantaa. Vanhimmat likat ovat parhaita.<\/p>\n<p class=\"article-content article-content-width !bg-background\"><a href=\"https:\/\/www.instagram.com\/p\/DaOApv-DFIh\/?utm_source=ig_web_copy_link&amp;igsh=MzRlODBiNWFlZA==\" target=\"_blank\" rel=\"nofollow noopener\">Pernilla on julkaissut Instagramissa kuvia ja videoita tiistain l\u00e4hetyksen harjoituksista<\/a>:<\/p>\n<p class=\"article-content article-content-width !bg-background\">Muuten kauden toinen jakso saa ruotsalaiskatsojilta taas enimm\u00e4kseen haukkuja.<\/p>\n<p class=\"article-content article-content-width !bg-background\">\u2013\u00a0Jos katsotte illan l\u00e4hetyst\u00e4 j\u00e4lkik\u00e4teen, niin kelatkaa ensimm\u00e4iset 45 minuuttia yli. Oli todella huono, taas\u2026<\/p>\n<p class=\"article-content article-content-width !bg-background\">\u2013\u00a0Edellist\u00e4 ohjelmaa sanottiin kaikkien aikojen huonoimmaksi, eik\u00e4 t\u00e4n\u00e4\u00e4n ollut yht\u00e4\u00e4n parempi. Tylsi\u00e4 n\u00e4m\u00e4 kaikki B-luokan artistit. Lopettakaa koko ohjelma tai muuttakaa sit\u00e4. Hyvi\u00e4 artisteja on pakko olla, kirjoittaa er\u00e4s katsoja Aftonbladetissa ja on varma siit\u00e4, ettei Pernill\u00e4 jatka juontajana en\u00e4\u00e4 t\u00e4m\u00e4n kauden j\u00e4lkeen.<\/p>\n<p class=\"italic m-italic article-content article-content-width !bg-background\">Alls\u00e5ng p\u00e5 Skansen suorana l\u00e4hetyksen\u00e4 TV1:ss\u00e4 ja Yle Areenassa tiistaisin kello 21.00.<\/p>\n<p>        <a itemprop=\"url\" href=\"https:\/\/www.seiska.fi\/katso\/kaarija-esiintyy-ruotsin-tvssa-harski-ulostulo\/2188416\" rel=\"nofollow noopener\" target=\"_blank\"><\/p>\n<p>\nK\u00e4\u00e4rij\u00e4 esiintyy Ruotsin tv:ss\u00e4\n<\/p>\n<p class=\"section-date\">\n        <strong class=\"article-section\" data-section=\"katso\"><br \/>\n            katso<br \/>\n        <\/strong><br \/>\n        23.6. 15:15\n    <\/p>\n<p>K\u00e4\u00e4rij\u00e4 esiintyy Ruotsin tv:ss\u00e4 \u2013 h\u00e4rski ulostulo\n    <\/p>\n<p itemprop=\"description\" class=\"subtitle \">\n    Suomalainen kapuaa suosikkiohjelman lavalle jumputusmusiikin legendan kanssa.\n<\/p>\n<p>        <\/a><\/p>\n<p><script async src=\"\/\/www.instagram.com\/embed.js\"><\/script><\/p>\n","protected":false},"excerpt":{"rendered":"Juontaja Pernilla Wahlgren her\u00e4tt\u00e4\u00e4 ruotsalaiskatsojissa ihastusta ja vihastusta, Daniel Ivarsson\/Yle Yhteislauluohjelma ei vakuuttanut monia katsojia t\u00e4ll\u00e4k\u00e4\u00e4n viikolla. Iloinen&hellip;\n","protected":false},"author":2,"featured_media":290854,"comment_status":"","ping_status":"","sticky":false,"template":"","format":"standard","meta":{"footnotes":"","_share_on_mastodon":"0"},"categories":[130],"tags":[205,2633,137,33,31,30,9010,110,32,109,38516],"class_list":["post-290853","post","type-post","status-publish","format-standard","has-post-thumbnail","category-viihde","tag-allsang-pa-skansen","tag-arja-saijonmaa","tag-entertainment","tag-fi","tag-finland","tag-finnish","tag-pernilla-wahlgren","tag-ruotsi","tag-suomi","tag-viihde","tag-yhteislauluohjelma"],"share_on_mastodon":{"url":"https:\/\/pubeurope.com\/@fi\/116847905662869641","error":""},"_links":{"self":[{"href":"https:\/\/www.europesays.com\/fi\/wp-json\/wp\/v2\/posts\/290853","targetHints":{"allow":["GET"]}}],"collection":[{"href":"https:\/\/www.europesays.com\/fi\/wp-json\/wp\/v2\/posts"}],"about":[{"href":"https:\/\/www.europesays.com\/fi\/wp-json\/wp\/v2\/types\/post"}],"author":[{"embeddable":true,"href":"https:\/\/www.europesays.com\/fi\/wp-json\/wp\/v2\/users\/2"}],"replies":[{"embeddable":true,"href":"https:\/\/www.europesays.com\/fi\/wp-json\/wp\/v2\/comments?post=290853"}],"version-history":[{"count":0,"href":"https:\/\/www.europesays.com\/fi\/wp-json\/wp\/v2\/posts\/290853\/revisions"}],"wp:featuredmedia":[{"embeddable":true,"href":"https:\/\/www.europesays.com\/fi\/wp-json\/wp\/v2\/media\/290854"}],"wp:attachment":[{"href":"https:\/\/www.europesays.com\/fi\/wp-json\/wp\/v2\/media?parent=290853"}],"wp:term":[{"taxonomy":"category","embeddable":true,"href":"https:\/\/www.europesays.com\/fi\/wp-json\/wp\/v2\/categories?post=290853"},{"taxonomy":"post_tag","embeddable":true,"href":"https:\/\/www.europesays.com\/fi\/wp-json\/wp\/v2\/tags?post=290853"}],"curies":[{"name":"wp","href":"https:\/\/api.w.org\/{rel}","templated":true}]}}