{"id":290904,"date":"2026-07-02T03:10:12","date_gmt":"2026-07-02T03:10:12","guid":{"rendered":"https:\/\/www.europesays.com\/fi\/290904\/"},"modified":"2026-07-02T03:10:12","modified_gmt":"2026-07-02T03:10:12","slug":"latelan-lauri-ja-sarkku-yllattivat-kaupassa-asiakkaat-hammentyivat-tv-kuvauksista","status":"publish","type":"post","link":"https:\/\/www.europesays.com\/fi\/290904\/","title":{"rendered":"Latelan Lauri ja Sarkku yll\u00e4ttiv\u00e4t kaupassa &#8211; asiakkaat h\u00e4mmentyiv\u00e4t tv-kuvauksista"},"content":{"rendered":"<p>\n            20250304, Helsinki. Latelan Laurin hurja remontti pressi. Kuvassa Lauri Huttunen ja Sari-Anna Lepp\u00e4nen.<br \/>\n            Timo Korhonen\n        <\/p>\n<p class=\"subtitle \">Lauri ja Sari-Anna Huttusen kauppareissu aiheutti n\u00e4r\u00e4\u00e4 muiden asiakkaiden keskuudessa.<\/p>\n<p class=\"article-content article-content-width !bg-background\">Muun muassa tv-ohjelmista\u00a0Latela ja Latelan Laurin hurja remontti\u00a0tuttu pariskunta  ja \u00a0on tuttu n\u00e4ky Nokialla.<\/p>\n<p class=\"article-content article-content-width !bg-background\">Torstaina (25.6.) paikallisessa ruokakaupassa asioineet saivat kuitenkin hieraista silmi\u00e4\u00e4n todenteolla, sill\u00e4 paikalla kuvattiin mit\u00e4 ilmeisimmin Huttusten t\u00e4hditt\u00e4m\u00e4\u00e4 tv-sarjaa \u2013 eik\u00e4 siin\u00e4 mit\u00e4\u00e4n.<\/p>\n<p class=\"article-content article-content-width !bg-background\">Mutta.<\/p>\n<p class=\"article-content article-content-width !bg-background\">\u2013 Paikalla ei ollut kylttej\u00e4 eik\u00e4 mit\u00e4\u00e4n, Seiskalle hiiskutaan.<\/p>\n<p class=\"article-content article-content-width !bg-background\">\u2013 Itse olisin ainakin halunnut tiet\u00e4\u00e4 etuk\u00e4teen, ett\u00e4 kaupassa voi joutua kameraan.<\/p>\n<p class=\"article-content article-content-width !bg-background\">Riski joutua televisio-ohjelmaan laittautumatta ja ilman ennakkovaroitusta her\u00e4tti lukijassamme harmitusta.<\/p>\n<p class=\"article-content article-content-width !bg-background\"> \u2013 Mielell\u00e4\u00e4n olisi tietysti kammannut tukkaansa ja meikannut ja katsonut jotain parempaa p\u00e4\u00e4lle, kun tv-kuvaukset menossa. <\/p>\n<p>        <a itemprop=\"url\" href=\"https:\/\/www.seiska.fi\/katso\/lauri-huttunen-erikoinen-valikohtaus-espanjassa\/2132794\" rel=\"nofollow noopener\" target=\"_blank\"><\/p>\n<p>\nLauri Huttunen:\n<\/p>\n<p class=\"section-date\">\n        <strong class=\"article-section\" data-section=\"katso\"><br \/>\n            katso<br \/>\n        <\/strong><br \/>\n        22.4. 05:15\n    <\/p>\n<p>Lauri Huttunen: Erikoinen v\u00e4likohtaus Espanjassa\n    <\/p>\n<p itemprop=\"description\" class=\"subtitle \">\n    Latelan Lauri Huttunen kokee uhkaavan tilanteen keramiikkakurssilla.\n<\/p>\n<p>        <\/a><\/p>\n<p>Sarkku hoiti homman<\/p>\n<p class=\"article-content article-content-width !bg-background\">Lukijamme mukaan kamera seurasi julkkispariskunnan tavallista kauppareissua. Vaikutti silt\u00e4, ett\u00e4 Sarkku oli vahvasti homman puikoissa.<\/p>\n<p class=\"article-content article-content-width !bg-background\"> \u2013 Sarkku ker\u00e4si ne ostokset ja Lauri pakkaili. Sarkku my\u00f6s maksoi, Seiskalle kerrotaan.<\/p>\n<p>        <a itemprop=\"url\" href=\"https:\/\/www.seiska.fi\/kotimaa\/il-sarkku-huttunen-joutui-kohun-keskelle\/2123893\" rel=\"nofollow noopener\" target=\"_blank\"><\/p>\n<p>\nIL:\n<\/p>\n<p class=\"section-date\">\n        <strong class=\"article-section\" data-section=\"kotimaa\"><br \/>\n            kotimaa<br \/>\n        <\/strong><br \/>\n        9.4. 10:27\n    <\/p>\n<p>IL: Sarkku Huttunen joutui kohun keskelle\n    <\/p>\n<p itemprop=\"description\" class=\"subtitle \">\n    After ski -bileiss\u00e4 tapahtunut v\u00e4likohtaus puhuttaa. Bar Ihkun liiketoimintajohtaja Sarkku Huttunen ottaa kantaa dj:n k\u00e4yt\u00f6kseen.\n<\/p>\n<p>        <\/a><\/p>\n<p>                <img decoding=\"async\" src=\"https:\/\/www.europesays.com\/fi\/wp-content\/uploads\/2026\/07\/2191562.webp\" width=\"576\" height=\"639\" title=\"Sarkku ja Lauri hoitivat kauppahommat rivakasti. Kuvan ulkopuolella on kameramies kuvaamassa pariskunnan touhuja.\" alt=\"Sarkku ja Lauri Huttunen tekev\u00e4t ostoksia marketissa\" loading=\"lazy\" \/>            <\/p>\n<p>\n            Sarkku ja Lauri hoitivat kauppahommat rivakasti. Kuvan ulkopuolella on kameramies kuvaamassa pariskunnan touhuja.<br \/>\n            Lukijan kuva \/ Seiska\n        <\/p>\n<p class=\"article-content article-content-width !bg-background\">Lukijamme mukaan Sarkun ty\u00f6tausta johtoportaassa n\u00e4kyi tekemisess\u00e4.<\/p>\n<p class=\"article-content article-content-width !bg-background\"> \u2013 Hoiti kyll\u00e4 tehokkaasti.<\/p>\n<p>Her\u00e4ttiv\u00e4t huomiota<\/p>\n<p class=\"article-content article-content-width !bg-background\">H\u00e4meenkyr\u00f6ss\u00e4 asuva pariskunta on tuttu n\u00e4ky noin 40 kilometrin p\u00e4\u00e4ss\u00e4 sijaitsevalla Nokialla. Tunnettuus aiheutti sen, ettei kauppareissu kameroineen j\u00e4\u00e4nyt nokialaisilta huomaamatta.<\/p>\n<p>                <img decoding=\"async\" src=\"https:\/\/www.europesays.com\/fi\/wp-content\/uploads\/2026\/07\/2121078.webp\" width=\"576\" height=\"720\" alt=\"Lauri Huttunen eli Latelan Lauri antoi kameroiden seurata arkiaskareitaan. Kuva vuodelta 2025.\" loading=\"lazy\" \/>            <\/p>\n<p>\n            Lauri Huttunen eli Latelan Lauri antoi kameroiden seurata arkiaskareitaan. Kuva vuodelta 2025.<br \/>\n            Timo Korhonen\n        <\/p>\n<p class=\"article-content article-content-width !bg-background\"> \u2013 Kyll\u00e4 kaikki tunnistivat ja p\u00e4\u00e4t k\u00e4\u00e4ntyiv\u00e4t. Osa j\u00e4i oikein tarkkailemaan, mit\u00e4 tapahtuu, Seiskalle kuiskitaan marketin k\u00e4yt\u00e4vilt\u00e4.<\/p>\n<p class=\"article-content article-content-width !bg-background\">Kun kuvaukset saatiin purkkiin, alkoi muiden asiakkaiden keskuudessa supina. Poreilua aiheutti erityisesti se, ettei paikalla olevilta asiakkailta pyydetty kuvauslupaa.<\/p>\n<p class=\"article-content article-content-width !bg-background\"> \u2013 Ett\u00e4 p\u00e4\u00e4dymmek\u00f6 me nyt siihen filmiin vai emme?<\/p>\n<p>        <a itemprop=\"url\" href=\"https:\/\/www.seiska.fi\/kotimaa\/latelan-laurin-auto-ilmestyi-yllattaen-myyntiin\/2121064\" rel=\"nofollow noopener\" target=\"_blank\"><\/p>\n<p>\nLatelan Lauri\n<\/p>\n<p class=\"section-date\">\n        <strong class=\"article-section\" data-section=\"kotimaa\"><br \/>\n            kotimaa<br \/>\n        <\/strong><br \/>\n        6.4. 11:30\n    <\/p>\n<p>Latelan Laurin auto ilmestyi yll\u00e4tt\u00e4en myyntiin\n    <\/p>\n<p itemprop=\"description\" class=\"subtitle \">\n    Ford-merkkinen auto on tv:st\u00e4 tuttu.\n<\/p>\n<p>        <\/a><\/p>\n","protected":false},"excerpt":{"rendered":"20250304, Helsinki. Latelan Laurin hurja remontti pressi. Kuvassa Lauri Huttunen ja Sari-Anna Lepp\u00e4nen. Timo Korhonen Lauri ja Sari-Anna&hellip;\n","protected":false},"author":2,"featured_media":290905,"comment_status":"","ping_status":"","sticky":false,"template":"","format":"standard","meta":{"footnotes":"","_share_on_mastodon":"0"},"categories":[133],"tags":[137,33,31,30,4866,5267,1566,6238,32,8101,206,156,109],"class_list":["post-290904","post","type-post","status-publish","format-standard","has-post-thumbnail","category-televisiot","tag-entertainment","tag-fi","tag-finland","tag-finnish","tag-kuvaukset","tag-lauri-huttunen","tag-nokia","tag-sari-anna-huttunen","tag-suomi","tag-televisio-ohjelma","tag-televisiot","tag-tv","tag-viihde"],"share_on_mastodon":{"url":"https:\/\/pubeurope.com\/@fi\/116848193083142381","error":""},"_links":{"self":[{"href":"https:\/\/www.europesays.com\/fi\/wp-json\/wp\/v2\/posts\/290904","targetHints":{"allow":["GET"]}}],"collection":[{"href":"https:\/\/www.europesays.com\/fi\/wp-json\/wp\/v2\/posts"}],"about":[{"href":"https:\/\/www.europesays.com\/fi\/wp-json\/wp\/v2\/types\/post"}],"author":[{"embeddable":true,"href":"https:\/\/www.europesays.com\/fi\/wp-json\/wp\/v2\/users\/2"}],"replies":[{"embeddable":true,"href":"https:\/\/www.europesays.com\/fi\/wp-json\/wp\/v2\/comments?post=290904"}],"version-history":[{"count":0,"href":"https:\/\/www.europesays.com\/fi\/wp-json\/wp\/v2\/posts\/290904\/revisions"}],"wp:featuredmedia":[{"embeddable":true,"href":"https:\/\/www.europesays.com\/fi\/wp-json\/wp\/v2\/media\/290905"}],"wp:attachment":[{"href":"https:\/\/www.europesays.com\/fi\/wp-json\/wp\/v2\/media?parent=290904"}],"wp:term":[{"taxonomy":"category","embeddable":true,"href":"https:\/\/www.europesays.com\/fi\/wp-json\/wp\/v2\/categories?post=290904"},{"taxonomy":"post_tag","embeddable":true,"href":"https:\/\/www.europesays.com\/fi\/wp-json\/wp\/v2\/tags?post=290904"}],"curies":[{"name":"wp","href":"https:\/\/api.w.org\/{rel}","templated":true}]}}