{"id":291180,"date":"2026-07-02T09:24:13","date_gmt":"2026-07-02T09:24:13","guid":{"rendered":"https:\/\/www.europesays.com\/fi\/291180\/"},"modified":"2026-07-02T09:24:13","modified_gmt":"2026-07-02T09:24:13","slug":"tyoelamagallup-yha-useampi-ajattelee-etta-lakkoja-ei-ole-liikaa","status":"publish","type":"post","link":"https:\/\/www.europesays.com\/fi\/291180\/","title":{"rendered":"Ty\u00f6el\u00e4m\u00e4gallup: Yh\u00e4 useampi ajattelee, ett\u00e4 lakkoja ei ole liikaa"},"content":{"rendered":"<p class=\"gb-ingress__content\">\n\t\t\t\tTulosten mukaan ty\u00f6markkinat ovat rauhoittuneet uuden lains\u00e4\u00e4d\u00e4nn\u00f6n my\u00f6t\u00e4.\t\t\t<\/p>\n<p>Suomen Yritt\u00e4jien ty\u00f6el\u00e4m\u00e4gallupin mukaan ty\u00f6el\u00e4m\u00e4ss\u00e4 olevista noin kolmannes (31 prosenttia) on sit\u00e4 mielt\u00e4, ett\u00e4 Suomessa on liikaa lakkoja. Eri mielt\u00e4 on 56 prosenttia ja 13 prosenttia ei osaa arvioida asiaa. Lakkojen m\u00e4\u00e4r\u00e4\u00e4 liiallisena pit\u00e4vien osuus on laskenut viime kes\u00e4n 38 prosentista 31 prosenttiin.<\/p>\n<p>\u2013\u00a0Tuloksissa n\u00e4kyy, ett\u00e4 ty\u00f6markkinat ovat\u00a0uuden lains\u00e4\u00e4d\u00e4nn\u00f6n ansiosta\u00a0rauhoittuneet ja\u00a0yh\u00e4\u00a0useampi ajattelee, ett\u00e4 lakkoja ei ole liikaa.\u00a0Tilanne on t\u00e4lt\u00e4 osin tervehtynyt. Esimerkiksi kev\u00e4\u00e4n\u00a02024\u00a0mittavia poliittisia lakkoja moni\u00a0ty\u00f6el\u00e4m\u00e4ss\u00e4\u00a0piti\u00a0ylimitoitettuina, Suomen Yritt\u00e4jien toimitusjohtaja\u00a0<strong>Mikael Pentik\u00e4inen<\/strong>\u00a0sanoo.\u00a0<\/p>\n<p>Vuoden 2024 toukokuussa astui voimaan laki, joka paransi ty\u00f6rauhaa osana hallituksen ty\u00f6markkinauudistuksia. Ty\u00f6rauhan rikkomisesta aiheutuvia suhteettomia my\u00f6t\u00e4tuntotaisteluja rajoitettiin ja poliittisille ty\u00f6taisteluille s\u00e4\u00e4dettiin enimm\u00e4iskesto.<\/p>\n<p>\u2013\u00a0Poliittisia ty\u00f6taisteluita ei lains\u00e4\u00e4d\u00e4nt\u00f6uudistuksen j\u00e4lkeen ole k\u00e4yt\u00e4nn\u00f6ss\u00e4 ollut\u00a0ja my\u00f6s viimeisin ty\u00f6ehtosopimuskierros sujui viennin avauksen j\u00e4lkeen rauhallisesti ilman kohtuuttomia tukity\u00f6taisteluita.\u00a0T\u00e4lt\u00e4 osin lains\u00e4\u00e4d\u00e4nt\u00f6\u00a0toimii\u00a0juuri niin kuin\u00a0kuten tarkoitus oli, johtaja\u00a0<strong>Atte Rytk\u00f6nen-Sandberg<\/strong>\u00a0Yritt\u00e4jist\u00e4 sanoo.<\/p>\n<p>Lakot voivat pys\u00e4ytt\u00e4\u00e4 yritysten arjen ja aiheuttaa merkitt\u00e4vi\u00e4 kustannuksia. Rytk\u00f6nen-Sandbergin mukaan on siksi t\u00e4rke\u00e4\u00e4, ett\u00e4 ty\u00f6rauhalains\u00e4\u00e4d\u00e4nt\u00f6 on tasapainossa ja turvaa yritysten toimintakyvyn\u00a0ja ennakoitavuuden.\u00a0<\/p>\n<p>\t\t\tN\u00e4in kysyttiin\t\t<\/p>\n<p>Kyselyn toteutti\u202fVerian\u202fSuomen Yritt\u00e4jien toimeksiannosta 8.\u201318.5.2026. Vastaajina oli 1\u202f098 ty\u00f6el\u00e4m\u00e4ss\u00e4 mukana olevaa henkil\u00f6\u00e4 (palkansaajat, yritt\u00e4j\u00e4t, ty\u00f6tt\u00f6m\u00e4t).<\/p>\n<p>Vastaajat olivat 18\u201369-vuotiaita suomalaisia. Aineisto edustaa ty\u00f6el\u00e4m\u00e4ss\u00e4 mukana olevia suomalaisia. Tulosten luottamusv\u00e4li kokonaistuloksen osalta on 3,0 prosenttiyksikk\u00f6\u00e4 50 prosentin tulostasolla. Tutustu tuloksiin\u202f<a href=\"https:\/\/www.yrittajat.fi\/app\/uploads\/public\/2026\/05\/Tyoelamagallup-toukokuu-lakot.pdf\" rel=\"nofollow noopener\" target=\"_blank\">t\u00e4st\u00e4<\/a>.<\/p>\n<p>Julkisella sektorilla suopeampi suhtautuminen\u00a0<\/p>\n<p>Lakkojen m\u00e4\u00e4r\u00e4\u00e4 pitiv\u00e4t liiallisena etenkin miehet, yritt\u00e4j\u00e4t sek\u00e4 johtavassa asemassa olevat ja ylemm\u00e4t toimihenkil\u00f6t.\u00a0My\u00f6nteisimmin lakkoihin suhtaudutaan julkisella sektorilla.<\/p>\n<p>Hyvinvointialueilla ty\u00f6skentelevist\u00e4 71 prosenttia ei pid\u00e4 lakkojen m\u00e4\u00e4r\u00e4\u00e4 liian suurena. Valtiolla vastaava osuus on 60 prosenttia ja kunnissa tai kuntien yhti\u00f6iss\u00e4 59 prosenttia.\u00a0<\/p>\n<p>\u2013\u00a0Moni\u00a0julkisella sektorilla\u00a0ehk\u00e4 arvioi, ett\u00e4 lakot eiv\u00e4t kaada\u00a0kuntia, hyvinvointialueita tai kuntia, vaikka aiheuttavat ongelmia\u00a0kansalaisille, mutta yrityksen ne voivat\u00a0pahimmillaan\u00a0kaataa\u00a0ja tuhota ty\u00f6paikkoja, Yritt\u00e4jien Pentik\u00e4inen arvioi.<\/p>\n<p>Noin kolmannes (32 prosenttia)\u00a0ty\u00f6el\u00e4m\u00e4ss\u00e4 olevista\u00a0kannattaa eduskunnan p\u00e4\u00e4t\u00f6st\u00e4 poliittisten lakkojen rajoittamisesta ja 47 prosenttia vastustaa. Vastustus on suurinta ammattiliittoon kuuluvien, ty\u00f6tt\u00f6mien sek\u00e4 ty\u00f6ntekij\u00e4asemassa olevien keskuudessa.\u00a0<\/p>\n<p>\t\t\t\t\t\tVinkkaa meille juttuaihe!<\/p>\n<p>                            Vinkkaa meille juttuaihe!<\/p>\n","protected":false},"excerpt":{"rendered":"Tulosten mukaan ty\u00f6markkinat ovat rauhoittuneet uuden lains\u00e4\u00e4d\u00e4nn\u00f6n my\u00f6t\u00e4. Suomen Yritt\u00e4jien ty\u00f6el\u00e4m\u00e4gallupin mukaan ty\u00f6el\u00e4m\u00e4ss\u00e4 olevista noin kolmannes (31 prosenttia)&hellip;\n","protected":false},"author":2,"featured_media":291181,"comment_status":"","ping_status":"","sticky":false,"template":"","format":"standard","meta":{"footnotes":"","_share_on_mastodon":"0"},"categories":[76],"tags":[79,77,33,31,30,5362,13958,32,78],"class_list":["post-291180","post","type-post","status-publish","format-standard","has-post-thumbnail","category-talous","tag-business","tag-economy","tag-fi","tag-finland","tag-finnish","tag-gallup","tag-lakimuutos","tag-suomi","tag-talous"],"share_on_mastodon":{"url":"https:\/\/pubeurope.com\/@fi\/116849663527352605","error":""},"_links":{"self":[{"href":"https:\/\/www.europesays.com\/fi\/wp-json\/wp\/v2\/posts\/291180","targetHints":{"allow":["GET"]}}],"collection":[{"href":"https:\/\/www.europesays.com\/fi\/wp-json\/wp\/v2\/posts"}],"about":[{"href":"https:\/\/www.europesays.com\/fi\/wp-json\/wp\/v2\/types\/post"}],"author":[{"embeddable":true,"href":"https:\/\/www.europesays.com\/fi\/wp-json\/wp\/v2\/users\/2"}],"replies":[{"embeddable":true,"href":"https:\/\/www.europesays.com\/fi\/wp-json\/wp\/v2\/comments?post=291180"}],"version-history":[{"count":0,"href":"https:\/\/www.europesays.com\/fi\/wp-json\/wp\/v2\/posts\/291180\/revisions"}],"wp:featuredmedia":[{"embeddable":true,"href":"https:\/\/www.europesays.com\/fi\/wp-json\/wp\/v2\/media\/291181"}],"wp:attachment":[{"href":"https:\/\/www.europesays.com\/fi\/wp-json\/wp\/v2\/media?parent=291180"}],"wp:term":[{"taxonomy":"category","embeddable":true,"href":"https:\/\/www.europesays.com\/fi\/wp-json\/wp\/v2\/categories?post=291180"},{"taxonomy":"post_tag","embeddable":true,"href":"https:\/\/www.europesays.com\/fi\/wp-json\/wp\/v2\/tags?post=291180"}],"curies":[{"name":"wp","href":"https:\/\/api.w.org\/{rel}","templated":true}]}}