{"id":291274,"date":"2026-07-02T11:27:10","date_gmt":"2026-07-02T11:27:10","guid":{"rendered":"https:\/\/www.europesays.com\/fi\/291274\/"},"modified":"2026-07-02T11:27:10","modified_gmt":"2026-07-02T11:27:10","slug":"miksi-matti-puro-ei-ole-mukana-tanssii-tahtien-kanssa-kaudella-2026-nain-han-vastaa","status":"publish","type":"post","link":"https:\/\/www.europesays.com\/fi\/291274\/","title":{"rendered":"Miksi Matti Puro ei ole mukana Tanssii t\u00e4htien kanssa -kaudella 2026? \u2013 n\u00e4in h\u00e4n vastaa"},"content":{"rendered":"<p>\n            Matti Puro<br \/>\n            Timo Korhonen\n        <\/p>\n<p class=\"subtitle \">Matti Puro avautuu Katsolle tilanteestaan.<\/p>\n<p class=\"article-content article-content-width !bg-background\">Tiistaina 30.6. MTV tiedotti, ketk\u00e4 t\u00e4htiopettajista jatkavat mukana uudella Tanssii t\u00e4htien kanssa -ohjelman kaudella. Mukana on niin tuttuja kuin uusiakin kasvoja.<\/p>\n<p class=\"font-weight-bold m-font-weight-bold article-content article-content-width !bg-background\">Video-arkisto: T\u00e4t\u00e4 et tiennyt TTK:n kulisseista.\u00a0<\/p>\n<p class=\"article-content article-content-width !bg-background\">Monien harmiksi pitk\u00e4\u00e4n ohjelmassa mukana ollut tanssinopettaja  ei ole kuitenkaan mukana. Moni h\u00e4nen faneistaan onkin ollut ymmyrk\u00e4isen\u00e4 siit\u00e4, mihin Matti on kadonnut.<\/p>\n<p class=\"article-content article-content-width !bg-background\">Nyt rakastettu tanssinopettaja kertoo Katsolle syyn poissaololleen.<\/p>\n<p>        <a itemprop=\"url\" href=\"https:\/\/www.seiska.fi\/katso\/mihin-katosi-ttk-suosikki-matti-puro\/2195345\" rel=\"nofollow noopener\" target=\"_blank\"><\/p>\n<p>\nTTK:\n<\/p>\n<p class=\"section-date\">\n        <strong class=\"article-section\" data-section=\"katso\"><br \/>\n            katso<br \/>\n        <\/strong><br \/>\n        1.7. 11:15\n    <\/p>\n<p>Mihin katosi TTK-suosikki Matti Puro?\n    <\/p>\n<p itemprop=\"description\" class=\"subtitle \">\n    Tanssinopettaja Matti Puro loistaa poissaolollaan uudella TTK-kaudella.\n<\/p>\n<p>        <\/a><\/p>\n<p>Lopullinen l\u00e4ht\u00f6?<\/p>\n<p class=\"article-content article-content-width !bg-background\">Matti ei kerro kysytt\u00e4ess\u00e4 suoraan, oliko p\u00e4\u00e4t\u00f6s poisl\u00e4hd\u00f6st\u00e4 h\u00e4nen vai tuotannon. H\u00e4n kertoo, kuinka uusi kausi rakennetaan.<\/p>\n<p class=\"article-content article-content-width !bg-background\">H\u00e4n vahvistaa my\u00f6s sen, ett\u00e4 on pois kokonaan t\u00e4m\u00e4n kauden TTK:sta.\u00a0<\/p>\n<p class=\"article-content article-content-width !bg-background\"> \u2013 Jokainen kausi on uniikki niin opettajien kuin kilpailijoidenkin osalta. Mukana oloon vaikuttaa siis my\u00f6s se, millaisia t\u00e4htioppilaita on kaudella mukana ja miten kokonaisuus rakentuu, Matti viestitt\u00e4\u00e4 Katsolle.<\/p>\n<p class=\"article-content article-content-width !bg-background\">Matin ty\u00f6llist\u00e4\u00e4 t\u00e4ll\u00e4 hetkell\u00e4 h\u00e4nen oma tanssikoulunsa Rytmivarasto sek\u00e4 Suomen Komediateatterin Huumorivekkulit vauhdissa -revyy Peacock-teatterissa, jossa h\u00e4n toimii koreografina.<\/p>\n<p>                <img decoding=\"async\" src=\"https:\/\/www.europesays.com\/fi\/wp-content\/uploads\/2026\/07\/1946875.webp\" width=\"576\" height=\"274\" alt=\"Viime kaudella Matti Puron tanssiparina n\u00e4htiin Mikko Silvennoinen.\" loading=\"lazy\" \/>            <\/p>\n<p>\n            Viime kaudella Matti Puron tanssiparina n\u00e4htiin Mikko Silvennoinen.<br \/>\n            Timo Korhonen\n        <\/p>\n<p class=\"article-content article-content-width !bg-background\">Matti ei ole suinkaan j\u00e4tt\u00e4nyt j\u00e4\u00e4hyv\u00e4isi\u00e4 TTK:lle, vaan voisi kuvitella olevansa my\u00f6s tulevaisuudessa mukana formaatissa. Matilla on j\u00e4\u00e4nyt ohjelmasta k\u00e4teen kasa hienoja muistoja. Eritoten livet ja niiden tuomat j\u00e4nnitykset tuovat mausteensa ty\u00f6h\u00f6n.<\/p>\n<p class=\"article-content article-content-width !bg-background\"> \u2013 Olen mielell\u00e4ni mukana tulevilla kausilla. TTK on \u00e4\u00e4rimm\u00e4isen hieno, viihdytt\u00e4v\u00e4 ja positiivinen ohjelma, jota on ollut aina ilo tehd\u00e4.<\/p>\n<p class=\"article-content article-content-width !bg-background\">Tulevalla kaudella uutena kasvona parketilla tullaan n\u00e4kem\u00e4\u00e4n\u00a0<a href=\"https:\/\/www.seiska.fi\/haku?q=Katri%20Riihim%C3%A4ki\" style=\"font-size:1.125rem\" rel=\"nofollow noopener\" target=\"_blank\">Katri Riihim\u00e4ki<\/a>, palaajana parketille saapuu\u00a0<a href=\"https:\/\/www.seiska.fi\/haku?q=Claudia%20Ketonen\" style=\"font-size:1.125rem\" rel=\"nofollow noopener\" target=\"_blank\">Claudia Ketonen<\/a>.<\/p>\n<p class=\"article-content article-content-width !bg-background\">Heid\u00e4n lis\u00e4kseen mukana ovat\u00a0<a href=\"https:\/\/www.seiska.fi\/haku?q=Anssi%20Heikkil%C3%A4\" rel=\"nofollow noopener\" target=\"_blank\">Anssi Heikkil\u00e4<\/a>,\u00a0<a href=\"https:\/\/www.seiska.fi\/haku?q=Sami%20Helenius\" rel=\"nofollow noopener\" target=\"_blank\">Sami Helenius<\/a>,\u00a0<a href=\"https:\/\/www.seiska.fi\/haku?q=Marko%20Ker%C3%A4nen\" rel=\"nofollow noopener\" target=\"_blank\">Marko Ker\u00e4nen<\/a>,\u00a0<a href=\"https:\/\/www.seiska.fi\/haku?q=Kia%20Lehmuskoski\" rel=\"nofollow noopener\" target=\"_blank\">Kia Lehmuskoski<\/a>,\u00a0<a href=\"https:\/\/www.seiska.fi\/haku?q=Valtteri%20Palin\" rel=\"nofollow noopener\" target=\"_blank\">Valtteri Palin<\/a>,\u00a0<a href=\"https:\/\/www.seiska.fi\/haku?q=Kastanja%20Rauhala\" rel=\"nofollow noopener\" target=\"_blank\">Kastanja Rauhala<\/a>,\u00a0<a href=\"https:\/\/www.seiska.fi\/haku?q=Katri%20Riihilahti\" rel=\"nofollow noopener\" target=\"_blank\">Katri Riihilahti<\/a>,\u00a0<a href=\"https:\/\/www.seiska.fi\/haku?q=Liisa%20Set%C3%A4l%C3%A4\" rel=\"nofollow noopener\" target=\"_blank\">Liisa Set\u00e4l\u00e4<\/a>\u00a0ja\u00a0<a href=\"https:\/\/www.seiska.fi\/haku?q=Jurijs%20Trosenko\" rel=\"nofollow noopener\" target=\"_blank\">Jurijs Trosenko<\/a>.<\/p>\n<p class=\"italic m-italic article-content article-content-width !bg-background\">Tanssii t\u00e4htien kanssa 30.8. alkaen MTV3-kanavalla ja MTV Katsomossa.\u00a0<\/p>\n<p>        <a itemprop=\"url\" href=\"https:\/\/www.seiska.fi\/katso\/ttkssa-yllatysuutinen-mukana-uusi-lemmenpari\/2195141\" rel=\"nofollow noopener\" target=\"_blank\"><\/p>\n<p>\nTTK:ssa yll\u00e4tysuutinen:\n<\/p>\n<p class=\"section-date\">\n        <strong class=\"article-section\" data-section=\"katso\"><br \/>\n            katso<br \/>\n        <\/strong><br \/>\n        1.7. 09:15\n    <\/p>\n<p>TTK:ssa yll\u00e4tysuutinen: Mukana uusi lemmenpari\n    <\/p>\n<p itemprop=\"description\" class=\"subtitle \">\n    Lempi roihahtelee TTK:ssa.\n<\/p>\n<p>        <\/a><\/p>\n","protected":false},"excerpt":{"rendered":"Matti Puro Timo Korhonen Matti Puro avautuu Katsolle tilanteestaan. Tiistaina 30.6. MTV tiedotti, ketk\u00e4 t\u00e4htiopettajista jatkavat mukana uudella&hellip;\n","protected":false},"author":2,"featured_media":291275,"comment_status":"","ping_status":"","sticky":false,"template":"","format":"standard","meta":{"footnotes":"","_share_on_mastodon":"0"},"categories":[133],"tags":[137,33,31,30,38475,20392,908,2376,32,1355,903,17261,38554,206,156,109],"class_list":["post-291274","post","type-post","status-publish","format-standard","has-post-thumbnail","category-televisiot","tag-entertainment","tag-fi","tag-finland","tag-finnish","tag-katri-riihimaki","tag-lahtopassit","tag-matti-puro","tag-mtv","tag-suomi","tag-tanssi","tag-tanssii-tahtien-kanssa","tag-tanssiminen","tag-tanssiopettaja","tag-televisiot","tag-tv","tag-viihde"],"share_on_mastodon":{"url":"https:\/\/pubeurope.com\/@fi\/116850147493888077","error":""},"_links":{"self":[{"href":"https:\/\/www.europesays.com\/fi\/wp-json\/wp\/v2\/posts\/291274","targetHints":{"allow":["GET"]}}],"collection":[{"href":"https:\/\/www.europesays.com\/fi\/wp-json\/wp\/v2\/posts"}],"about":[{"href":"https:\/\/www.europesays.com\/fi\/wp-json\/wp\/v2\/types\/post"}],"author":[{"embeddable":true,"href":"https:\/\/www.europesays.com\/fi\/wp-json\/wp\/v2\/users\/2"}],"replies":[{"embeddable":true,"href":"https:\/\/www.europesays.com\/fi\/wp-json\/wp\/v2\/comments?post=291274"}],"version-history":[{"count":0,"href":"https:\/\/www.europesays.com\/fi\/wp-json\/wp\/v2\/posts\/291274\/revisions"}],"wp:featuredmedia":[{"embeddable":true,"href":"https:\/\/www.europesays.com\/fi\/wp-json\/wp\/v2\/media\/291275"}],"wp:attachment":[{"href":"https:\/\/www.europesays.com\/fi\/wp-json\/wp\/v2\/media?parent=291274"}],"wp:term":[{"taxonomy":"category","embeddable":true,"href":"https:\/\/www.europesays.com\/fi\/wp-json\/wp\/v2\/categories?post=291274"},{"taxonomy":"post_tag","embeddable":true,"href":"https:\/\/www.europesays.com\/fi\/wp-json\/wp\/v2\/tags?post=291274"}],"curies":[{"name":"wp","href":"https:\/\/api.w.org\/{rel}","templated":true}]}}