{"id":291304,"date":"2026-07-02T11:59:14","date_gmt":"2026-07-02T11:59:14","guid":{"rendered":"https:\/\/www.europesays.com\/fi\/291304\/"},"modified":"2026-07-02T11:59:14","modified_gmt":"2026-07-02T11:59:14","slug":"neljaan-kansallispuistoon-tulee-maksullinen-pysakointi-kotimaa","status":"publish","type":"post","link":"https:\/\/www.europesays.com\/fi\/291304\/","title":{"rendered":"Nelj\u00e4\u00e4n kansallis\u00adpuistoon tulee maksullinen pys\u00e4k\u00f6inti | Kotimaa"},"content":{"rendered":"<p class=\"aw__sc-1qwuw0s-0 aw__sc-1vg2sqm-0 epAWpq ecELkD yle__article__paragraph\">Kolille, Urho Kekkosen kansallis\u00adpuistoon, Sipoonkorpeen, Riisitunturille sek\u00e4 Korouoman suojelu\u00adalueelle tulee jatkossa maksullisia pys\u00e4k\u00f6inti\u00adalueita.<\/p>\n<p><img decoding=\"async\" alt=\"Sanna Jouppila, Henna T\u00f6lkk\u00f6 ja Tiina Hietikko ottavat valokuvaa Kolin ruskaisissa maisemissa.\" src=\"https:\/\/www.europesays.com\/fi\/wp-content\/uploads\/2026\/07\/1728221172.jpeg\" class=\"aw__sc-dklauk-0 LPzKX\"\/><\/p>\n<p>Avaa kuvien katselu<\/p>\n<p>Porvoolaiset Sanna Jouppila, Henna T\u00f6lkk\u00f6 ja Tiina Hietikko ottavat valokuvaa Kolin ruskaisissa maisemissa Vaarojen maratonilla. Kuva: Heikki Haapalainen \/ Yle<\/p>\n<p>12:45\u2022P\u00e4ivitetty 13:31<\/p>\n<ul class=\"aw__sc-1yb43iq-0 gFXHv yle__article__list yle__article__list--ul\">\n<li class=\"aw__sc-1yb43iq-1 gVAzbt\">Mets\u00e4hallitus aloittaa loppukes\u00e4ll\u00e4 maksullisen pys\u00e4k\u00f6innin viidess\u00e4 suositussa retkikohteessa, kuten Kolilla ja Sipoonkorvessa.<\/li>\n<li class=\"aw__sc-1yb43iq-1 gVAzbt\">Pys\u00e4k\u00f6inti maksaa euron tunnilta tai enint\u00e4\u00e4n viisi euroa vuorokaudessa. Ensimm\u00e4inen puoli tuntia on ilmainen.<\/li>\n<li class=\"aw__sc-1yb43iq-1 gVAzbt\">Maksuilla katetaan alueiden yll\u00e4pitokustannuksia. Kokeilu kest\u00e4\u00e4 kev\u00e4\u00e4seen 2027.<\/li>\n<li class=\"aw__sc-1yb43iq-1 gVAzbt\">Retkikohteiden reitit ja muut palvelut pysyv\u00e4t maksuttomina.<\/li>\n<\/ul>\n<p class=\"aw__sc-1qwuw0s-0 aw__sc-ngllmo-0 epAWpq fzYpjk yle__article__paragraph\">Mets\u00e4hallitus aloittaa loppukes\u00e4n aikana maksullisen pys\u00e4k\u00f6innin nelj\u00e4ss\u00e4 kansallispuistossa ja yhdell\u00e4 muulla alueellaan.<\/p>\n<p class=\"aw__sc-1qwuw0s-0 aw__sc-ngllmo-0 epAWpq fzYpjk yle__article__paragraph\">Sipoonkorven kansallispuistossa p\u00e4\u00e4kaupunkiseudulla, Kolin kansallispuistossa Pohjois-Karjalassa, Riisitunturin kansallispuistossa, Kiilop\u00e4\u00e4ll\u00e4 Urho Kekkosen kansallispuistossa ja Korouoman suojelualueella Lapissa tulee pys\u00e4k\u00f6innille maksut.<\/p>\n<p class=\"aw__sc-1qwuw0s-0 aw__sc-ngllmo-0 epAWpq fzYpjk yle__article__paragraph\">Pys\u00e4k\u00f6intimaksuista saadut tulot menev\u00e4t retkikohteiden yll\u00e4pitoon. Tavoitteena on kattaa pys\u00e4k\u00f6intialueiden, teiden ja retkeilyrakenteiden yll\u00e4pitoon liittyvi\u00e4 kustannuksia.<\/p>\n<p class=\"aw__sc-1qwuw0s-0 aw__sc-ngllmo-0 epAWpq fzYpjk yle__article__paragraph\">Maksullisuus alkaa loppukes\u00e4ll\u00e4 ja kokeilu kest\u00e4\u00e4 vuoden 2027 kev\u00e4\u00e4seen.<\/p>\n<p class=\"aw__sc-1qwuw0s-0 aw__sc-ngllmo-0 epAWpq fzYpjk yle__article__paragraph\">Pys\u00e4k\u00f6inti maksaa euron tunnilta tai enint\u00e4\u00e4n viisi euroa vuorokaudelta viidess\u00e4 kokeilussa mukana olevassa retkikohteessa. Pys\u00e4k\u00f6innin ensimm\u00e4inen 30 minuuttia on ilmainen. Pys\u00e4k\u00f6inti maksetaan mobiilisovelluksella.<\/p>\n<p class=\"aw__sc-1qwuw0s-0 aw__sc-ngllmo-0 epAWpq fzYpjk yle__article__paragraph\">Kolilla maksullisiksi tulevat niinsanotut yl\u00e4parkkipaikat, Urho Kekkosen kansallispuistossa Kiilop\u00e4\u00e4n parkkipaikka, Sipoonkorvessa Tasakallion parkit ja Kalkkiuunintie, Riisitunturilla alueen p\u00e4\u00e4paikoitusalue ja Korouoman alueella Saukkovaara.<\/p>\n<p class=\"aw__sc-1qwuw0s-0 aw__sc-ngllmo-0 epAWpq fzYpjk yle__article__paragraph\">Kansallispuistojen reitit, taukopaikat ja muut palvelut s\u00e4ilyv\u00e4t retkeilij\u00f6ille maksuttomina.<\/p>\n<p>Kolin huiput ovat Suomen kansallismaisema, jossa moni haluaa vierailla. <\/p>\n<p class=\"aw__sc-1qwuw0s-0 aw__sc-ngllmo-0 epAWpq fzYpjk yle__article__paragraph\">Asiakkuusjohtaja <strong class=\"aw__sc-ngllmo-2 gdRrun yle__article__strong\">Elias Haapakorva<\/strong> Mets\u00e4hallituksen Luontopalveluista toivoo tiedotteessa, ett\u00e4 paikoituksen maksullisuus kannustaisi ihmisi\u00e4 kimppakyyteihin ja julkisen liikenteen k\u00e4ytt\u00f6\u00f6n.<\/p>\n<p class=\"aw__sc-1qwuw0s-0 aw__sc-ngllmo-0 epAWpq fzYpjk yle__article__paragraph\">Euroopassa kansallispuistojen parkkipaikat ovat useassa maassa maksullisia, muistuttaa Mets\u00e4hallitus. Mets\u00e4hallituksen Luontopalvelut on valinnut maksullisen pys\u00e4k\u00f6innin kokeiluun sellaisia suosittuja retkikohteita, jotka ovat l\u00e4hell\u00e4 isoja kasvukeskuksia tai joissa pys\u00e4k\u00f6inti\u00e4 on paljon.<\/p>\n<p class=\"aw__sc-1qwuw0s-0 aw__sc-ngllmo-0 epAWpq fzYpjk yle__article__paragraph\">Pys\u00e4k\u00f6intialueisiin liittyv\u00e4t kulut ovat yksi osa retkikohteiden yll\u00e4pitokustannuksista. Esimerkiksi Sipoonkorven kansallispuistossa pys\u00e4k\u00f6intialueisiin ja teiden yll\u00e4pitoon liittyv\u00e4t kulut ovat noin 11 000 euroa vuodessa. Lis\u00e4ksi teiden ja pys\u00e4k\u00f6intialueiden perustamiseen liittyy kustannuksia.<\/p>\n<p>Pys\u00e4k\u00f6intialueet haukkaavat luontoa<\/p>\n<p class=\"aw__sc-1qwuw0s-0 aw__sc-ngllmo-0 epAWpq fzYpjk yle__article__paragraph\">Kolilla juoksutapahtuma Vaarojen maraton ja suosittu vierailukuukausi hein\u00e4kuu ovat <a class=\"aw__sc-ngllmo-1 bTDnwX yle__article__link\" href=\"https:\/\/yle.fi\/a\/3-11442260\" role=\"link\" rel=\"nofollow noopener\" target=\"_blank\">usein ruuhkauttaneet yl\u00e4osan<\/a> parkkialueet. Toisaalta kansallispuistoa ei ole haluttu uhrata parkkitilaksi laajentamalla alueita.<\/p>\n<p class=\"aw__sc-1qwuw0s-0 aw__sc-ngllmo-0 epAWpq fzYpjk yle__article__paragraph\">Kiilop\u00e4\u00e4 on suosittu vaellukselle l\u00e4ht\u00f6paikka ja siell\u00e4 autot ovat olleet parkissa pitki\u00e4 aikoja. Riisitunturille tehtiin puiston suosion kasvun j\u00e4lkeen jo mittava paikoitusalueen laajennus korkealle tunturiin.<\/p>\n","protected":false},"excerpt":{"rendered":"Kolille, Urho Kekkosen kansallis\u00adpuistoon, Sipoonkorpeen, Riisitunturille sek\u00e4 Korouoman suojelu\u00adalueelle tulee jatkossa maksullisia pys\u00e4k\u00f6inti\u00adalueita. Avaa kuvien katselu Porvoolaiset Sanna&hellip;\n","protected":false},"author":2,"featured_media":291305,"comment_status":"","ping_status":"","sticky":false,"template":"","format":"standard","meta":{"footnotes":"","_share_on_mastodon":"0"},"categories":[112],"tags":[33,31,30,10185,18747,18566,71,667,1255,72,1137,6295,38558,118,25305,32,119,24569],"class_list":["post-291304","post","type-post","status-publish","format-standard","has-post-thumbnail","category-tiede","tag-fi","tag-finland","tag-finnish","tag-inari","tag-kolin-kansallispuisto","tag-korouoma","tag-kotimaa","tag-lappi","tag-lieksa","tag-luonto","tag-pohjois-karjala","tag-posio","tag-riisitunturi","tag-science","tag-sipoonkorven-kansallispuisto","tag-suomi","tag-tiede","tag-urho-kekkosen-kansallispuisto"],"share_on_mastodon":{"url":"https:\/\/pubeurope.com\/@fi\/116850273108459533","error":""},"_links":{"self":[{"href":"https:\/\/www.europesays.com\/fi\/wp-json\/wp\/v2\/posts\/291304","targetHints":{"allow":["GET"]}}],"collection":[{"href":"https:\/\/www.europesays.com\/fi\/wp-json\/wp\/v2\/posts"}],"about":[{"href":"https:\/\/www.europesays.com\/fi\/wp-json\/wp\/v2\/types\/post"}],"author":[{"embeddable":true,"href":"https:\/\/www.europesays.com\/fi\/wp-json\/wp\/v2\/users\/2"}],"replies":[{"embeddable":true,"href":"https:\/\/www.europesays.com\/fi\/wp-json\/wp\/v2\/comments?post=291304"}],"version-history":[{"count":0,"href":"https:\/\/www.europesays.com\/fi\/wp-json\/wp\/v2\/posts\/291304\/revisions"}],"wp:featuredmedia":[{"embeddable":true,"href":"https:\/\/www.europesays.com\/fi\/wp-json\/wp\/v2\/media\/291305"}],"wp:attachment":[{"href":"https:\/\/www.europesays.com\/fi\/wp-json\/wp\/v2\/media?parent=291304"}],"wp:term":[{"taxonomy":"category","embeddable":true,"href":"https:\/\/www.europesays.com\/fi\/wp-json\/wp\/v2\/categories?post=291304"},{"taxonomy":"post_tag","embeddable":true,"href":"https:\/\/www.europesays.com\/fi\/wp-json\/wp\/v2\/tags?post=291304"}],"curies":[{"name":"wp","href":"https:\/\/api.w.org\/{rel}","templated":true}]}}