{"id":291342,"date":"2026-07-02T12:55:11","date_gmt":"2026-07-02T12:55:11","guid":{"rendered":"https:\/\/www.europesays.com\/fi\/291342\/"},"modified":"2026-07-02T12:55:11","modified_gmt":"2026-07-02T12:55:11","slug":"venajan-tukholman-suurlahetystoon-pudotettiin-taas-punaista-maalia-uutisia-lyhyesti","status":"publish","type":"post","link":"https:\/\/www.europesays.com\/fi\/291342\/","title":{"rendered":"Ven\u00e4j\u00e4n Tukholman-suurl\u00e4hetyst\u00f6\u00f6n pudotettiin taas punaista maalia | Uutisia lyhyesti"},"content":{"rendered":"<p class=\"aw__sc-1qwuw0s-0 aw__sc-1vg2sqm-0 epAWpq ecELkD yle__article__paragraph\">Tukholman poliisi kertoo tutkivansa ilkivaltaa suurl\u00e4hetyst\u00f6ss\u00e4, mutta ei voinut vahvistaa, mink\u00e4 maan edustustosta oli kyse.<\/p>\n<p class=\"aw__sc-1qwuw0s-0 aw__sc-ngllmo-0 epAWpq fzYpjk yle__article__paragraph\">Ven\u00e4j\u00e4n Tukholman-suurl\u00e4hetyst\u00f6 sanoo joutuneensa maalihy\u00f6kk\u00e4yksen kohteeksi.<\/p>\n<p class=\"aw__sc-1qwuw0s-0 aw__sc-ngllmo-0 epAWpq fzYpjk yle__article__paragraph\">Suurl\u00e4hetyst\u00f6n Facebook-sivun julkaisun mukaan kaksi droonia lensi suurl\u00e4hetyst\u00f6n alueelle. Toisen kerrotaan pudottaneen punaista maalia sis\u00e4lt\u00e4v\u00e4n s\u00e4ili\u00f6n suurl\u00e4hetyst\u00f6n ulkopuolelle, kun taas toinen putosi maahan l\u00e4hell\u00e4 suurl\u00e4hetyst\u00f6n rakennusta.<\/p>\n<p class=\"aw__sc-1qwuw0s-0 aw__sc-ngllmo-0 epAWpq fzYpjk yle__article__paragraph\">Tukholman poliisi kertoo tutkivansa ilkivaltaa suurl\u00e4hetyst\u00f6ss\u00e4, mutta ei voinut vahvistaa, mink\u00e4 maan edustustosta oli kyse.<\/p>\n<p class=\"aw__sc-1qwuw0s-0 aw__sc-ngllmo-0 epAWpq fzYpjk yle__article__paragraph\">\u2013 Tutkinta on salassapidett\u00e4v\u00e4, Tukholman poliisin tiedottaja <strong class=\"aw__sc-ngllmo-2 gdRrun yle__article__strong\">Daniel Wikdahl<\/strong> sanoi uutistoimisto AFP:lle.<\/p>\n<p class=\"aw__sc-1qwuw0s-0 aw__sc-ngllmo-0 epAWpq fzYpjk yle__article__paragraph\">Suurl\u00e4hetyst\u00f6 kuvailee tapahtumaa yrityksen\u00e4 pelotella heid\u00e4n henkil\u00f6kuntaansa ja esitt\u00e4\u00e4 samalla kritiikki\u00e4 Ruotsin viranomaisia kohtaan. Suurl\u00e4hetyst\u00f6n mukaan vastaavia tapahtumia on sattunut useaan otteeseen.<\/p>\n<p class=\"aw__sc-1qwuw0s-0 aw__sc-ngllmo-0 epAWpq fzYpjk yle__article__paragraph\">Wikdahlin mukaan Ruotsin poliisi on hiljattain perustanut uuden yksik\u00f6n tutkimaan suurl\u00e4hetyst\u00f6jen ilkivaltaa. Tapaukset ovat h\u00e4nen mukaansa yleistyneet ja ovat monimutkaisia.<\/p>\n<p class=\"aw__sc-1qwuw0s-0 aw__sc-ngllmo-0 epAWpq fzYpjk yle__article__paragraph\">Ruotsin median mukaan droonit ovat pudottaneet punaista maalia Ven\u00e4j\u00e4n suurl\u00e4hetyst\u00f6n p\u00e4\u00e4lle my\u00f6s syyskuussa 2025 ja <a class=\"aw__sc-ngllmo-1 bTDnwX yle__article__link\" href=\"https:\/\/yle.fi\/a\/74-20128071\" role=\"link\" rel=\"nofollow noopener\" target=\"_blank\">marraskuussa 2024<\/a> sek\u00e4 Ven\u00e4j\u00e4n kauppaedustuston p\u00e4\u00e4lle hein\u00e4kuussa 2025.<\/p>\n<p class=\"aw__sc-1qwuw0s-0 aw__sc-ngllmo-0 epAWpq fzYpjk yle__article__paragraph\">Viime vuoden tammikuussa 45-vuotias mies pid\u00e4tettiin sen j\u00e4lkeen, kun h\u00e4n ajoi autollaan suurl\u00e4hetyst\u00f6n metalliaidan l\u00e4pi.<\/p>\n<p class=\"aw__sc-1qwuw0s-0 aw__sc-ngllmo-0 epAWpq fzYpjk yle__article__paragraph\">L\u00e4hde: AFP<\/p>\n","protected":false},"excerpt":{"rendered":"Tukholman poliisi kertoo tutkivansa ilkivaltaa suurl\u00e4hetyst\u00f6ss\u00e4, mutta ei voinut vahvistaa, mink\u00e4 maan edustustosta oli kyse. Ven\u00e4j\u00e4n Tukholman-suurl\u00e4hetyst\u00f6 sanoo&hellip;\n","protected":false},"author":2,"featured_media":291288,"comment_status":"","ping_status":"","sticky":false,"template":"","format":"standard","meta":{"footnotes":"","_share_on_mastodon":"0"},"categories":[14],"tags":[22,23,26,27,33,31,30,17,70,24,25,28,29,15,18,21,110,32,19,20,2693,56,16,547,59,60,61],"class_list":["post-291342","post","type-post","status-publish","format-standard","has-post-thumbnail","category-ulkomaat","tag-breaking-news","tag-breakingnews","tag-featured-news","tag-featurednews","tag-fi","tag-finland","tag-finnish","tag-headlines","tag-kansainvalinen-politiikka","tag-latest-news","tag-latestnews","tag-main-news","tag-mainnews","tag-news","tag-otsikot","tag-paauutiset","tag-ruotsi","tag-suomi","tag-top-stories","tag-topstories","tag-tukholma","tag-ulkomaat","tag-uutiset","tag-venaja","tag-world","tag-world-news","tag-worldnews"],"share_on_mastodon":{"url":"https:\/\/pubeurope.com\/@fi\/116850493228324402","error":""},"_links":{"self":[{"href":"https:\/\/www.europesays.com\/fi\/wp-json\/wp\/v2\/posts\/291342","targetHints":{"allow":["GET"]}}],"collection":[{"href":"https:\/\/www.europesays.com\/fi\/wp-json\/wp\/v2\/posts"}],"about":[{"href":"https:\/\/www.europesays.com\/fi\/wp-json\/wp\/v2\/types\/post"}],"author":[{"embeddable":true,"href":"https:\/\/www.europesays.com\/fi\/wp-json\/wp\/v2\/users\/2"}],"replies":[{"embeddable":true,"href":"https:\/\/www.europesays.com\/fi\/wp-json\/wp\/v2\/comments?post=291342"}],"version-history":[{"count":0,"href":"https:\/\/www.europesays.com\/fi\/wp-json\/wp\/v2\/posts\/291342\/revisions"}],"wp:featuredmedia":[{"embeddable":true,"href":"https:\/\/www.europesays.com\/fi\/wp-json\/wp\/v2\/media\/291288"}],"wp:attachment":[{"href":"https:\/\/www.europesays.com\/fi\/wp-json\/wp\/v2\/media?parent=291342"}],"wp:term":[{"taxonomy":"category","embeddable":true,"href":"https:\/\/www.europesays.com\/fi\/wp-json\/wp\/v2\/categories?post=291342"},{"taxonomy":"post_tag","embeddable":true,"href":"https:\/\/www.europesays.com\/fi\/wp-json\/wp\/v2\/tags?post=291342"}],"curies":[{"name":"wp","href":"https:\/\/api.w.org\/{rel}","templated":true}]}}