{"id":291424,"date":"2026-07-02T14:43:12","date_gmt":"2026-07-02T14:43:12","guid":{"rendered":"https:\/\/www.europesays.com\/fi\/291424\/"},"modified":"2026-07-02T14:43:12","modified_gmt":"2026-07-02T14:43:12","slug":"turkulaisella-rippileirilla-pahoinpitely-kertoo-seurakunta-tekee-rikosilmoituksen-varsinais-suomi","status":"publish","type":"post","link":"https:\/\/www.europesays.com\/fi\/291424\/","title":{"rendered":"Turkulaisella rippileirill\u00e4 pahoinpitely, kertoo seurakunta \u2013 tekee rikos\u00adilmoituksen | Varsinais-Suomi"},"content":{"rendered":"<p class=\"aw__sc-1qwuw0s-0 aw__sc-1vg2sqm-0 epAWpq ecELkD yle__article__paragraph\">Tuomiorovastin mukaan rippileirit ovat muuttuneet aiempaa haastavammiksi.<\/p>\n<p><img decoding=\"async\" alt=\"\u00c5bo domkyrka en sommardag i juni.\" src=\"https:\/\/www.europesays.com\/fi\/wp-content\/uploads\/2026\/07\/1780734384.jpeg\" class=\"aw__sc-dklauk-0 LPzKX\"\/><\/p>\n<p>Avaa kuvien katselu<\/p>\n<p>Turun tuomiokirkkoseurakunnan Tuomiokirkko arkistokuvassa. Kuva: Pontus Nyqvist \/ Yle<\/p>\n<p class=\"aw__sc-1qwuw0s-0 aw__sc-ngllmo-0 epAWpq fzYpjk yle__article__paragraph\">Turkulainen rippileiri p\u00e4\u00e4ttyi nuorten v\u00e4liseen pahoinpitelyyn, kertoo Turun tuomiokirkkoseurakunnan tuomiorovasti <strong class=\"aw__sc-ngllmo-2 gdRrun yle__article__strong\">Aulikki M\u00e4kinen<\/strong>.<\/p>\n<p class=\"aw__sc-1qwuw0s-0 aw__sc-ngllmo-0 epAWpq fzYpjk yle__article__paragraph\">Turussa j\u00e4rjestetyll\u00e4 rippileirill\u00e4 yksi nuorista oli k\u00e4ytt\u00e4ytynyt ongelmallisesti leirin aikana ja l\u00e4hetetty kertaalleen kotiin. Nuori oli saanut tulla takaisin, kun oli sitoutunut leirin s\u00e4\u00e4nt\u00f6ihin, mutta tilanne oli silti k\u00e4rjistynyt.<\/p>\n<p class=\"aw__sc-1qwuw0s-0 aw__sc-ngllmo-0 epAWpq fzYpjk yle__article__paragraph\">\u2013 Nuorilla on hirve\u00e4 tarve ja halu olla mukana. N\u00e4iden asioiden kanssa sitten taiteillaan. Viitteit\u00e4 pahoinpitelyyn ei aikaisemmin ollut, vaan tapauksessa oli muuta oireilua, M\u00e4kinen kertoo.<\/p>\n<p class=\"aw__sc-1qwuw0s-0 aw__sc-ngllmo-0 epAWpq fzYpjk yle__article__paragraph\">H\u00e4nen mukaansa seurakunta tekee asiasta rikosilmoituksen ja lastensuojeluilmoituksen.<\/p>\n<p class=\"aw__sc-1qwuw0s-0 aw__sc-ngllmo-0 epAWpq fzYpjk yle__article__paragraph\">Tapaus sattui keskiviikon ja torstain v\u00e4lisen\u00e4 y\u00f6n\u00e4. Leiri p\u00e4\u00e4ttyi t\u00e4n\u00e4\u00e4n.<\/p>\n<p class=\"aw__sc-1qwuw0s-0 aw__sc-ngllmo-0 epAWpq fzYpjk yle__article__paragraph\">Leirin johtava pappi on ollut tapahtumista yhteydess\u00e4 tuomiorovastiin. M\u00e4kisen mukaan seurakunnalla on ohjeet ja toimintasuunnitelmat t\u00e4llaisia tapauksia varten, ja niiden mukaan seurakunta toimii.<\/p>\n<p class=\"aw__sc-1qwuw0s-0 aw__sc-ngllmo-0 epAWpq fzYpjk yle__article__paragraph\">\u2013 Totta kai kaikki ovat tosi lujilla t\u00e4llaisessa tilanteessa.<\/p>\n<p>Leirill\u00e4 turvallisuusm\u00e4\u00e4r\u00e4ysten mukainen miehitys<\/p>\n<p class=\"aw__sc-1qwuw0s-0 aw__sc-ngllmo-0 epAWpq fzYpjk yle__article__paragraph\">Tuomiorovastin arvion mukaan rippikoululeirit ovat muuttuneet aikaisempaa haastavammaksi.<\/p>\n<p class=\"aw__sc-1qwuw0s-0 aw__sc-ngllmo-0 epAWpq fzYpjk yle__article__paragraph\">M\u00e4kisen mukaan leirien turvallisuusm\u00e4\u00e4r\u00e4ykset ovat tiukkoja ja leirin edellytyksi\u00e4 arvioidaan jo aikaisemmin rippikoulun aikana. Rippikoulut kest\u00e4v\u00e4t usein noin puoli vuotta.<\/p>\n<p class=\"aw__sc-1qwuw0s-0 aw__sc-ngllmo-0 epAWpq fzYpjk yle__article__paragraph\">\u2013 Jo vuoden alussa tutustutaan ryhm\u00e4\u00e4n. Jos on tiedossa, ett\u00e4 on odotettavissa haasteita, lis\u00e4\u00e4mme leirin henkil\u00f6kuntaa. T\u00e4ss\u00e4 tapauksessa ei ollut viitteit\u00e4 ongelmista, eik\u00e4 henkil\u00f6kuntaa ollut lis\u00e4tty.<\/p>\n<p class=\"aw__sc-1qwuw0s-0 aw__sc-ngllmo-0 epAWpq fzYpjk yle__article__paragraph\">\u2013 Siell\u00e4 on ollut turvallisuusm\u00e4\u00e4r\u00e4ysten mukainen miehitys. Meill\u00e4 on alkavaa kymment\u00e4 nuorta kohti aina yksi aikuinen.<\/p>\n<p class=\"aw__sc-1qwuw0s-0 aw__sc-ngllmo-0 epAWpq fzYpjk yle__article__paragraph\">Lounais-Suomen poliisista kerrotaan Ylelle, ett\u00e4 ainakaan toistaiseksi torstaina iltap\u00e4iv\u00e4ll\u00e4 poliisi ei ole saanut ilmoitusta pahoinpitelyst\u00e4.<\/p>\n","protected":false},"excerpt":{"rendered":"Tuomiorovastin mukaan rippileirit ovat muuttuneet aiempaa haastavammiksi. Avaa kuvien katselu Turun tuomiokirkkoseurakunnan Tuomiokirkko arkistokuvassa. Kuva: Pontus Nyqvist \/&hellip;\n","protected":false},"author":2,"featured_media":291425,"comment_status":"","ping_status":"","sticky":false,"template":"","format":"standard","meta":{"footnotes":"","_share_on_mastodon":"0"},"categories":[5],"tags":[22,23,26,27,33,31,30,17,71,24,25,28,29,15,814,18,21,2944,8497,26603,32271,4620,32,19,20,662,16,663],"class_list":["post-291424","post","type-post","status-publish","format-standard","has-post-thumbnail","category-otsikot","tag-breaking-news","tag-breakingnews","tag-featured-news","tag-featurednews","tag-fi","tag-finland","tag-finnish","tag-headlines","tag-kotimaa","tag-latest-news","tag-latestnews","tag-main-news","tag-mainnews","tag-news","tag-nuoret","tag-otsikot","tag-paauutiset","tag-pahoinpitely","tag-rikosilmoitukset","tag-rippikoulu","tag-rippikoululeirit","tag-seurakunnat","tag-suomi","tag-top-stories","tag-topstories","tag-turku","tag-uutiset","tag-varsinais-suomi"],"share_on_mastodon":{"url":"https:\/\/pubeurope.com\/@fi\/116850918331318193","error":""},"_links":{"self":[{"href":"https:\/\/www.europesays.com\/fi\/wp-json\/wp\/v2\/posts\/291424","targetHints":{"allow":["GET"]}}],"collection":[{"href":"https:\/\/www.europesays.com\/fi\/wp-json\/wp\/v2\/posts"}],"about":[{"href":"https:\/\/www.europesays.com\/fi\/wp-json\/wp\/v2\/types\/post"}],"author":[{"embeddable":true,"href":"https:\/\/www.europesays.com\/fi\/wp-json\/wp\/v2\/users\/2"}],"replies":[{"embeddable":true,"href":"https:\/\/www.europesays.com\/fi\/wp-json\/wp\/v2\/comments?post=291424"}],"version-history":[{"count":0,"href":"https:\/\/www.europesays.com\/fi\/wp-json\/wp\/v2\/posts\/291424\/revisions"}],"wp:featuredmedia":[{"embeddable":true,"href":"https:\/\/www.europesays.com\/fi\/wp-json\/wp\/v2\/media\/291425"}],"wp:attachment":[{"href":"https:\/\/www.europesays.com\/fi\/wp-json\/wp\/v2\/media?parent=291424"}],"wp:term":[{"taxonomy":"category","embeddable":true,"href":"https:\/\/www.europesays.com\/fi\/wp-json\/wp\/v2\/categories?post=291424"},{"taxonomy":"post_tag","embeddable":true,"href":"https:\/\/www.europesays.com\/fi\/wp-json\/wp\/v2\/tags?post=291424"}],"curies":[{"name":"wp","href":"https:\/\/api.w.org\/{rel}","templated":true}]}}