{"id":291444,"date":"2026-07-02T15:07:11","date_gmt":"2026-07-02T15:07:11","guid":{"rendered":"https:\/\/www.europesays.com\/fi\/291444\/"},"modified":"2026-07-02T15:07:11","modified_gmt":"2026-07-02T15:07:11","slug":"venajan-isku-tuhosi-800-000-kirjaa-kiovassa-lukuisten-ihmisten-vuosien-tyo-uutissuomalainen","status":"publish","type":"post","link":"https:\/\/www.europesays.com\/fi\/291444\/","title":{"rendered":"Ven\u00e4j\u00e4n isku tuhosi 800\u2009000 kirjaa Kiovassa \u2013 &#8221;Lukuisten ihmisten vuosien ty\u00f6&#8221; | Uutissuomalainen"},"content":{"rendered":"<p>Ven\u00e4j\u00e4n viime y\u00f6n\u00e4 Kiovaan tekem\u00e4 massiivinen isku tuhosi noin 800\u2009000 ukrainalaisen kustantamon kirjaa, <a href=\"https:\/\/kyivindependent.com\/around-800-000-of-ukrainian-publishers-books-destroyed-in-overnight-russian-attack\/\" rel=\"nofollow noopener\" target=\"_blank\">Kyiv Independent -lehti<\/a> kertoo.<\/p>\n<p>BookChef-kustantamon mukaan sen logistiikkakumppanin keskusvarasto, jossa kustantamon kirjoja s\u00e4ilytet\u00e4\u00e4n, tuhoutui t\u00e4ysin. Varaston henkil\u00f6st\u00f6n keskuudesta ei ole raportoitu uhreja.<\/p>\n<p>\u2013 Siit\u00e4 pid\u00e4mme kiinni juuri nyt, kustantamo kirjoittaa <a href=\"https:\/\/www.facebook.com\/bookchefua\" rel=\"nofollow noopener\" target=\"_blank\">Facebookissa<\/a>.<\/p>\n<p>Ven\u00e4j\u00e4 laukaisi Kyiv Independentin mukaan keskiviikona ja torstain v\u00e4lisen\u00e4 y\u00f6n\u00e4 74 ohjusta ja 496 pitk\u00e4n kantaman droonia. Ukrainalaisviranomaisten mukaan isku on Ven\u00e4j\u00e4n suurin hy\u00f6kk\u00e4yssodan aikana t\u00e4h\u00e4n asti tekem\u00e4.<\/p>\n<p>Ainakin 21 ihmisen tiedet\u00e4\u00e4n kuolleen ja 90 loukkaantuneen Kiovassa. Uhrilukujen odotetaan nousevan pelastustoimien jatkuessa.<\/p>\n<p>Ven\u00e4j\u00e4 iski aiemmin tuhoisasti Ukrainan kustannusalaan Harkovassa vuonna 2024. Ukrainan kolmanneksi suurimpaan Faktor Druk -painotaloon tehdyss\u00e4 iskussa tuhoutui yli 50\u2009000 kirjaa.<\/p>\n<p>Nyt iskun uhriksi joutunut BookChef kuvailee itse\u00e4\u00e4n moderniksi ukrainalaiseksi bestsellereiden kustantajaksi. Se kustantaa esimerkiksi itsens\u00e4 kehitt\u00e4mist\u00e4 k\u00e4sittelev\u00e4\u00e4 kirjallisuutta, motivoivaa kirjallisuutta sek\u00e4 nuorten aikuisten fiktiota ja fantasiaa.<\/p>\n<p>\u2013\u2009N\u00e4m\u00e4 ovat kirjoja, joiden parissa ovat ty\u00f6skennelleet kirjailijat, k\u00e4\u00e4nt\u00e4j\u00e4t, kustannustoimittajat, kuvittajat, suunnittelijat, painajat, johtajat ja logistiikkatiimit. T\u00e4m\u00e4 edustaa lukuisten ihmisten vuosien ty\u00f6t\u00e4, BookChef kuvailee iskun aiheuttamia tuhoja.<\/p>\n<p>Kustantamo on keskeytt\u00e4nyt kaikki yhteisty\u00f6kumppaneidensa kanssa j\u00e4rjestett\u00e4v\u00e4t kamppanjat kunnes uusintapainatukset saadaan vauhtiin. Kustantamo on luvannut jatkaa ty\u00f6t\u00e4\u00e4n.<\/p>\n","protected":false},"excerpt":{"rendered":"Ven\u00e4j\u00e4n viime y\u00f6n\u00e4 Kiovaan tekem\u00e4 massiivinen isku tuhosi noin 800\u2009000 ukrainalaisen kustantamon kirjaa, Kyiv Independent -lehti kertoo. BookChef-kustantamon&hellip;\n","protected":false},"author":2,"featured_media":291445,"comment_status":"","ping_status":"","sticky":false,"template":"","format":"standard","meta":{"footnotes":"","_share_on_mastodon":"0"},"categories":[14],"tags":[22,23,1752,26,27,33,31,30,17,3488,2001,379,24,25,28,29,1616,15,18,21,32,19,20,21377,56,16,2591,59,60,61],"class_list":["post-291444","post","type-post","status-publish","format-standard","has-post-thumbnail","category-ulkomaat","tag-breaking-news","tag-breakingnews","tag-facebook","tag-featured-news","tag-featurednews","tag-fi","tag-finland","tag-finnish","tag-headlines","tag-kiova","tag-kirjailijat","tag-kirjallisuus","tag-latest-news","tag-latestnews","tag-main-news","tag-mainnews","tag-media-viestinta","tag-news","tag-otsikot","tag-paauutiset","tag-suomi","tag-top-stories","tag-topstories","tag-ukrainan-kriisi","tag-ulkomaat","tag-uutiset","tag-venajan-hyokkays-ukrainaan","tag-world","tag-world-news","tag-worldnews"],"share_on_mastodon":{"url":"https:\/\/pubeurope.com\/@fi\/116851012374633966","error":""},"_links":{"self":[{"href":"https:\/\/www.europesays.com\/fi\/wp-json\/wp\/v2\/posts\/291444","targetHints":{"allow":["GET"]}}],"collection":[{"href":"https:\/\/www.europesays.com\/fi\/wp-json\/wp\/v2\/posts"}],"about":[{"href":"https:\/\/www.europesays.com\/fi\/wp-json\/wp\/v2\/types\/post"}],"author":[{"embeddable":true,"href":"https:\/\/www.europesays.com\/fi\/wp-json\/wp\/v2\/users\/2"}],"replies":[{"embeddable":true,"href":"https:\/\/www.europesays.com\/fi\/wp-json\/wp\/v2\/comments?post=291444"}],"version-history":[{"count":0,"href":"https:\/\/www.europesays.com\/fi\/wp-json\/wp\/v2\/posts\/291444\/revisions"}],"wp:featuredmedia":[{"embeddable":true,"href":"https:\/\/www.europesays.com\/fi\/wp-json\/wp\/v2\/media\/291445"}],"wp:attachment":[{"href":"https:\/\/www.europesays.com\/fi\/wp-json\/wp\/v2\/media?parent=291444"}],"wp:term":[{"taxonomy":"category","embeddable":true,"href":"https:\/\/www.europesays.com\/fi\/wp-json\/wp\/v2\/categories?post=291444"},{"taxonomy":"post_tag","embeddable":true,"href":"https:\/\/www.europesays.com\/fi\/wp-json\/wp\/v2\/tags?post=291444"}],"curies":[{"name":"wp","href":"https:\/\/api.w.org\/{rel}","templated":true}]}}