{"id":291452,"date":"2026-07-02T15:21:09","date_gmt":"2026-07-02T15:21:09","guid":{"rendered":"https:\/\/www.europesays.com\/fi\/291452\/"},"modified":"2026-07-02T15:21:09","modified_gmt":"2026-07-02T15:21:09","slug":"tappava-ase-nayttelija-danny-gloverilla-on-alzheimer-uutissuomalainen","status":"publish","type":"post","link":"https:\/\/www.europesays.com\/fi\/291452\/","title":{"rendered":"Tappava ase -n\u00e4yttelij\u00e4 Danny Gloverilla on Alzheimer | Uutissuomalainen"},"content":{"rendered":"<p>Yhdysvaltalaisn\u00e4yttelij\u00e4 <strong>Danny Gloverilla <\/strong>on ollut jo vuosien ajan Alzheimerin tauti. 79-vuotias n\u00e4yttelij\u00e4 kertoi asiasta uutismedia <a href=\"https:\/\/www.nbcnews.com\/health\/health-news\/danny-glover-reveals-alzheimers-diagnosis-rcna352535\" rel=\"nofollow noopener\" target=\"_blank\">NBC:n Today Show<\/a> -ohjelmassa keskiviikkona.<\/p>\n<p>H\u00e4n kertoo haastattelussa pystyv\u00e4ns\u00e4 el\u00e4m\u00e4\u00e4n sairauden kanssa.<\/p>\n<p>\u2013\u2009Olen varma ett\u00e4 kun se etenee, asiat tulevat erilaisia ja muuttuvia, Glover totesi.<\/p>\n<p>Gloverin tunnetuin rooli on 80- ja 90-lukujen elokuvasarjassa Tappava ase (Lethal Weapon). Elokuvissa h\u00e4n esitt\u00e4\u00e4 kyynist\u00e4 etsiv\u00e4 Roger Murtaughia.<\/p>\n<p>Alzheimerin tauti on aivoja rappeuttava etenev\u00e4 muistisairaus, jonka perimm\u00e4ist\u00e4 syyt\u00e4 ei tunneta. Sille ei ole olemassa parannuskeinoa, mutta taudin oireita voidaan lievitt\u00e4\u00e4 ja sen etenemist\u00e4 hidastaa l\u00e4\u00e4kkeill\u00e4.<\/p>\n","protected":false},"excerpt":{"rendered":"Yhdysvaltalaisn\u00e4yttelij\u00e4 Danny Gloverilla on ollut jo vuosien ajan Alzheimerin tauti. 79-vuotias n\u00e4yttelij\u00e4 kertoi asiasta uutismedia NBC:n Today Show&hellip;\n","protected":false},"author":2,"featured_media":291453,"comment_status":"","ping_status":"","sticky":false,"template":"","format":"standard","meta":{"footnotes":"","_share_on_mastodon":"0"},"categories":[136],"tags":[4358,12096,153,407,155,137,33,31,30,408,3396,154,32,502,140,156,109],"class_list":["post-291452","post","type-post","status-publish","format-standard","has-post-thumbnail","category-julkkikset","tag-aivot","tag-alzheimerin-tauti","tag-audiovisuaalinen-media","tag-celebrities","tag-elokuvat","tag-entertainment","tag-fi","tag-finland","tag-finnish","tag-julkkikset","tag-muisti","tag-nayttelijat-teatteri","tag-suomi","tag-terveydenhoito","tag-tv-ja-elokuvat","tag-tv","tag-viihde"],"share_on_mastodon":{"url":"https:\/\/pubeurope.com\/@fi\/116851067172594539","error":""},"_links":{"self":[{"href":"https:\/\/www.europesays.com\/fi\/wp-json\/wp\/v2\/posts\/291452","targetHints":{"allow":["GET"]}}],"collection":[{"href":"https:\/\/www.europesays.com\/fi\/wp-json\/wp\/v2\/posts"}],"about":[{"href":"https:\/\/www.europesays.com\/fi\/wp-json\/wp\/v2\/types\/post"}],"author":[{"embeddable":true,"href":"https:\/\/www.europesays.com\/fi\/wp-json\/wp\/v2\/users\/2"}],"replies":[{"embeddable":true,"href":"https:\/\/www.europesays.com\/fi\/wp-json\/wp\/v2\/comments?post=291452"}],"version-history":[{"count":0,"href":"https:\/\/www.europesays.com\/fi\/wp-json\/wp\/v2\/posts\/291452\/revisions"}],"wp:featuredmedia":[{"embeddable":true,"href":"https:\/\/www.europesays.com\/fi\/wp-json\/wp\/v2\/media\/291453"}],"wp:attachment":[{"href":"https:\/\/www.europesays.com\/fi\/wp-json\/wp\/v2\/media?parent=291452"}],"wp:term":[{"taxonomy":"category","embeddable":true,"href":"https:\/\/www.europesays.com\/fi\/wp-json\/wp\/v2\/categories?post=291452"},{"taxonomy":"post_tag","embeddable":true,"href":"https:\/\/www.europesays.com\/fi\/wp-json\/wp\/v2\/tags?post=291452"}],"curies":[{"name":"wp","href":"https:\/\/api.w.org\/{rel}","templated":true}]}}