{"id":291762,"date":"2026-07-02T22:33:26","date_gmt":"2026-07-02T22:33:26","guid":{"rendered":"https:\/\/www.europesays.com\/fi\/291762\/"},"modified":"2026-07-02T22:33:26","modified_gmt":"2026-07-02T22:33:26","slug":"ford-pettyi-tekoalyyn-otti-satoja-vanhoja-tyontekijoita-takaisin-palkkalistoilleen-uutisia-lyhyesti","status":"publish","type":"post","link":"https:\/\/www.europesays.com\/fi\/291762\/","title":{"rendered":"Ford pettyi teko\u00e4lyyn: otti satoja vanhoja ty\u00f6ntekij\u00f6it\u00e4 takaisin palkkalistoilleen | Uutisia lyhyesti"},"content":{"rendered":"<p class=\"aw__sc-1qwuw0s-0 aw__sc-1vg2sqm-0 epAWpq ecELkD yle__article__paragraph\">Teko\u00e4ly ei ollut laadun\u00advarmistuksessa yht\u00e4 taitava kuin insin\u00f6\u00f6rit.<\/p>\n<p class=\"aw__sc-1qwuw0s-0 aw__sc-ngllmo-0 epAWpq fzYpjk yle__article__paragraph\">Autonvalmistaja Ford on ottanut takaisin palkkalistoilleen yhti\u00f6st\u00e4 l\u00e4hteneit\u00e4 insin\u00f6\u00f6rej\u00e4, koska <a class=\"aw__sc-ngllmo-1 bTDnwX yle__article__link\" href=\"https:\/\/www.bbc.com\/news\/articles\/cgrkd41n2v9o\" role=\"link\" rel=\"nofollow noopener\" target=\"_blank\">teko\u00e4ly ei ollut yht\u00e4 hyv\u00e4 tekem\u00e4\u00e4n laadunvarmistusta<\/a>.<\/p>\n<p class=\"aw__sc-1qwuw0s-0 aw__sc-ngllmo-0 epAWpq fzYpjk yle__article__paragraph\">Asiasta kirjoittaa Britannian yleisradioyhti\u00f6 BBC.<\/p>\n<p class=\"aw__sc-1qwuw0s-0 aw__sc-ngllmo-0 epAWpq fzYpjk yle__article__paragraph\">Ford on korvannut viime vuosina laadunvarmistusta tehneit\u00e4 ihmisi\u00e4 teko\u00e4lyll\u00e4 s\u00e4\u00e4st\u00e4\u00e4kseen kustannuksissa ja tehostaakseen tuotantoa. Nyt Ford kertoo kuitenkin palkanneensa 300 vanhaa ty\u00f6ntekij\u00e4\u00e4ns\u00e4 uudestaan, koska teko\u00e4ly ei pystynytk\u00e4\u00e4n korvaamaan ihmisaivoja.<\/p>\n<p class=\"aw__sc-1qwuw0s-0 aw__sc-ngllmo-0 epAWpq fzYpjk yle__article__paragraph\">\u2013 Teko\u00e4ly on upea ty\u00f6kalu, mutta se on vain niin hyv\u00e4 kuin se materaali, jolla se on koulutettu, Fordin johtajiin kuuluva <strong class=\"aw__sc-ngllmo-2 gdRrun yle__article__strong\">Charles Poon<\/strong> totesi.<\/p>\n<p class=\"aw__sc-1qwuw0s-0 aw__sc-ngllmo-0 epAWpq fzYpjk yle__article__paragraph\">Ford korvasi ihmisty\u00f6voiman 900 teko\u00e4lyn ohjaamalla kameralla. Kameroiden oli tarkoitus havaita laatuongelmia ja v\u00e4hent\u00e4m\u00e4\u00e4n toimitush\u00e4iri\u00f6it\u00e4. Tulokset olivat kuitenkin pettymys.<\/p>\n<p class=\"aw__sc-1qwuw0s-0 aw__sc-ngllmo-0 epAWpq fzYpjk yle__article__paragraph\">Fordiin takaisin palkatut insin\u00f6\u00f6rit kouluttavat nyt teko\u00e4ly\u00e4.<\/p>\n","protected":false},"excerpt":{"rendered":"Teko\u00e4ly ei ollut laadun\u00advarmistuksessa yht\u00e4 taitava kuin insin\u00f6\u00f6rit. Autonvalmistaja Ford on ottanut takaisin palkkalistoilleen yhti\u00f6st\u00e4 l\u00e4hteneit\u00e4 insin\u00f6\u00f6rej\u00e4, koska&hellip;\n","protected":false},"author":2,"featured_media":291763,"comment_status":"","ping_status":"","sticky":false,"template":"","format":"standard","meta":{"footnotes":"","_share_on_mastodon":"0"},"categories":[84],"tags":[648,33,31,30,17598,32,78,91,92,433,56],"class_list":["post-291762","post","type-post","status-publish","format-standard","has-post-thumbnail","category-teknologia","tag-autot","tag-fi","tag-finland","tag-finnish","tag-ford","tag-suomi","tag-talous","tag-technology","tag-teknologia","tag-tekoaly","tag-ulkomaat"],"share_on_mastodon":{"url":"https:\/\/pubeurope.com\/@fi\/116852765998767551","error":""},"_links":{"self":[{"href":"https:\/\/www.europesays.com\/fi\/wp-json\/wp\/v2\/posts\/291762","targetHints":{"allow":["GET"]}}],"collection":[{"href":"https:\/\/www.europesays.com\/fi\/wp-json\/wp\/v2\/posts"}],"about":[{"href":"https:\/\/www.europesays.com\/fi\/wp-json\/wp\/v2\/types\/post"}],"author":[{"embeddable":true,"href":"https:\/\/www.europesays.com\/fi\/wp-json\/wp\/v2\/users\/2"}],"replies":[{"embeddable":true,"href":"https:\/\/www.europesays.com\/fi\/wp-json\/wp\/v2\/comments?post=291762"}],"version-history":[{"count":0,"href":"https:\/\/www.europesays.com\/fi\/wp-json\/wp\/v2\/posts\/291762\/revisions"}],"wp:featuredmedia":[{"embeddable":true,"href":"https:\/\/www.europesays.com\/fi\/wp-json\/wp\/v2\/media\/291763"}],"wp:attachment":[{"href":"https:\/\/www.europesays.com\/fi\/wp-json\/wp\/v2\/media?parent=291762"}],"wp:term":[{"taxonomy":"category","embeddable":true,"href":"https:\/\/www.europesays.com\/fi\/wp-json\/wp\/v2\/categories?post=291762"},{"taxonomy":"post_tag","embeddable":true,"href":"https:\/\/www.europesays.com\/fi\/wp-json\/wp\/v2\/tags?post=291762"}],"curies":[{"name":"wp","href":"https:\/\/api.w.org\/{rel}","templated":true}]}}