{"id":29179,"date":"2025-09-08T19:08:08","date_gmt":"2025-09-08T19:08:08","guid":{"rendered":"https:\/\/www.europesays.com\/fi\/29179\/"},"modified":"2025-09-08T19:08:08","modified_gmt":"2025-09-08T19:08:08","slug":"sulo-karjalainen-kohdellut-karhuja-erityisen-raaalla-ja-julmalla-tavalla","status":"publish","type":"post","link":"https:\/\/www.europesays.com\/fi\/29179\/","title":{"rendered":"Sulo Karjalainen kohdellut karhuja erityisen raa\u2019alla ja julmalla tavalla"},"content":{"rendered":"<p>Syytt\u00e4j\u00e4 vaatii kolmelle miehelle tuomiota liittyen v\u00e4itettyihin ep\u00e4kohtiin Kuusamon Suurpetokeskuksessa. Syytetyt kiist\u00e4v\u00e4t syytt\u00e4j\u00e4n v\u00e4itteet liki kokonaan.<\/p>\n<p class=\"paragraph\">Syytt\u00e4j\u00e4 vaatii koko kansan karhumiehen\u00e4 tunnetulle <strong>Sulo Karjalaiselle<\/strong> v\u00e4hint\u00e4\u00e4n 10 kuukauden ehdollista vankeusrangaistusta ja v\u00e4hint\u00e4\u00e4n 60 p\u00e4iv\u00e4sakon sakkorangaistusta t\u00f6rke\u00e4st\u00e4 el\u00e4insuojelurikoksesta.<\/p>\n<p class=\"paragraph\">Syytt\u00e4j\u00e4n mukaan Karjalainen on kohdellut el\u00e4imi\u00e4 Kuusamon Suurpetokeskuksessa ja muualla erityisen raa\u2019alla ja julmalla tavalla. Syytt\u00e4j\u00e4 katsoo, ett\u00e4 Karjalainen on muun muassa aiheuttanut ilvekselle k\u00e4rsimyst\u00e4 yritt\u00e4ess\u00e4\u00e4n ep\u00e4onnistuneesti lopettaa sen kirveell\u00e4.<\/p>\n<p class=\"paragraph\">Karhunpentua Karjalainen on syytt\u00e4j\u00e4n mukaan pit\u00e4nyt omakotitalonsa pannuhuoneen yhteydess\u00e4 kuumassa tilassa ja niin pieness\u00e4 h\u00e4kiss\u00e4, ett\u00e4 el\u00e4in ei ole mahtunut edes seisomaan kunnolla.<\/p>\n<p class=\"paragraph\">Lis\u00e4ksi syytteess\u00e4 luetellaan pitk\u00e4 liuta muita v\u00e4itteit\u00e4 karhujen, ilvesten ja koirasusien olosuhteista ja hoidosta Kuusamon Suurpetokeskuksen toiminnan yhteydess\u00e4 vuosina 2017\u20132022.<\/p>\n<p class=\"paragraph\">Sulo Karjalainen kiist\u00e4\u00e4 syytteet.<\/p>\n<p class=\"paragraph\">Oikeudenk\u00e4ynti Oulun k\u00e4r\u00e4j\u00e4oikeudessa alkoi maanantaina. Karjalainen ei osallistunut terveydellisist \u00e4 syist\u00e4 istuntoon henkil\u00f6kohtaisesti.<\/p>\n<p>Nakkeja ja pullaa<img decoding=\"async\" class=\"image image-show image-preview\" src=\"https:\/\/www.europesays.com\/fi\/wp-content\/uploads\/2025\/09\/400d6cddc150bf8b662b035c12d7f5cf9ab50e56fda5bedfc39fd0c63f84f51a.jpg\" alt=\"\"\/><img decoding=\"async\" class=\"image image-show\" src=\"https:\/\/www.europesays.com\/fi\/wp-content\/uploads\/2025\/09\/1757358488_688_400d6cddc150bf8b662b035c12d7f5cf9ab50e56fda5bedfc39fd0c63f84f51a.jpg\" alt=\"\"\/><\/p>\n<p>Sulo Karjalainen ei terveydellisist\u00e4 syist\u00e4 osallistunut henkil\u00f6kohtaisesti oikeudenk\u00e4yntiin. Arkistokuva vuodelta 2014. Hannu Huttu<\/p>\n<p class=\"paragraph\">Syytt\u00e4j\u00e4 vaatii my\u00f6s Suurpetokeskuksen toimitusjohtajalle <strong>Pasi J\u00e4ntille<\/strong> ja keskuksen sopimusel\u00e4inl\u00e4\u00e4k\u00e4rin\u00e4 toimineelle henkil\u00f6lle rangaistusta t\u00f6rke\u00e4st\u00e4 el\u00e4insuojelurikoksesta.<\/p>\n<p class=\"paragraph\">Heid\u00e4n osaltaan rangaistusvaatimus on v\u00e4hint\u00e4\u00e4n 6 kuukautta ehdollista vankeutta ja v\u00e4hint\u00e4\u00e4n 40 p\u00e4iv\u00e4sakkoa.<\/p>\n<p class=\"paragraph\">Syytt\u00e4j\u00e4n mukaan Karjalainen, J\u00e4ntti ja el\u00e4inl\u00e4\u00e4k\u00e4ri ovat yhdess\u00e4 vastuussa siit\u00e4, ett\u00e4 el\u00e4imet ovat k\u00e4rsineet.<\/p>\n<p class=\"paragraph\">Syytt\u00e4j\u00e4n mukaan esimerkiksi monien el\u00e4inten hampaat ovat olleet heikossa kunnossa. El\u00e4imi\u00e4 on my\u00f6s syytt\u00e4j\u00e4n mukaan pidetty niille sopimattomissa ja jopa vaarallisissa h\u00e4keiss\u00e4. Niille on sy\u00f6tetty sopimatonta ravintoa, kuten nakkeja, pullaa ja makeisia.<\/p>\n<p class=\"paragraph\">My\u00f6s J\u00e4ntti ja el\u00e4inl\u00e4\u00e4k\u00e4ri kiist\u00e4v\u00e4t syyllistyneens\u00e4 rikokseen.<\/p>\n<p class=\"paragraph\">Syytetyt katsovat, ett\u00e4 syytt\u00e4j\u00e4n v\u00e4itteet el\u00e4inten hyvinvoinnista, hoidosta ja olosuhteista eiv\u00e4t suurelta osin vastaa todellisuutta ja ett\u00e4 ne perustuvat monin paikoin valvontaviranomaisen perusteettomiin oletuksiin.<\/p>\n<p class=\"paragraph\">Esimerkiksi ravinnon osalta syytetyt sanovat syytt\u00e4j\u00e4n v\u00e4itteiden olevan v\u00e4\u00e4ri\u00e4.<\/p>\n<p class=\"paragraph\">Niilt\u00e4k\u00e4\u00e4n osin, kuin syytetyt katsovat syytt\u00e4j\u00e4n v\u00e4itteet tapahtumista tai olosuhteista oikeiksi, he eiv\u00e4t katso syyllistyneens\u00e4 rikoksiin \u2013 eiv\u00e4tk\u00e4 n\u00e4in ollen etenk\u00e4\u00e4n t\u00f6rkeisiin rikoksiin.<\/p>\n<p>Jo aiemmin<\/p>\n<p>Kuusamon Suurpetokeskuksen toimitusjohtaja Pasi J\u00e4ntti kiist\u00e4\u00e4 syyllistyneens\u00e4 rikokseen. Jussi Korhonen<\/p>\n<p class=\"paragraph\">Syytteen taustalla ovat Pohjois-Suomen aluehallintoviraston (avi) kirjaamat havainnot ja johtop\u00e4\u00e4t\u00f6kset, joiden perusteella Kuusamon Suurpetokeskuksen el\u00e4intarhalupa peruttiin syyskuussa 2022.<\/p>\n<p class=\"paragraph\">Asia eteni Pohjois-Suomen hallinto-oikeuteen, joka kumosi p\u00e4\u00e4t\u00f6ksen. Hallinto-oikeuden mukaan keskus oli rikkonut el\u00e4insuojeluvaatimuksia, mutta ei niin vakavasti kuin avi oli esitt\u00e4nyt.<\/p>\n<p class=\"paragraph\">Hallinto-oikeus totesi, ett\u00e4 olennaisia ep\u00e4kohtia ei ollut edelt\u00e4vin\u00e4 vuosina ollut esimerkiksi el\u00e4inten v\u00e4itetyss\u00e4 lis\u00e4\u00e4ntymisess\u00e4 l\u00e4hisukulaisten kesken.<\/p>\n<p class=\"paragraph\">Sama v\u00e4ite on mukana my\u00f6s nyt k\u00e4yt\u00e4v\u00e4ss\u00e4 oikeudenk\u00e4ynniss\u00e4.<\/p>\n<p>Syytt\u00e4j\u00e4: J\u00e4tti pennun sy\u00f6t\u00e4v\u00e4ksi<\/p>\n<p class=\"paragraph\">Syytettyjen mukaan Suurpetokeskuksessa on tapahtunut vahinkoastuminen, jossa karhusisarukset saivat pennun. Vahinkoastumisia tapahtuu heid\u00e4n mukaansa my\u00f6s luonnossa, eik\u00e4 kyseess\u00e4 ole rikos.<\/p>\n<p class=\"paragraph\">Etenk\u00e4\u00e4n tahallisuutta tai l\u00e4hisukulaisten parittamista toisilleen ei ole syytettyjen mukaan tapahtunut.<\/p>\n<p class=\"paragraph\">Syytt\u00e4j\u00e4n mukaan my\u00f6s emokarhu sai poikansa kanssa pennun vuonna 2022.<\/p>\n<p class=\"paragraph\">\u2013 Kyseiseen pentuun liittyen Sulo Karjalainen neuvoi el\u00e4intarhan henkil\u00f6kuntaa j\u00e4tt\u00e4m\u00e4\u00e4n pennun pes\u00e4\u00e4n, jotta Tara sy\u00f6 pennun, ja h\u00e4n kielsi el\u00e4intarhan ty\u00f6ntekij\u00f6it\u00e4 puhumasta asiasta, syytt\u00e4j\u00e4 v\u00e4itt\u00e4\u00e4.<\/p>\n<p>Pes\u00e4 ja hampaat<\/p>\n<p>Avi havaitsi tarkastusk\u00e4ynneill\u00e4\u00e4n vuonna 2022 puutteita el\u00e4inten terveydess\u00e4. N\u00e4tti-karhun yl\u00e4etuhampaat olivat kes\u00e4kuussa tehdyll\u00e4 k\u00e4ynnill\u00e4 voimakkaasti kuluneet. Pohjois-Suomen aluehallintovirasto<\/p>\n<p class=\"paragraph\">Syytetyt my\u00f6nt\u00e4v\u00e4t, ett\u00e4 Aina-nimist\u00e4 karhunpentua on pidetty syytt\u00e4j\u00e4n v\u00e4itt\u00e4m\u00e4n mukaisesti Karjalaisen kotona pieness\u00e4 h\u00e4kiss\u00e4 pannuhuoneen yhteydess\u00e4.<\/p>\n<p class=\"paragraph\">Syytetyt katsovat, ett\u00e4 kyse oli kuitenkin pennun edusta. Sille oli j\u00e4rjestetty luonnossa esiintyv\u00e4\u00e4 karhunpes\u00e4\u00e4 muistuttava paikka, jossa karhu oli syytettyjen mukaan ollut vapaaehtoisesti ja tuntenut olonsa turvalliseksi.<\/p>\n<p class=\"paragraph\">Syytettyjen mukaan el\u00e4imill\u00e4 todetut hammasvammat ovat olleet el\u00e4inten ik\u00e4\u00e4n n\u00e4hden normaaleja. He vetoavat el\u00e4imille tehtyihin hammastarkastuksiin ja asiaan liittyv\u00e4\u00e4n tutkimustietoon.<\/p>\n<p class=\"paragraph\">Toimitusjohtaja J\u00e4ntin ja el\u00e4inl\u00e4\u00e4k\u00e4rin avustaja kertoi k\u00e4r\u00e4j\u00e4oikeudessa, ett\u00e4 l\u00e4ht\u00f6kohtaisesti hampaat ovat karhulle ty\u00f6v\u00e4line ja kuluvat i\u00e4n my\u00f6t\u00e4. H\u00e4n sanoi, ett\u00e4 petoel\u00e4inten hampaat korjaantuvat itsest\u00e4\u00e4n eli toisin sanoen luonto hoitaa niin, ett\u00e4 karhut v\u00e4lttyv\u00e4t kivulta.<\/p>\n<p class=\"paragraph\">Avustaja kertoi, ett\u00e4 avin hoitovaatimusten vuoksi el\u00e4inten hampaita on hoidettu Kuusamon Suurpetokeskuksessa \u201cpoikkeuksellisen loistavasti\u201d. H\u00e4nen mukaansa el\u00e4imilt\u00e4 on jopa poistettu hammaskive\u00e4.<\/p>\n<p class=\"paragraph\">\u2013 Hammastarkastuksia, juurihoitoa tai hampaanpoistoa ei ole tarjolla luonnonvaraisille karhuille, Sulo Karjalaisen kirjallisessa ennakkovastauksessa todetaan.<\/p>\n<p>Koira vai ei?<\/p>\n<p>Toimitusjohtaja Pasi J\u00e4ntti ja sopimusel\u00e4inl\u00e4\u00e4k\u00e4ri osallistuivat oikeudenk\u00e4yntiin henkil\u00f6kohtaisesti. Vasemmalla taustalla aluesyytt\u00e4j\u00e4 Kimmo Vakkala, jonka v\u00e4itteit\u00e4 syytetyt eiv\u00e4t allekirjoita. Jussi Korhonen<\/p>\n<p class=\"paragraph\">Syytt\u00e4j\u00e4n mukaan yht\u00e4 koirasutta on pidetty Sulo Karjalaisen asuinrakennuksen pihalla h\u00e4kiss\u00e4, josta se on p\u00e4\u00e4ssyt karkaamaan.<\/p>\n<p class=\"paragraph\">Koirasusi on vieraslaji, jonka p\u00e4\u00e4sy luontoon on estett\u00e4v\u00e4.<\/p>\n<p class=\"paragraph\">Syytettyjen mukaan Pirre-niminen el\u00e4in on koira, ei koirasusi. Syytt\u00e4j\u00e4 ei ole asiasta vakuuttunut.<\/p>\n<p class=\"paragraph\">\u2013 El\u00e4intarhan edustajien toimesta kyseisen koirasuden alkuper\u00e4st\u00e4 on kerrottu valvovalle viranomaiselle useita eri versiota ja lopulta sen on v\u00e4itetty olevan tavallinen kesykoira, syytt\u00e4j\u00e4 sanoo.<\/p>\n<p class=\"paragraph\">Sulo Karjalaisen asuinrakennuksen luota oli l\u00f6ydetty my\u00f6s pakastekontti, joka syytt\u00e4j\u00e4n mukaan oli salattu. Kontista oli l\u00f6ydetty kahden ilveksen ruhot.<\/p>\n<p class=\"paragraph\">Toisella niist\u00e4 oli kalloon levinnyt hammasvamma, jonka seurauksena el\u00e4imen aivot olivat j\u00e4\u00e4neet vaille suojaa. Karjalainen v\u00e4itt\u00e4\u00e4, ett\u00e4 h\u00e4n on saanut ruhon jo 90-luvun alussa valmiiksi kuolleena.<\/p>\n<p class=\"paragraph\">Toinen ilveksen ruho kuului el\u00e4inl\u00e4\u00e4k\u00e4rin lopettamalle ilvekselle.<\/p>\n<p class=\"paragraph\">Lis\u00e4ksi syytettyjen mielest\u00e4 pakastekontti ei ollut salattu ja se oli Sulo Karjalaisen henkil\u00f6kohtaista omaisuutta.<\/p>\n<p class=\"paragraph\">Oulun k\u00e4r\u00e4j\u00e4oikeus antaa asiassa tuomion my\u00f6hemmin.<\/p>\n<p>Avi havaitsi tarkastusk\u00e4ynnill\u00e4\u00e4n, ett\u00e4 Aina-karhunpentua pidettiin pieness\u00e4 h\u00e4kiss\u00e4 Sulo Karjalaisen pannuhuoneen yhteydess\u00e4. Pohjois-Suomen aluehallintovirasto<\/p>\n","protected":false},"excerpt":{"rendered":"Syytt\u00e4j\u00e4 vaatii kolmelle miehelle tuomiota liittyen v\u00e4itettyihin ep\u00e4kohtiin Kuusamon Suurpetokeskuksessa. Syytetyt kiist\u00e4v\u00e4t syytt\u00e4j\u00e4n v\u00e4itteet liki kokonaan. Syytt\u00e4j\u00e4 vaatii&hellip;\n","protected":false},"author":2,"featured_media":29180,"comment_status":"","ping_status":"","sticky":false,"template":"","format":"standard","meta":{"footnotes":""},"categories":[117],"tags":[35,404,33,31,30,53,72,476,785,38,118,591,32,119,477],"class_list":{"0":"post-29179","1":"post","2":"type-post","3":"status-publish","4":"format-standard","5":"has-post-thumbnail","7":"category-luonto","8":"tag-24h","9":"tag-elaimet","10":"tag-fi","11":"tag-finland","12":"tag-finnish","13":"tag-laki-oikeus-ja-rikos","14":"tag-luonto","15":"tag-nature","16":"tag-nisakkaat","17":"tag-rikos","18":"tag-science","19":"tag-selkarankaiset","20":"tag-suomi","21":"tag-tiede","22":"tag-wildlife"},"share_on_mastodon":{"url":"","error":""},"_links":{"self":[{"href":"https:\/\/www.europesays.com\/fi\/wp-json\/wp\/v2\/posts\/29179","targetHints":{"allow":["GET"]}}],"collection":[{"href":"https:\/\/www.europesays.com\/fi\/wp-json\/wp\/v2\/posts"}],"about":[{"href":"https:\/\/www.europesays.com\/fi\/wp-json\/wp\/v2\/types\/post"}],"author":[{"embeddable":true,"href":"https:\/\/www.europesays.com\/fi\/wp-json\/wp\/v2\/users\/2"}],"replies":[{"embeddable":true,"href":"https:\/\/www.europesays.com\/fi\/wp-json\/wp\/v2\/comments?post=29179"}],"version-history":[{"count":0,"href":"https:\/\/www.europesays.com\/fi\/wp-json\/wp\/v2\/posts\/29179\/revisions"}],"wp:featuredmedia":[{"embeddable":true,"href":"https:\/\/www.europesays.com\/fi\/wp-json\/wp\/v2\/media\/29180"}],"wp:attachment":[{"href":"https:\/\/www.europesays.com\/fi\/wp-json\/wp\/v2\/media?parent=29179"}],"wp:term":[{"taxonomy":"category","embeddable":true,"href":"https:\/\/www.europesays.com\/fi\/wp-json\/wp\/v2\/categories?post=29179"},{"taxonomy":"post_tag","embeddable":true,"href":"https:\/\/www.europesays.com\/fi\/wp-json\/wp\/v2\/tags?post=29179"}],"curies":[{"name":"wp","href":"https:\/\/api.w.org\/{rel}","templated":true}]}}