{"id":291823,"date":"2026-07-03T00:15:17","date_gmt":"2026-07-03T00:15:17","guid":{"rendered":"https:\/\/www.europesays.com\/fi\/291823\/"},"modified":"2026-07-03T00:15:17","modified_gmt":"2026-07-03T00:15:17","slug":"ilovaari-ja-kesan-ensimmainen-pesapallon-paikalliskamppailu-katso-loppuviikon-menokooste-pohjois-karjalaan-paikalliset","status":"publish","type":"post","link":"https:\/\/www.europesays.com\/fi\/291823\/","title":{"rendered":"Ilovaari ja kes\u00e4n ensimm\u00e4inen pes\u00e4pallon paikalliskamppailu \u2013 Katso loppuviikon menokooste Pohjois-Karjalaan | Paikalliset"},"content":{"rendered":"<p>Koostimme t\u00e4h\u00e4n juttuun joitakin poimintoja Pohjois-Karjalan tapahtumatarjonnasta loppuviikolta. Lis\u00e4\u00e4 menovinkkej\u00e4 voit katsoa Karjalaisen tapahtumakalenterista <a href=\"https:\/\/pohjois-karjala.menoinfo.fi\/fi-FI\/search?start=3.7.2026&amp;end=5.7.2026&amp;contentTab=time-sensetive&amp;sort=startDate\" rel=\"nofollow noopener\" target=\"_blank\">t\u00e4\u00e4lt\u00e4<\/a>.<\/p>\n<p>\t\t\t\tTapahtumat<\/p>\n<p><strong>Suurtorip\u00e4iv\u00e4<\/strong> Kiteen torilla perjantaina kello 9\u201316. Useilta vuosilta tuttu toritapahtuma t\u00e4ytt\u00e4\u00e4 Kiteen torin kauppiaista, joita on noin 25.<\/p>\n<p><strong>R\u00e4\u00e4kkyl\u00e4n<\/strong> torilla pidet\u00e4\u00e4n perjantaina ensimm\u00e4inen kuudesta kes\u00e4torista kello 9\u201313. Myynniss\u00e4 on leivonnaisia, k\u00e4sit\u00f6it\u00e4, kes\u00e4kukkia ja muita sesonkituotteita. My\u00f6s torikahvio palvelee.<\/p>\n<p><strong>Kes\u00e4kiertue<\/strong> Joensuun torilla perjantaina kello 13\u201316. Mukana Tomi ja Sanna Lehto ja luvassa on voimallinen Pyh\u00e4n Hengen tilaisuus. Tapahtumassa on Hengen johdattamaa ylistyst\u00e4, selke\u00e4\u00e4 ja uskoa vahvistavaa sanomaa.<\/p>\n<p><strong>Paksuniemen <\/strong>Myllyn avajaiset perjantaina kello 16.30\u201317.30. Myllyss\u00e4 n\u00e4ht\u00e4vill\u00e4 Hanna &amp; August Luukkosen valokuvia yms. mielenkiintoista, p\u00e4\u00e4set vaikkapa istumaan syntisten penkkiin. Musiikista vastaa Keski-Karjalan Kansalaisopiston pelimanniryhm\u00e4.<\/p>\n<p><strong>Joensuussa<\/strong> Aittarannassa Aittiksen terdeCLUB perjantaina kello 17\u201322. Tarjolla musiikkia dj:n toimesta, ruokaa ja juomaa.<\/p>\n<p><strong>Lavatanssit<\/strong> Kermankosken lavalla Hein\u00e4vedell\u00e4. Terassi, kahvio-ravintola anniskeluoikeuksin ja esiintym\u00e4ss\u00e4 Sinitaivas-orkesteri. Perjantaina ja lauantaina.<\/p>\n<p><strong>Puhoksen <\/strong>perinnep\u00e4iv\u00e4t Kiteen Puhoksessa lauantaina kello 10\u201317 ja sunnuntaina kello 10\u201316. Tapahtuma on Keski-Karjalan suurimpia kes\u00e4tapahtumia ja kokoaa tuhansia k\u00e4vij\u00f6it\u00e4 kokemaan el\u00e4v\u00e4\u00e4 kone-, maaseutu- ja kulttuuriperinnett\u00e4.<\/p>\n<p><strong>Liperiss\u00e4<\/strong> P\u00e4ivil\u00e4n kes\u00e4n\u00e4yttelyiden avajaiset lauantaina kello 12\u201314. Kes\u00e4ll\u00e4 2026 P\u00e4ivil\u00e4ss\u00e4 on esill\u00e4 nelj\u00e4n taiteilijan teoksia.<\/p>\n<p><strong>Sotkuman<\/strong> kes\u00e4juhla lauantaina kello 15\u201320. Koostuu p\u00e4iv\u00e4tapahtumasta ja illan maksullisesta teatteriesityksest\u00e4.<\/p>\n<p><strong>P\u00e4ivil\u00e4n <\/strong>avointen ovien p\u00e4iv\u00e4 sunnuntaina kello 11.15\u201314.30. Avointen ovien p\u00e4iv\u00e4n\u00e4 voi tutustua kes\u00e4n taiden\u00e4yttelyiden ohella talon kiehtovaan historiaan ja P\u00e4ivil\u00e4n sanktuarin s\u00e4\u00e4ti\u00f6n toimintaan.<\/p>\n<p><strong>Kolin<\/strong> Mattilassa kansallinen Avoimet Puutarhat -teemap\u00e4iv\u00e4 sunnuntaina kello 12\u201317.<\/p>\n<p><strong>Kiteesalissa<\/strong> Nightwish 30 vuotta -tapahtuma. Kerrataan ja tutustutaan b\u00e4ndin historiaan.<\/p>\n<p>\t\t\t\tMusiikki<\/p>\n<p><strong>Ilovaari<\/strong>-festivaali perjantaina ja lauantaina Joensuussa Ilosaaressa. Kaksi p\u00e4iv\u00e4\u00e4 el\u00e4v\u00e4\u00e4 musiikkia, sopivasti erilaista, paljon kuunneltua, monelle merkityksellist\u00e4 ja ilman viimeist\u00e4 k\u00e4ytt\u00f6p\u00e4iv\u00e4\u00e4.<\/p>\n<p><strong>Yl\u00e4myllyn<\/strong> koulun Patteriston yksik\u00f6n ruokalassa j\u00e4rjestet\u00e4\u00e4n yhteislaulutuokio perjantaina kello 14\u201315. Teemana on kansanlaulut. Lauluja s\u00e4est\u00e4v\u00e4t ja laulattavat Liperin kunnan Kes\u00e4soittajat.<\/p>\n<p><strong>Lieksassa<\/strong> Monolan aitan pihapiiriss\u00e4 Joensuun konservatorion opiskelijat, veljekset sellisti-pianisti <strong>Aarni Sippola <\/strong>ja pianisti <strong>Ilmari Sippola <\/strong>musisoivat yhdess\u00e4 ja erikseen Sibeliuksen inspiraation l\u00e4hteill\u00e4. Perjantaina kello 13\u201313.30.<\/p>\n<p><strong>Tohmaj\u00e4rven<\/strong> kirkossa It&#8217;s a Wonderful World -kes\u00e4konsertti perjantaina kello 14\u201315. Laulusolistina esiintyy vasta 16-vuotias <strong>Minni Tuomisalo<\/strong>, sellistin\u00e4 <strong>Seeli Toivio <\/strong>ja saksofonistina <strong>Olli-Pekka Tuomisalo<\/strong>.<\/p>\n<p><strong>Kiteell\u00e4 <\/strong>perjantaina kello 15\u201316 Piuttin Pojat \u2013 Hiski Salomaa 135 vuotta -juhlakonsertti. Kyseess\u00e4 on Puhoksen primitiivikeramiikka- ja taideviikkojen p\u00e4\u00e4t\u00f6stapahtuma.<\/p>\n<p><strong>Nurmeksessa <\/strong>Bomban kes\u00e4teatterissa musiikkin\u00e4ytelm\u00e4 Sisko, joka ammentaa inspiraationsa Kalevalan naishahmoista ja karjalaisesta kansanperinteest\u00e4. Perjantaina kello 18\u201319.30, lauantaina kello 15\u201316.30 ja sunnuntaina kello 15\u201316.30.<\/p>\n<p><strong>Joensuussa<\/strong> kes\u00e4ravintola Tuulaakissa Jokulele Orkesteri perjantaina kello 20\u201323. Jokulele yhdist\u00e4\u00e4 rohkeasti uutta ja vanhaa; ukulelet, loota, pyykkilauta ja laulut muotoutuvat ihan uudeksi musiikkigenreksi.<\/p>\n<p><strong>Joensuun<\/strong> torilla Kukko Boys 25 vuotta -juhlakiertue lauantaina kello 13\u201314. Viihdeorkesteri juhlistaa 25-vuotista taivaltaan kes\u00e4n 2026 Lieksa kyl\u00e4ss\u00e4 -kiertueella, joka tuo musiikkia, iloa ja karjalaista vieraanvaraisuutta eri puolille Suomea.<\/p>\n<p>\t\t\t\tElokuvat<\/p>\n<p><strong>Joensuussa<\/strong> Tapiossa Jonain p\u00e4iv\u00e4n\u00e4 -elokuvan ensi-ilta perjantaina kello 16.<\/p>\n<p><strong>Joensuussa<\/strong> Tapiossa The Death of Robin Hood -elokuvan ensi-ilta perjantaina kello 19.10.<\/p>\n<p>\t\t\t\tTeatteri<\/p>\n<p><strong>Joensuussa<\/strong> Sinkkolan kes\u00e4n\u00e4ytt\u00e4m\u00f6ll\u00e4 Veljeni Leijonamieli lauantaina ja sunnuntaina kello 14\u201316. Luvassa on seikkailua, satumainen Nangijalan maailma, huumoria ja herkkyytt\u00e4.<\/p>\n<p><strong>Juuassa<\/strong> Onnennumerot-kes\u00e4teatteri sunnuntaina kello 19\u201321. Tarina py\u00f6rii Parkkisten perheen ymp\u00e4rill\u00e4.<\/p>\n<p>\t\t\t\tUrheilu<\/p>\n<p><strong>Amerikkalaisen<\/strong> jalkapallon miesten 2. divisioonan ottelu Joensuu Wolves\u2013H\u00e4meenlinna Tigers lauantaina kello 15\u201318 Mehtim\u00e4en tekonurmella.<\/p>\n<p><strong>Kiteen <\/strong>Rantakent\u00e4ll\u00e4 pes\u00e4pallokes\u00e4n ensimm\u00e4inen paikalliskamppailu Kiteen Pallo\u2013Joensuun Maila. Ottelu alkaa kello 17.<\/p>\n<p>Artikkelia korjattu 2.7.2026 kello 18.31: Puhoksen perinnep\u00e4iv\u00e4t j\u00e4rjestet\u00e4\u00e4n la-su, ei pe-la, kuten jutussa aiemmin virheellisesti luki.<\/p>\n","protected":false},"excerpt":{"rendered":"Koostimme t\u00e4h\u00e4n juttuun joitakin poimintoja Pohjois-Karjalan tapahtumatarjonnasta loppuviikolta. Lis\u00e4\u00e4 menovinkkej\u00e4 voit katsoa Karjalaisen tapahtumakalenterista t\u00e4\u00e4lt\u00e4. Tapahtumat Suurtorip\u00e4iv\u00e4 Kiteen&hellip;\n","protected":false},"author":2,"featured_media":291824,"comment_status":"","ping_status":"","sticky":false,"template":"","format":"standard","meta":{"footnotes":"","_share_on_mastodon":"0"},"categories":[130],"tags":[137,33,31,30,1009,7621,6310,32,2599,109],"class_list":["post-291823","post","type-post","status-publish","format-standard","has-post-thumbnail","category-viihde","tag-entertainment","tag-fi","tag-finland","tag-finnish","tag-kitee","tag-pesapalloilu","tag-raakkyla","tag-suomi","tag-tapahtumat-ja-tapahtumatiedot","tag-viihde"],"share_on_mastodon":{"url":"https:\/\/pubeurope.com\/@fi\/116853166857256012","error":""},"_links":{"self":[{"href":"https:\/\/www.europesays.com\/fi\/wp-json\/wp\/v2\/posts\/291823","targetHints":{"allow":["GET"]}}],"collection":[{"href":"https:\/\/www.europesays.com\/fi\/wp-json\/wp\/v2\/posts"}],"about":[{"href":"https:\/\/www.europesays.com\/fi\/wp-json\/wp\/v2\/types\/post"}],"author":[{"embeddable":true,"href":"https:\/\/www.europesays.com\/fi\/wp-json\/wp\/v2\/users\/2"}],"replies":[{"embeddable":true,"href":"https:\/\/www.europesays.com\/fi\/wp-json\/wp\/v2\/comments?post=291823"}],"version-history":[{"count":0,"href":"https:\/\/www.europesays.com\/fi\/wp-json\/wp\/v2\/posts\/291823\/revisions"}],"wp:featuredmedia":[{"embeddable":true,"href":"https:\/\/www.europesays.com\/fi\/wp-json\/wp\/v2\/media\/291824"}],"wp:attachment":[{"href":"https:\/\/www.europesays.com\/fi\/wp-json\/wp\/v2\/media?parent=291823"}],"wp:term":[{"taxonomy":"category","embeddable":true,"href":"https:\/\/www.europesays.com\/fi\/wp-json\/wp\/v2\/categories?post=291823"},{"taxonomy":"post_tag","embeddable":true,"href":"https:\/\/www.europesays.com\/fi\/wp-json\/wp\/v2\/tags?post=291823"}],"curies":[{"name":"wp","href":"https:\/\/api.w.org\/{rel}","templated":true}]}}