{"id":292176,"date":"2026-07-03T09:55:07","date_gmt":"2026-07-03T09:55:07","guid":{"rendered":"https:\/\/www.europesays.com\/fi\/292176\/"},"modified":"2026-07-03T09:55:07","modified_gmt":"2026-07-03T09:55:07","slug":"kahta-henkiloa-epaillaan-torkeasta-laittomasta-tiedustelutoiminnasta-ruotsissa-uutisia-lyhyesti","status":"publish","type":"post","link":"https:\/\/www.europesays.com\/fi\/292176\/","title":{"rendered":"Kahta henkil\u00f6\u00e4 ep\u00e4ill\u00e4\u00e4n t\u00f6rke\u00e4st\u00e4 laittomasta tiedustelutoiminnasta Ruotsissa | Uutisia lyhyesti"},"content":{"rendered":"<p class=\"aw__sc-1qwuw0s-0 aw__sc-1vg2sqm-0 epAWpq ecELkD yle__article__paragraph\">Henkil\u00f6t pid\u00e4tettiin keskiviikkona, ja syytt\u00e4j\u00e4 vaatii heit\u00e4 vangittavaksi t\u00e4n\u00e4\u00e4n perjantaina.<\/p>\n<p>11:08\u2022P\u00e4ivitetty 11:09<\/p>\n<p class=\"aw__sc-1qwuw0s-0 aw__sc-ngllmo-0 epAWpq fzYpjk yle__article__paragraph\">Kahta henkil\u00f6\u00e4 vaaditaan vangittavaksi ep\u00e4iltyn\u00e4 t\u00f6rke\u00e4st\u00e4 laittomasta tiedustelutoiminnasta Ruotsia vastaan, kirjoittaa <a class=\"aw__sc-ngllmo-1 bTDnwX yle__article__link\" href=\"https:\/\/www.aklagare.se\/for-media\/pressmeddelanden\/2026\/juli\/tva-personer-begarda-haktade-for-grov-olovlig-underrattelseverksamhet-mot-sverige\/\" role=\"link\" rel=\"nofollow noopener\" target=\"_blank\">syytt\u00e4j\u00e4viranomainen tiedotteessaan<\/a>.<\/p>\n<p class=\"aw__sc-1qwuw0s-0 aw__sc-ngllmo-0 epAWpq fzYpjk yle__article__paragraph\">Vangitsemisoikeudenk\u00e4ynnit pidet\u00e4\u00e4n Tukholman k\u00e4r\u00e4j\u00e4oikeudessa perjantai-iltap\u00e4iv\u00e4n\u00e4. Henkil\u00f6t pid\u00e4tettiin keskiviikkona. Heid\u00e4n kansalaisuuttaan tai yksityiskohtia tiedustelutoiminnasta ei ole kerrottu.<\/p>\n<p class=\"aw__sc-1qwuw0s-0 aw__sc-ngllmo-0 epAWpq fzYpjk yle__article__paragraph\">Apulaisp\u00e4\u00e4syytt\u00e4j\u00e4 <strong class=\"aw__sc-ngllmo-2 gdRrun yle__article__strong\">Henrik Olin<\/strong> on ilmoittanut, ettei h\u00e4n ole median saatavilla ennen vangitsemisoikeudenk\u00e4yntej\u00e4 tai niiden j\u00e4lkeen. H\u00e4n ty\u00f6skentelee syytt\u00e4j\u00e4viranomaisen turvallisuusasioiden valtakunnallisessa yksik\u00f6ss\u00e4 ja johtaa esitutkintaa.<\/p>\n","protected":false},"excerpt":{"rendered":"Henkil\u00f6t pid\u00e4tettiin keskiviikkona, ja syytt\u00e4j\u00e4 vaatii heit\u00e4 vangittavaksi t\u00e4n\u00e4\u00e4n perjantaina. 11:08\u2022P\u00e4ivitetty 11:09 Kahta henkil\u00f6\u00e4 vaaditaan vangittavaksi ep\u00e4iltyn\u00e4 t\u00f6rke\u00e4st\u00e4&hellip;\n","protected":false},"author":2,"featured_media":291763,"comment_status":"","ping_status":"","sticky":false,"template":"","format":"standard","meta":{"footnotes":"","_share_on_mastodon":"0"},"categories":[14],"tags":[22,23,26,27,33,31,30,17,24,25,28,29,15,18,21,581,110,32,19,20,2693,56,16,6104,1286,59,60,61],"class_list":["post-292176","post","type-post","status-publish","format-standard","has-post-thumbnail","category-ulkomaat","tag-breaking-news","tag-breakingnews","tag-featured-news","tag-featurednews","tag-fi","tag-finland","tag-finnish","tag-headlines","tag-latest-news","tag-latestnews","tag-main-news","tag-mainnews","tag-news","tag-otsikot","tag-paauutiset","tag-rikokset","tag-ruotsi","tag-suomi","tag-top-stories","tag-topstories","tag-tukholma","tag-ulkomaat","tag-uutiset","tag-vakoilu","tag-vangitsemisoikeudenkaynti","tag-world","tag-world-news","tag-worldnews"],"share_on_mastodon":{"url":"https:\/\/pubeurope.com\/@fi\/116855447771807457","error":""},"_links":{"self":[{"href":"https:\/\/www.europesays.com\/fi\/wp-json\/wp\/v2\/posts\/292176","targetHints":{"allow":["GET"]}}],"collection":[{"href":"https:\/\/www.europesays.com\/fi\/wp-json\/wp\/v2\/posts"}],"about":[{"href":"https:\/\/www.europesays.com\/fi\/wp-json\/wp\/v2\/types\/post"}],"author":[{"embeddable":true,"href":"https:\/\/www.europesays.com\/fi\/wp-json\/wp\/v2\/users\/2"}],"replies":[{"embeddable":true,"href":"https:\/\/www.europesays.com\/fi\/wp-json\/wp\/v2\/comments?post=292176"}],"version-history":[{"count":0,"href":"https:\/\/www.europesays.com\/fi\/wp-json\/wp\/v2\/posts\/292176\/revisions"}],"wp:featuredmedia":[{"embeddable":true,"href":"https:\/\/www.europesays.com\/fi\/wp-json\/wp\/v2\/media\/291763"}],"wp:attachment":[{"href":"https:\/\/www.europesays.com\/fi\/wp-json\/wp\/v2\/media?parent=292176"}],"wp:term":[{"taxonomy":"category","embeddable":true,"href":"https:\/\/www.europesays.com\/fi\/wp-json\/wp\/v2\/categories?post=292176"},{"taxonomy":"post_tag","embeddable":true,"href":"https:\/\/www.europesays.com\/fi\/wp-json\/wp\/v2\/tags?post=292176"}],"curies":[{"name":"wp","href":"https:\/\/api.w.org\/{rel}","templated":true}]}}