{"id":292333,"date":"2026-07-03T13:42:15","date_gmt":"2026-07-03T13:42:15","guid":{"rendered":"https:\/\/www.europesays.com\/fi\/292333\/"},"modified":"2026-07-03T13:42:15","modified_gmt":"2026-07-03T13:42:15","slug":"muistatko-nama-salkkareiden-dramaattiset-juonenkaanteet","status":"publish","type":"post","link":"https:\/\/www.europesays.com\/fi\/292333\/","title":{"rendered":"Muistatko n\u00e4m\u00e4 Salkkareiden dramaattiset juonenk\u00e4\u00e4nteet?"},"content":{"rendered":"<p class=\"article-content article-content-width !bg-background\">Salatut<br \/>\nel\u00e4m\u00e4t j\u00e4\u00e4 kes\u00e4tauolle 3. hein\u00e4kuuta. Luvassa on j\u00e4lleen kutkuttava cliffhanger eli \u00e4killinen juonenk\u00e4\u00e4nne juuri ennen tauon alkua. Sarjan 27-vuotiaaseen historiaan on mahtunut monta ikimuistoista cliffhangeria. Katso<br \/>\nesittelee niist\u00e4 dramaattisimpia vanhimmasta uusimpaan.<\/p>\n<p>1. Kentauri r\u00e4j\u00e4ht\u00e4\u00e4<\/p>\n<p class=\"article-content article-content-width !bg-background\">Kentauri, alkuper\u00e4iselt\u00e4 nimelt\u00e4\u00e4n Barbaari, oli Salatuissa el\u00e4miss\u00e4 toiminut kahvila vuosina 2004\u20132009. Kentauri r\u00e4j\u00e4hti kev\u00e4tkauden 2009 p\u00e4\u00e4t\u00f6sjaksossa Perutaan h\u00e4\u00e4t, perutaan yhteinen hautapaikka?.<\/p>\n<p>                <img decoding=\"async\" src=\"https:\/\/www.europesays.com\/fi\/wp-content\/uploads\/2026\/07\/2196855.webp\" width=\"576\" height=\"274\" alt=\"Kentaurin r\u00e4j\u00e4hdyksess\u00e4 kuoli kolme ihmist\u00e4.\" loading=\"lazy\" \/>            <\/p>\n<p>\n            Kentaurin r\u00e4j\u00e4hdyksess\u00e4 kuoli kolme ihmist\u00e4.<br \/>\n            MTV\n        <\/p>\n<p class=\"article-content article-content-width !bg-background\">Kentauri oli Salla Mattilan ja Ismo Laitelan h\u00e4iden juhlapaikkana. R\u00e4j\u00e4hdyksess\u00e4 kuolivat Eero Vaalanne, Juulia Autio sek\u00e4 kynttil\u00e4\u00e4 pidellyt tarjoilija.<\/p>\n<p class=\"article-content article-content-width !bg-background\">Jakson j\u00e4rkytt\u00e4vimp\u00e4n\u00e4 kohtauksena pidettiin sit\u00e4, kun Eero hautasi raskaana olevan Paulan el\u00e4v\u00e4lt\u00e4 Kentaurin lankkulattioiden alle.<\/p>\n<p>2. Seppo saa syd\u00e4nkohtauksen<\/p>\n<p>                <img decoding=\"async\" src=\"https:\/\/www.europesays.com\/fi\/wp-content\/uploads\/2026\/07\/2196911.webp\" width=\"576\" height=\"341\" alt=\"Jarmo Kosken esitt\u00e4m\u00e4 Seppo Taalasmaa on ollut yksi Salattujen el\u00e4mien suosituimmista hahmoista. Kuva vuodelta 2021.\" loading=\"lazy\" \/>            <\/p>\n<p>\n            Jarmo Kosken esitt\u00e4m\u00e4 Seppo Taalasmaa on ollut yksi Salattujen el\u00e4mien suosituimmista hahmoista. Kuva vuodelta 2021.<br \/>\n            MTV Oy\n        <\/p>\n<p class=\"article-content article-content-width !bg-background\">Kauden 2003\u20132004 p\u00e4\u00e4t\u00f6sjaksossa, Viesti menneisyydest\u00e4 tyrm\u00e4\u00e4 Sepon, Seppo kuulee Saulin lukemasta kirjeest\u00e4, ettei olekaan Elinan biologinen is\u00e4.<\/p>\n<p class=\"article-content article-content-width !bg-background\">Elinan oikea is\u00e4 onkin Sepon puolison Ullan nuoruudenrakkaus Martti. T\u00e4m\u00e4n kuullessaan Seppo saa syd\u00e4nkohtauksen.<\/p>\n<p>3. Seppo yritt\u00e4\u00e4 hirtt\u00e4\u00e4 itsens\u00e4<\/p>\n<p>                <img decoding=\"async\" src=\"https:\/\/www.europesays.com\/fi\/wp-content\/uploads\/2026\/07\/2196930.webp\" width=\"576\" height=\"274\" alt=\"Seppo on valmis p\u00e4\u00e4tt\u00e4m\u00e4\u00e4n p\u00e4iv\u00e4ns\u00e4, mutta h\u00e4n selvi\u00e4\u00e4 hengiss\u00e4.\" loading=\"lazy\" \/>            <\/p>\n<p>\n            Seppo on valmis p\u00e4\u00e4tt\u00e4m\u00e4\u00e4n p\u00e4iv\u00e4ns\u00e4, mutta h\u00e4n selvi\u00e4\u00e4 hengiss\u00e4.<br \/>\n            MTV\n        <\/p>\n<p class=\"article-content article-content-width !bg-background\">Pitk\u00e4perjantaina 2012 esitetyss\u00e4 dramaattisessa jaksossa, Seppo laulaa viimeisen virtens\u00e4, alkoholisoitunut Seppo yritt\u00e4\u00e4 hirtt\u00e4\u00e4 itsens\u00e4.<\/p>\n<p class=\"article-content article-content-width !bg-background\">H\u00e4n luuli, ett\u00e4 oli ajanut kuolettavasti Helenan Sebastian-pojan juuri vihityn vaimon Marian p\u00e4\u00e4lle.<\/p>\n<p class=\"article-content article-content-width !bg-background\">Seuraavassa jaksossa, Isabella ottaa kieron kirjekurssin, Seppo saadaan elvytetyksi.<\/p>\n<p>4. Lentokoneonnettomuus<\/p>\n<p>                <img decoding=\"async\" src=\"https:\/\/www.europesays.com\/fi\/wp-content\/uploads\/2026\/07\/2196965.webp\" width=\"576\" height=\"274\" alt=\"Isabella (Kirsi St\u00e5hlberg) ja Helena (Anneli Ranta) joutuivat lentokonekaappauksen uhreiksi.\" loading=\"lazy\" \/>            <\/p>\n<p>\n            Isabella (Kirsi St\u00e5hlberg) ja Helena (Anneli Ranta) joutuivat lentokonekaappauksen uhreiksi.<br \/>\n            MTV\n        <\/p>\n<p class=\"article-content article-content-width !bg-background\">Salkkareiden kev\u00e4tkausi 2013 p\u00e4\u00e4ttyy lentokoneonnettomuuteen, kun Seppo on voittanut ristikkolehden arvonnasta luksusloman Havaijille.<\/p>\n<p class=\"article-content article-content-width !bg-background\">Lentokoneesta l\u00f6ytyv\u00e4t kuitenkin kaapatut Helena, Sergei, Sebastian, Peppi ja Isabella. Kaiken takana on Heiskanen, joka on vainonnut jo pitk\u00e4\u00e4n Kuulan perhett\u00e4.<\/p>\n<p>        <a itemprop=\"url\" href=\"https:\/\/www.seiska.fi\/katso\/salatut-elamat-paattyy-dramaattisesti\/2181197\" rel=\"nofollow noopener\" target=\"_blank\"><\/p>\n<p>\nSalatut el\u00e4m\u00e4t:\n<\/p>\n<p class=\"section-date\">\n        <strong class=\"article-section\" data-section=\"katso\"><br \/>\n            katso<br \/>\n        <\/strong><br \/>\n        25.6. 07:15\n    <\/p>\n<p>Salatut el\u00e4m\u00e4t p\u00e4\u00e4ttyy dramaattisesti\n    <\/p>\n<p itemprop=\"description\" class=\"subtitle \">\n    Salatut el\u00e4m\u00e4t j\u00e4\u00e4 kes\u00e4tauolle perjantaina 3.7.\n<\/p>\n<p>        <\/a><\/p>\n<p class=\"article-content article-content-width !bg-background\">Heiskanen on kaapannut koneen ja myrkytt\u00e4nyt kuolettavasti pilotin. Helena yritt\u00e4\u00e4 ottaa lentokoneen haltuunsa, mutta se l\u00e4htee hallitsemattomaan sy\u00f6ksyyn ja tekee pakkolaskun Siperiaan.<\/p>\n<p>5. Ammuskelu Katariinan hyv\u00e4ntekev\u00e4isyystanssiaisissa<\/p>\n<p>                <img decoding=\"async\" src=\"https:\/\/www.europesays.com\/fi\/wp-content\/uploads\/2026\/07\/2197008.webp\" width=\"576\" height=\"274\" alt=\"Katariinan (Jenni Banerjee, vas.) hyv\u00e4ntekev\u00e4isyystanssiaiset saivat dramaattisen k\u00e4\u00e4nteen. Oikealla Jiri (Mikko Parikka).\" loading=\"lazy\" \/>            <\/p>\n<p>\n            Katariinan (Jenni Banerjee, vas.) hyv\u00e4ntekev\u00e4isyystanssiaiset saivat dramaattisen k\u00e4\u00e4nteen. Oikealla Jiri (Mikko Parikka).<br \/>\n            MTV\n        <\/p>\n<p class=\"article-content article-content-width !bg-background\">Salkkareiden kev\u00e4tkausi 2014 p\u00e4\u00e4ttyi dramaattisesti jaksossa Valse triste. R\u00f6nkk\u00f6 ja h\u00e4nen rikoskumppaninsa, jotka ovat uhkailleet Katarinaa, Monicaa ja Sergeit\u00e4, pakenevat vankilasta ja soluttatuvat tanssiaisiin.<\/p>\n<p class=\"article-content article-content-width !bg-background\">Tilanne k\u00e4rjistyy ampumiseen, jonka seurauksena Paula Sievinen saa luodista, vaipuu koomaan ja lopulta kuolee.<\/p>\n<p>6. Helikopterionnettomuus<\/p>\n<p>                <img decoding=\"async\" src=\"https:\/\/www.europesays.com\/fi\/wp-content\/uploads\/2026\/07\/2197037.webp\" width=\"576\" height=\"274\" alt=\"Helikopterionnettomuus j\u00e4rkytti Pihlajakatua.\" loading=\"lazy\" \/>            <\/p>\n<p>\n            Helikopterionnettomuus j\u00e4rkytti Pihlajakatua.<br \/>\n            MTV\n        <\/p>\n<p class=\"article-content article-content-width !bg-background\">Kev\u00e4tkauden 2020 p\u00e4\u00e4t\u00f6sjaksossa, Ikuisesti sinun, Camilla ja Aki joutuvat helikopterionnettomuuteen vain hetki sen j\u00e4lkeen, kun he ovat menneet naimisiin.<\/p>\n<p class=\"article-content article-content-width !bg-background\">Helikopteri, joka kuljettaa tuoretta avioparia, rys\u00e4ht\u00e4\u00e4 Pihlajakadulle suoraan Talen ja Sannin auton p\u00e4\u00e4lle. Onnettomuudessa kuolevat Tale, Sanni ja heid\u00e4n poikansa Ilja.<\/p>\n<p>7. Noelia ammutaan<\/p>\n<p>                <img decoding=\"async\" src=\"https:\/\/www.europesays.com\/fi\/wp-content\/uploads\/2026\/07\/2197065.webp\" width=\"576\" height=\"274\" alt=\"Noel (Jarkko Miettinen) juhlii uutta pesti\u00e4\u00e4n, kunnes h\u00e4nt\u00e4 ammutaan.\" loading=\"lazy\" \/>            <\/p>\n<p>\n            Noel (Jarkko Miettinen) juhlii uutta pesti\u00e4\u00e4n, kunnes h\u00e4nt\u00e4 ammutaan.<br \/>\n            MTV\n        <\/p>\n<p class=\"article-content article-content-width !bg-background\">Noel on valittu Mustavaara-yhti\u00f6n toimitusjohtajaksi kev\u00e4tkauden 2022 p\u00e4\u00e4t\u00f6sjaksossa, Rikos. Noel juhlistaa uutta pesti\u00e4\u00e4n nauttimalla konjakkia, kunnes h\u00e4nt\u00e4 ammutaan takaap\u00e4in.<\/p>\n<p class=\"article-content article-content-width !bg-background\">Samaan aikaan Camilla her\u00e4\u00e4 koomasta, johon h\u00e4n vaipui helikopterionnettomuudessa kev\u00e4tkaudella 2020.<\/p>\n<p>8. Evan ja Kristianin salasuhde paljastuu<\/p>\n<p>                <img decoding=\"async\" src=\"https:\/\/www.europesays.com\/fi\/wp-content\/uploads\/2026\/07\/2197087.webp\" width=\"576\" height=\"274\" alt=\"Eva (Tiia Elg, vas.) on todellisuudessa Nellan \u00e4iti ja Kristian (Axel Milliam) Nellan poikayst\u00e4v\u00e4.\" loading=\"lazy\" \/>            <\/p>\n<p>\n            Eva (Tiia Elg, vas.) on todellisuudessa Nellan \u00e4iti ja Kristian (Axel Milliam) Nellan poikayst\u00e4v\u00e4.<br \/>\n            MTV\n        <\/p>\n<p class=\"article-content article-content-width !bg-background\">Kristian ja Eva ovat pit\u00e4neet suhteensa pitk\u00e4\u00e4n salassa, kunnes se paljastuu jaksossa Perhe t\u00e4ynn\u00e4 salaisuuksia.<\/p>\n<p class=\"article-content article-content-width !bg-background\">Kev\u00e4tkauden 2023 p\u00e4\u00e4t\u00f6sjaksossa Lasse on ostanut Nellan ja Kristianin uuteen kotiin pesutornin. Lasse joutuu kantamaan pesutornin yksin viidenteen kerrokseen, mutta putoaa portaissa.<\/p>\n<p>        <a itemprop=\"url\" href=\"https:\/\/www.seiska.fi\/katso\/esko-eerikainen-laukoi-suorat-sanat-gogille\/2190515\" rel=\"nofollow noopener\" target=\"_blank\"><\/p>\n<p>\nEsko Eerik\u00e4inen\n<\/p>\n<p class=\"section-date\">\n        <strong class=\"article-section\" data-section=\"katso\"><br \/>\n            katso<br \/>\n        <\/strong><br \/>\n        25.6. 13:15\n    <\/p>\n<p>Esko Eerik\u00e4inen laukoi suorat sanat Gogille\n    <\/p>\n<p itemprop=\"description\" class=\"subtitle \">\n    Gogi Mavromichalis ei ole noudattanut s\u00e4\u00e4nt\u00f6j\u00e4.\n<\/p>\n<p>        <\/a><\/p>\n<p class=\"article-content article-content-width !bg-background\">Nella, Joanna, Joonatan ja Miki viev\u00e4t h\u00e4net Nellan ja Kristianin kotiin toipumaan. Sielt\u00e4 he l\u00f6yt\u00e4v\u00e4t Nellan poikayst\u00e4v\u00e4n Kristianin ja Nellan \u00e4idin Evan harrastamassa seksi\u00e4.<\/p>\n<p>9. Dahlia juo<br \/>\nmyrkkyviini\u00e4<\/p>\n<p>                <img decoding=\"async\" src=\"https:\/\/www.europesays.com\/fi\/wp-content\/uploads\/2026\/07\/2197095.webp\" width=\"576\" height=\"274\" alt=\"Dahlia (Inkeri Mertanen) joi myrkytetty\u00e4 viini\u00e4.\" loading=\"lazy\" \/>            <\/p>\n<p>\n            Dahlia (Inkeri Mertanen) joi myrkytetty\u00e4 viini\u00e4.<br \/>\n            MTV\n        <\/p>\n<p class=\"article-content article-content-width !bg-background\">Dahlia, jota Aaron<br \/>\nk\u00e4yt\u00f6s on alkanut ep\u00e4ilytt\u00e4\u00e4 yh\u00e4 enemm\u00e4n, l\u00e4htee tutkimaan h\u00e4nen mysteeritaloaan<br \/>\nkev\u00e4tkauden 2025 p\u00e4\u00e4t\u00f6sjaksossa\u00a0Kohti pimeytt\u00e4. <\/p>\n<p class=\"article-content article-content-width !bg-background\">Dahlia l\u00f6yt\u00e4\u00e4<br \/>\ntalosta lastenhuoneen, jonka Aaro on kyh\u00e4nnyt Nadjalle eli Rebekalle. Dahlia-parka<br \/>\nei aavista olevansa hengenvaarassa, sill\u00e4 h\u00e4nen nuuskimisensa eiv\u00e4t j\u00e4\u00e4 Aarolta<br \/>\npimentoon. Pian Dahlia h\u00f6rppiikin kumppaninsa myrkytt\u00e4m\u00e4\u00e4 viini\u00e4. Vaarassa on<br \/>\nmy\u00f6s piskuinen Nadja, jonka kaappaamiseen Aaro saa hyv\u00e4n tilaisuuden, kun<br \/>\ntytt\u00f6\u00e4 hoitava Jutta p\u00e4\u00e4st\u00e4\u00e4 Nadjan silmist\u00e4\u00e4n.<\/p>\n<p>10. Laukaus kajahtaa<\/p>\n<p>                <img decoding=\"async\" src=\"https:\/\/www.europesays.com\/fi\/wp-content\/uploads\/2026\/07\/2197138.webp\" width=\"576\" height=\"274\" alt=\"Aaro (Teemu Lehtil\u00e4) on mukana Salkkareiden kev\u00e4tkauden 2026 dramaattisessa p\u00e4\u00e4t\u00f6sjaksossa.\" loading=\"lazy\" \/>            <\/p>\n<p>\n            Aaro (Teemu Lehtil\u00e4) on mukana Salkkareiden kev\u00e4tkauden 2026 dramaattisessa p\u00e4\u00e4t\u00f6sjaksossa.<br \/>\n            MTV\n        <\/p>\n<p class=\"article-content article-content-width !bg-background\">Ennen 3.7. alkavaa kes\u00e4taukoa\u00a0Salkkareiden 28. kaudella on ehtinyt tapahtua paljon. Draamaa riitt\u00e4\u00e4 my\u00f6s viimeisill\u00e4 minuuteilla.<\/p>\n<p class=\"article-content article-content-width !bg-background\">Marianna saa kuulla Akilta, ett\u00e4 h\u00e4nen vihamiehell\u00e4\u00e4n Henrikill\u00e4 menee hyvin. Kostonhimoinen Marianna kolkkaa Henrikin ja tuo t\u00e4m\u00e4n teollisuushalliin Aaron yll\u00e4tykseksi. Henrik raahataan asuntoautoon. Pian Henrikille selvi\u00e4\u00e4, ett\u00e4 Marianna oli se, joka auttoi Aaron pakoon.<\/p>\n<p class=\"article-content article-content-width !bg-background\">Aki ei saa kiinni serkkuaan puhelimitse ja p\u00e4\u00e4tt\u00e4\u00e4 l\u00e4hte\u00e4 selvitt\u00e4m\u00e4\u00e4n h\u00e4nen tilannettaan teollisuushallille, josta h\u00e4n l\u00f6yt\u00e4\u00e4 Henrikin.<\/p>\n<p class=\"article-content article-content-width !bg-background\">Aaro kuitenkin yll\u00e4tt\u00e4\u00e4 h\u00e4net. T\u00e4m\u00e4 aikoo tappaa niin Akin kuin Henrikin. Samaan aikaan Linda kurvaa paikalle. Linda j\u00e4rkyttyy, kun n\u00e4kee is\u00e4ns\u00e4 uhkaamassa aseella Akia. Ase laukaistaan ja yksi kaatuu maahan.<\/p>\n<p>        <a itemprop=\"url\" href=\"https:\/\/www.seiska.fi\/katso\/hanna-kinnunen-tassa-tilanteessa-salla-lahtee-salkkareista\/2172915\" rel=\"nofollow noopener\" target=\"_blank\"><\/p>\n<p>\nHanna Kinnunen:\n<\/p>\n<p class=\"section-date\">\n        <strong class=\"article-section\" data-section=\"katso\"><br \/>\n            katso<br \/>\n        <\/strong><br \/>\n        22.6. 06:15\n    <\/p>\n<p>Hanna Kinnunen: T\u00e4ss\u00e4 tilanteessa Salla l\u00e4htee Salkkareista\n    <\/p>\n<p itemprop=\"description\" class=\"subtitle \">\n    Hanna Kinnusen roolihahmo on ihastuttanut ja vihastuttanut vuosikymmenien ajan.\n<\/p>\n<p>        <\/a><\/p>\n","protected":false},"excerpt":{"rendered":"Salatut el\u00e4m\u00e4t j\u00e4\u00e4 kes\u00e4tauolle 3. hein\u00e4kuuta. Luvassa on j\u00e4lleen kutkuttava cliffhanger eli \u00e4killinen juonenk\u00e4\u00e4nne juuri ennen tauon alkua.&hellip;\n","protected":false},"author":2,"featured_media":292334,"comment_status":"","ping_status":"","sticky":false,"template":"","format":"standard","meta":{"footnotes":"","_share_on_mastodon":"0"},"categories":[133],"tags":[11825,7881,137,33,31,30,38651,209,4463,32,7939,206,156,109],"class_list":["post-292333","post","type-post","status-publish","format-standard","has-post-thumbnail","category-televisiot","tag-cliffhanger","tag-draama","tag-entertainment","tag-fi","tag-finland","tag-finnish","tag-juonenkaanteet","tag-salatut-elamat","tag-salkkarit","tag-suomi","tag-televisiosarja","tag-televisiot","tag-tv","tag-viihde"],"share_on_mastodon":{"url":"https:\/\/pubeurope.com\/@fi\/116856340795153408","error":""},"_links":{"self":[{"href":"https:\/\/www.europesays.com\/fi\/wp-json\/wp\/v2\/posts\/292333","targetHints":{"allow":["GET"]}}],"collection":[{"href":"https:\/\/www.europesays.com\/fi\/wp-json\/wp\/v2\/posts"}],"about":[{"href":"https:\/\/www.europesays.com\/fi\/wp-json\/wp\/v2\/types\/post"}],"author":[{"embeddable":true,"href":"https:\/\/www.europesays.com\/fi\/wp-json\/wp\/v2\/users\/2"}],"replies":[{"embeddable":true,"href":"https:\/\/www.europesays.com\/fi\/wp-json\/wp\/v2\/comments?post=292333"}],"version-history":[{"count":0,"href":"https:\/\/www.europesays.com\/fi\/wp-json\/wp\/v2\/posts\/292333\/revisions"}],"wp:featuredmedia":[{"embeddable":true,"href":"https:\/\/www.europesays.com\/fi\/wp-json\/wp\/v2\/media\/292334"}],"wp:attachment":[{"href":"https:\/\/www.europesays.com\/fi\/wp-json\/wp\/v2\/media?parent=292333"}],"wp:term":[{"taxonomy":"category","embeddable":true,"href":"https:\/\/www.europesays.com\/fi\/wp-json\/wp\/v2\/categories?post=292333"},{"taxonomy":"post_tag","embeddable":true,"href":"https:\/\/www.europesays.com\/fi\/wp-json\/wp\/v2\/tags?post=292333"}],"curies":[{"name":"wp","href":"https:\/\/api.w.org\/{rel}","templated":true}]}}