{"id":292357,"date":"2026-07-03T14:12:07","date_gmt":"2026-07-03T14:12:07","guid":{"rendered":"https:\/\/www.europesays.com\/fi\/292357\/"},"modified":"2026-07-03T14:12:07","modified_gmt":"2026-07-03T14:12:07","slug":"sofia-belorf-on-ulosotossa-seiska","status":"publish","type":"post","link":"https:\/\/www.europesays.com\/fi\/292357\/","title":{"rendered":"Sofia Bel\u00f3rf on ulosotossa | Seiska"},"content":{"rendered":"<p>\n            Sofia Bling Bling Dubai<br \/>\n            Sanoma\n        <\/p>\n<p class=\"subtitle \">Tv:st\u00e4 tuttu Sofia on j\u00e4tt\u00e4nyt laskun maksamatta.<\/p>\n<p class=\"article-content article-content-width !bg-background\">Seiskan selvityksen mukaan   on ulosotossa.<\/p>\n<p class=\"font-weight-bold m-font-weight-bold article-content article-content-width !bg-background\">Arkistovideo: N\u00e4in Sofia on muuttunut vuosien varrella:<\/p>\n<p class=\"article-content article-content-width !bg-background\">2. hein\u00e4kuuta haetun ulosottorekisterin mukaan Sofia on j\u00e4tt\u00e4nyt maksamatta 133 euron laskun. Ulosottomerkint\u00e4 koskee muita julkisoikeudellisia maksuja, ja sit\u00e4 perii Helsingin kaupunki.<\/p>\n<p class=\"article-content article-content-width !bg-background\">Merkint\u00e4 on tullut vireille 2. kes\u00e4kuuta. Se on ainut vireill\u00e4 oleva merkint\u00e4.<\/p>\n<p>YEL-vakuutusmaksut j\u00e4iv\u00e4t maksamatta<\/p>\n<p class=\"article-content article-content-width !bg-background\">Sofian ulosottorekisteri on kolmesivuinen. P\u00e4\u00e4ttyneit\u00e4 merkint\u00f6j\u00e4 on kahdeksan. Valtaosa niist\u00e4 ovat olleet vireill\u00e4 vuosina 2025\u20132026.\u00a0<\/p>\n<p class=\"article-content article-content-width !bg-background\">Sofia oli aiemmin j\u00e4tt\u00e4nyt maksamatta noin 600 euron YEL-vakuutusmaksuja yhteens\u00e4 seitsem\u00e4n kertaa. Tuorein n\u00e4ist\u00e4 merkinn\u00f6ist\u00e4 oli vireill\u00e4 maaliskuusta alkaen. Sofia maksoi velkansa toukokuuhun menness\u00e4. YEL-vakuutusmaksu on\u00a0pakollinen yritt\u00e4j\u00e4n el\u00e4kevakuutus.<\/p>\n<p class=\"article-content article-content-width !bg-background\">Joulukuussa 2025 Sofian ulosottorekisteriin p\u00e4\u00e4tyi merkint\u00e4 40 euron maksamattomista j\u00e4\u00e4nn\u00f6sveroista. Sofia maksoi velkansa helmikuuhun menness\u00e4.\u00a0<\/p>\n<p>        <a itemprop=\"url\" href=\"https:\/\/www.seiska.fi\/vain-seiskassa\/sofia-belorf-okyelamaa-aitipuolena-kuvat\/2137487\" rel=\"nofollow noopener\" target=\"_blank\"><\/p>\n<p>\nKuvat!\n<\/p>\n<p class=\"section-date\">\n        <strong class=\"article-section\" data-section=\"vain seiskassa\"><br \/>\n            vain seiskassa<br \/>\n        <\/strong><br \/>\n        29.4. 05:00\n    <\/p>\n<p>Sofia Bel\u00f3rf: \u00d6kyel\u00e4m\u00e4\u00e4 \u00e4itipuolena \u2013 kuvat!\n    <\/p>\n<p itemprop=\"description\" class=\"subtitle \">\n    Paparazzi yll\u00e4tti Sofian yksityissyntt\u00e4reill\u00e4 Louis Vuittonilla.\n<\/p>\n<p>        <\/a><\/p>\n<p>Sofia asuu ulkomailla<\/p>\n<p class=\"article-content article-content-width !bg-background\">Sofia asuu Arabiemiraattien Dubaissa yhdess\u00e4 yhdysvaltalaisen -rakkaansa kanssa. Rillimiljon\u00e4\u00e4rin\u00e4 tunnettu Jeff ja Sofia ovat viihtyneet yhdess\u00e4 noin kahden vuoden ajan.<\/p>\n<p class=\"article-content article-content-width !bg-background\">Sofia esittelee mielell\u00e4\u00e4n luksusel\u00e4m\u00e4\u00e4ns\u00e4 sosiaalisessa mediassa.<\/p>\n<p class=\"article-content article-content-width !bg-background\">Sofia nousi aikoinaan julkisuuteen voitettuaan Miss Helsinki -kilpailun vuonna 2010. H\u00e4n on my\u00f6s menestynyt bikini fitnessin parissa.<\/p>\n<p class=\"article-content article-content-width !bg-background\">Sofia voitti bikini fitnessin Suomen mestaruuden vuonna 2015. Pian t\u00e4m\u00e4n j\u00e4lkeen h\u00e4net kruunattiin my\u00f6s lajin maailmanmestariksi sek\u00e4 Suomessa vuoden fitness-urheilijaksi.<\/p>\n<p>        <a itemprop=\"url\" href=\"https:\/\/www.seiska.fi\/vain-seiskassa\/nyt-puhuu-sofia-belorfin-miljonaarirakas\/2137578\" rel=\"nofollow noopener\" target=\"_blank\"><\/p>\n<p>\nSofia Bel\u00f3rf\n<\/p>\n<p class=\"section-date\">\n        <strong class=\"article-section\" data-section=\"vain seiskassa\"><br \/>\n            vain seiskassa<br \/>\n        <\/strong><br \/>\n        30.4. 06:00\n    <\/p>\n<p>Nyt puhuu Sofia Bel\u00f3rfin miljon\u00e4\u00e4rirakas\n    <\/p>\n<p itemprop=\"description\" class=\"subtitle \">\n    Jeff-rakas avautuu suhteestaan Sofiaan Seiskalle, mutta haluaa pysy\u00e4 poissa parrasvaloista.\n<\/p>\n<p>        <\/a><\/p>\n<p class=\"article-content article-content-width !bg-background\">Sofian suhdekiemurat ovat kiinnostaneet Seiskan lukijoita vuosien varrella. H\u00e4n on aiemmin ollut naimisissa  kanssa. My\u00f6hemmin Sofia seurusteli Katiska-vyyhdin p\u00e4\u00e4tekij\u00e4  kanssa. Erottuaan Nikosta Sofia seurusteli jonkin aikaa liikemies  kanssa.<\/p>\n","protected":false},"excerpt":{"rendered":"Sofia Bling Bling Dubai Sanoma Tv:st\u00e4 tuttu Sofia on j\u00e4tt\u00e4nyt laskun maksamatta. Seiskan selvityksen mukaan on ulosotossa. Arkistovideo:&hellip;\n","protected":false},"author":2,"featured_media":292358,"comment_status":"","ping_status":"","sticky":false,"template":"","format":"standard","meta":{"footnotes":"","_share_on_mastodon":"0"},"categories":[158],"tags":[33,31,30,12982,1240,2758,159,32,9823,9822,9824,160],"class_list":["post-292357","post","type-post","status-publish","format-standard","has-post-thumbnail","category-urheilu","tag-fi","tag-finland","tag-finnish","tag-lasku","tag-raha","tag-sofia-belorf","tag-sports","tag-suomi","tag-ulosotto","tag-ulosottorekisteri","tag-ulosottovelka","tag-urheilu"],"share_on_mastodon":{"url":"https:\/\/pubeurope.com\/@fi\/116856458603632088","error":""},"_links":{"self":[{"href":"https:\/\/www.europesays.com\/fi\/wp-json\/wp\/v2\/posts\/292357","targetHints":{"allow":["GET"]}}],"collection":[{"href":"https:\/\/www.europesays.com\/fi\/wp-json\/wp\/v2\/posts"}],"about":[{"href":"https:\/\/www.europesays.com\/fi\/wp-json\/wp\/v2\/types\/post"}],"author":[{"embeddable":true,"href":"https:\/\/www.europesays.com\/fi\/wp-json\/wp\/v2\/users\/2"}],"replies":[{"embeddable":true,"href":"https:\/\/www.europesays.com\/fi\/wp-json\/wp\/v2\/comments?post=292357"}],"version-history":[{"count":0,"href":"https:\/\/www.europesays.com\/fi\/wp-json\/wp\/v2\/posts\/292357\/revisions"}],"wp:featuredmedia":[{"embeddable":true,"href":"https:\/\/www.europesays.com\/fi\/wp-json\/wp\/v2\/media\/292358"}],"wp:attachment":[{"href":"https:\/\/www.europesays.com\/fi\/wp-json\/wp\/v2\/media?parent=292357"}],"wp:term":[{"taxonomy":"category","embeddable":true,"href":"https:\/\/www.europesays.com\/fi\/wp-json\/wp\/v2\/categories?post=292357"},{"taxonomy":"post_tag","embeddable":true,"href":"https:\/\/www.europesays.com\/fi\/wp-json\/wp\/v2\/tags?post=292357"}],"curies":[{"name":"wp","href":"https:\/\/api.w.org\/{rel}","templated":true}]}}