{"id":292383,"date":"2026-07-03T14:43:09","date_gmt":"2026-07-03T14:43:09","guid":{"rendered":"https:\/\/www.europesays.com\/fi\/292383\/"},"modified":"2026-07-03T14:43:09","modified_gmt":"2026-07-03T14:43:09","slug":"taman-takia-venajan-isku-kiovaan-oli-niin-tuhoisa-uutissuomalainen","status":"publish","type":"post","link":"https:\/\/www.europesays.com\/fi\/292383\/","title":{"rendered":"T\u00e4m\u00e4n takia Ven\u00e4j\u00e4n isku Kiovaan oli niin tuhoisa | Uutissuomalainen"},"content":{"rendered":"<p>Ukrainan p\u00e4\u00e4kaupunkiin Kiovaan ja sen ymp\u00e4rist\u00f6\u00f6n tehty hy\u00f6kk\u00e4ys torstain vastaisena y\u00f6n\u00e4 oli tuhoisa Ven\u00e4j\u00e4n k\u00e4ytt\u00e4mien aseiden sek\u00e4 sen valitsemien kohteiden takia, kertoo <a href=\"https:\/\/edition.cnn.com\/2026\/07\/03\/world\/ukraine-russia-kyiv-attack-analysis-intl\" rel=\"nofollow noopener\" target=\"_blank\">CNN<\/a>.<\/p>\n<p>Ven\u00e4j\u00e4n valitsemia kohteita iskulle olivat muun muassa asuinrakennukset. Lis\u00e4ksi se k\u00e4ytti iskussa aseita, joihin lukeutui ballistisia ohjuksia, kiertelevi\u00e4 ammuksia ja suihkumoottorilla varustettuja drooneja.<\/p>\n<p><strong class=\"diks-storyline__impact\">Suihkumoottorilla varustetut droonit, <\/strong>kuten Geran-4, ovat suhteellisen uusi lis\u00e4ys Ven\u00e4j\u00e4n asevalikoimassa: ensimm\u00e4isen kerran niit\u00e4 havaittiin t\u00e4m\u00e4n vuoden alussa. N\u00e4m\u00e4 droonit voivat lent\u00e4\u00e4 jopa 500 kilometrin tuntinopeudella ja v\u00e4ist\u00e4\u00e4 siten Ukrainan ilmatorjuntaa. Ne ovat my\u00f6s liian nopeita Ukrainan liikkuville torjuntaryhmille, ja ne voidaan pudottaa alas ainoastaan ilmatorjuntaohjuksilla tai h\u00e4vitt\u00e4jill\u00e4.<\/p>\n<p>\u2013\u2009Vihollinen k\u00e4ytt\u00e4\u00e4 niit\u00e4 yh\u00e4 useammin, ja suihkumoottorilla varustettujen Shahed-droonien osuus niiden arsenaalissa kasvaa, mik\u00e4 kuluttaa [meid\u00e4n] voimavarojamme, Ukrainan ilmavoimien tiedottaja <strong>Juri Ihnat<\/strong> sanoi perjantaina CNN:n mukaan.<\/p>\n<p><strong class=\"diks-storyline__impact\">CNN:n tietojen mukaan<\/strong> iskussa kuoli ainakin 30 ihmist\u00e4, ja se oli sodan alkamisen j\u00e4lkeen kolmanneksi tuhoisin Kiovaan kohdistunut isku.<\/p>\n<p>Kiovan viranomaisten mukaan Kiovassa osuttiin noin 25 kohteeseen, joista suuri osa sijaitsi asuinalueilla. T\u00e4m\u00e4 todenn\u00e4k\u00f6isesti vaikutti poikkeuksellisen suureen uhrilukuun. Yksi ven\u00e4l\u00e4inen ohjus tuhosi 64 asuntoa k\u00e4sitt\u00e4v\u00e4n asuinrakennuksen, surmasi useita ihmisi\u00e4 ja j\u00e4tti kymmeni\u00e4 perheit\u00e4 kodittomiksi.<\/p>\n<p>\t\t\t\t\t<img class=\"diks-card__image\" src=\"https:\/\/www.europesays.com\/fi\/wp-content\/uploads\/2026\/07\/11538718.jpg\"   loading=\"lazy\" decoding=\"sync\" alt=\"\"\/><\/p>\n","protected":false},"excerpt":{"rendered":"Ukrainan p\u00e4\u00e4kaupunkiin Kiovaan ja sen ymp\u00e4rist\u00f6\u00f6n tehty hy\u00f6kk\u00e4ys torstain vastaisena y\u00f6n\u00e4 oli tuhoisa Ven\u00e4j\u00e4n k\u00e4ytt\u00e4mien aseiden sek\u00e4 sen&hellip;\n","protected":false},"author":2,"featured_media":269548,"comment_status":"","ping_status":"","sticky":false,"template":"","format":"standard","meta":{"footnotes":"","_share_on_mastodon":"0"},"categories":[14],"tags":[804,820,22,23,2617,26,27,33,31,30,17,3488,24,25,803,28,29,15,18,21,32,19,20,21377,56,16,2591,59,60,61],"class_list":["post-292383","post","type-post","status-publish","format-standard","has-post-thumbnail","category-ulkomaat","tag-aseelliset-konfliktit","tag-aseet","tag-breaking-news","tag-breakingnews","tag-cnn","tag-featured-news","tag-featurednews","tag-fi","tag-finland","tag-finnish","tag-headlines","tag-kiova","tag-latest-news","tag-latestnews","tag-levottomuudet-ja-sodat","tag-main-news","tag-mainnews","tag-news","tag-otsikot","tag-paauutiset","tag-suomi","tag-top-stories","tag-topstories","tag-ukrainan-kriisi","tag-ulkomaat","tag-uutiset","tag-venajan-hyokkays-ukrainaan","tag-world","tag-world-news","tag-worldnews"],"share_on_mastodon":{"url":"https:\/\/pubeurope.com\/@fi\/116856580527400387","error":""},"_links":{"self":[{"href":"https:\/\/www.europesays.com\/fi\/wp-json\/wp\/v2\/posts\/292383","targetHints":{"allow":["GET"]}}],"collection":[{"href":"https:\/\/www.europesays.com\/fi\/wp-json\/wp\/v2\/posts"}],"about":[{"href":"https:\/\/www.europesays.com\/fi\/wp-json\/wp\/v2\/types\/post"}],"author":[{"embeddable":true,"href":"https:\/\/www.europesays.com\/fi\/wp-json\/wp\/v2\/users\/2"}],"replies":[{"embeddable":true,"href":"https:\/\/www.europesays.com\/fi\/wp-json\/wp\/v2\/comments?post=292383"}],"version-history":[{"count":0,"href":"https:\/\/www.europesays.com\/fi\/wp-json\/wp\/v2\/posts\/292383\/revisions"}],"wp:featuredmedia":[{"embeddable":true,"href":"https:\/\/www.europesays.com\/fi\/wp-json\/wp\/v2\/media\/269548"}],"wp:attachment":[{"href":"https:\/\/www.europesays.com\/fi\/wp-json\/wp\/v2\/media?parent=292383"}],"wp:term":[{"taxonomy":"category","embeddable":true,"href":"https:\/\/www.europesays.com\/fi\/wp-json\/wp\/v2\/categories?post=292383"},{"taxonomy":"post_tag","embeddable":true,"href":"https:\/\/www.europesays.com\/fi\/wp-json\/wp\/v2\/tags?post=292383"}],"curies":[{"name":"wp","href":"https:\/\/api.w.org\/{rel}","templated":true}]}}