{"id":29251,"date":"2025-09-08T20:45:11","date_gmt":"2025-09-08T20:45:11","guid":{"rendered":"https:\/\/www.europesays.com\/fi\/29251\/"},"modified":"2025-09-08T20:45:11","modified_gmt":"2025-09-08T20:45:11","slug":"joel-harkimo-kommentoi-vihdoin-outoa-eroprosessiaan-seiskalle","status":"publish","type":"post","link":"https:\/\/www.europesays.com\/fi\/29251\/","title":{"rendered":"Joel Harkimo kommentoi vihdoin outoa eroprosessiaan Seiskalle"},"content":{"rendered":"<p>Joel Harkimo ja Janni Hussi kertoivat eroavansa hein\u00e4kuisessa yhteisp\u00e4ivityksess\u00e4\u00e4n sosiaalisessa mediassa. N\u00e4in kaksikko kirjoitti:<\/p>\n<p>\u2013 Me ollaan t\u00e4m\u00e4n kev\u00e4\u00e4n aikana tultu useiden keskustelujen j\u00e4lkeen lopputulokseen, ett\u00e4 meid\u00e4n tulevaisuuden visiot eiv\u00e4t lopulta kohtaa, Hussi ja Harkimo kirjoittivat Instagramissa ja jatkoivat:<\/p>\n<p>\u2013 Pitk\u00e4n harkinnan j\u00e4lkeen ollaan tultu siihen p\u00e4\u00e4t\u00f6kseen, ett\u00e4 tulemme j\u00e4tt\u00e4m\u00e4\u00e4n avioerohakemuksen l\u00e4hiviikkoina ja jatkamme el\u00e4m\u00e4ss\u00e4 yst\u00e4vin\u00e4. Meill\u00e4 on ollut paljon iloisia ja ihania rakkaudent\u00e4yteisi\u00e4 hetki\u00e4 vuosien varrella ja p\u00e4\u00e4t\u00f6s on meille molemmille tosi raskas.<\/p>\n<p>H\u00e4mmennyst\u00e4 on sittemmin her\u00e4tt\u00e4nyt se, etteiv\u00e4t asiat etene.<\/p>\n<p>Joel Harkimo ei osaa sanoa kumpi j\u00e4\u00e4 taloon asumaan<\/p>\n<p>Asiat eiv\u00e4t etene, sill\u00e4 pariskunta ei ole toimittanut avioerohakemusta k\u00e4r\u00e4j\u00e4oikeuteen.<\/p>\n<p>Ensin asian tarkasti Ilta-Sanomat kaksi viikkoa sitten, ja nyt tuoreeltaan Seiska.<\/p>\n<p>Avioerohakemusta ei l\u00f6ydy Helsingin k\u00e4r\u00e4j\u00e4oikeudesta eik\u00e4 It\u00e4-Uudenmaan k\u00e4r\u00e4j\u00e4oikeudesta. L\u00e4ht\u00f6kohtaisesti se voi l\u00f6yty\u00e4 kummasta vain, sill\u00e4 Hussi on kirjoilla Sipoossa ja Harkimo Helsingiss\u00e4.<\/p>\n<p>Nyt Seiska on tavoittanut Jollen kommentoimaan outoa tilannetta. Jolle bongattiin seurapiiritilaisuudesta Helsingist\u00e4.<\/p>\n<p>-Asiat etenev\u00e4t omana aikanaan, Jolle vastasi Seiskalle varsin mystisesti.<\/p>\n<p>Pari rakensi Sipooseen meren rannalle, Joel Harkimon Hjallis-is\u00e4lt\u00e4 vuokratulle tontille hulppean talon kolme vuotta sitten. Jolle ei kertonut Seiskalle kuka taloon j\u00e4\u00e4 asumaan.<\/p>\n<p>Lue my\u00f6s: <a href=\"https:\/\/www.como.fi\/uutiset\/is-janni-hussin-ja-joel-harkimon-paatos-herattaa-suurta-ihmettelya\/\" title=\"IS: \u2013 Janni Hussin ja Joel Harkimon p\u00e4\u00e4t\u00f6s her\u00e4tt\u00e4\u00e4 suurta ihmettely\u00e4\" class=\"underline-custom !font-montserrat !font-bold !underline-offset-4 !decoration-4 !decoration-red-600 !text-md\" rel=\"nofollow noopener\" target=\"_blank\">IS: \u2013 Janni Hussin ja Joel Harkimon p\u00e4\u00e4t\u00f6s her\u00e4tt\u00e4\u00e4 suurta ihmettely\u00e4<\/a><\/p>\n<p>Lue my\u00f6s: <a href=\"https:\/\/www.como.fi\/uutiset\/joel-harkimon-liikkuminen-hammensi-istui-pyoratuolissa\/\" title=\"Joel Harkimon liikkuminen h\u00e4mmensi \u2013 istui py\u00f6r\u00e4tuolissa!\" class=\"underline-custom !font-montserrat !font-bold !underline-offset-4 !decoration-4 !decoration-red-600 !text-md\" rel=\"nofollow noopener\" target=\"_blank\">Joel Harkimon liikkuminen h\u00e4mmensi \u2013 istui py\u00f6r\u00e4tuolissa!<\/a><\/p>\n<p>\u2013 En kommentoi, meill\u00e4 on v\u00e4h\u00e4n asiat auki, Jolle tokaisi<a href=\"https:\/\/www.iltalehti.fi\/viihdeuutiset\/a\/2b3f0a10-0446-4bba-be13-c7e8a99bc930\" target=\"_blank\" rel=\"noreferrer noopener nofollow\"> <\/a><a href=\"https:\/\/www.seiska.fi\/kotimaa\/nyt-puhuu-joel-harkimo-tasta-syysta-eroprosessi-jumittaa\/1921569\" target=\"_blank\" rel=\"noreferrer noopener nofollow\">Seiskalle.<\/a><\/p>\n<p>Lue my\u00f6s: <a href=\"https:\/\/www.como.fi\/tilaa-comon-uutiskirje\/\" title=\"Tilaa Comon uutiskirje ja tied\u00e4t mist\u00e4 kahvitauolla puhutaan! Nappaa kotimaan tv-vinkit ja puheenaiheet suoraan s\u00e4hk\u00f6postiin t\u00e4st\u00e4.\" class=\"underline-custom !font-montserrat !font-bold !underline-offset-4 !decoration-4 !decoration-red-600 !text-md\" rel=\"nofollow noopener\" target=\"_blank\">Tilaa Comon uutiskirje ja tied\u00e4t mist\u00e4 kahvitauolla puhutaan! Nappaa kotimaan tv-vinkit ja puheenaiheet suoraan s\u00e4hk\u00f6postiin t\u00e4st\u00e4.<\/a><\/p>\n","protected":false},"excerpt":{"rendered":"Joel Harkimo ja Janni Hussi kertoivat eroavansa hein\u00e4kuisessa yhteisp\u00e4ivityksess\u00e4\u00e4n sosiaalisessa mediassa. N\u00e4in kaksikko kirjoitti: \u2013 Me ollaan t\u00e4m\u00e4n&hellip;\n","protected":false},"author":2,"featured_media":29252,"comment_status":"","ping_status":"","sticky":false,"template":"","format":"standard","meta":{"footnotes":""},"categories":[130],"tags":[137,33,31,30,2175,2597,3520,32,109],"class_list":{"0":"post-29251","1":"post","2":"type-post","3":"status-publish","4":"format-standard","5":"has-post-thumbnail","7":"category-viihde","8":"tag-entertainment","9":"tag-fi","10":"tag-finland","11":"tag-finnish","12":"tag-hjallis-harkimo","13":"tag-janni-hussi","14":"tag-joel-harkimo","15":"tag-suomi","16":"tag-viihde"},"share_on_mastodon":{"url":"","error":""},"_links":{"self":[{"href":"https:\/\/www.europesays.com\/fi\/wp-json\/wp\/v2\/posts\/29251","targetHints":{"allow":["GET"]}}],"collection":[{"href":"https:\/\/www.europesays.com\/fi\/wp-json\/wp\/v2\/posts"}],"about":[{"href":"https:\/\/www.europesays.com\/fi\/wp-json\/wp\/v2\/types\/post"}],"author":[{"embeddable":true,"href":"https:\/\/www.europesays.com\/fi\/wp-json\/wp\/v2\/users\/2"}],"replies":[{"embeddable":true,"href":"https:\/\/www.europesays.com\/fi\/wp-json\/wp\/v2\/comments?post=29251"}],"version-history":[{"count":0,"href":"https:\/\/www.europesays.com\/fi\/wp-json\/wp\/v2\/posts\/29251\/revisions"}],"wp:featuredmedia":[{"embeddable":true,"href":"https:\/\/www.europesays.com\/fi\/wp-json\/wp\/v2\/media\/29252"}],"wp:attachment":[{"href":"https:\/\/www.europesays.com\/fi\/wp-json\/wp\/v2\/media?parent=29251"}],"wp:term":[{"taxonomy":"category","embeddable":true,"href":"https:\/\/www.europesays.com\/fi\/wp-json\/wp\/v2\/categories?post=29251"},{"taxonomy":"post_tag","embeddable":true,"href":"https:\/\/www.europesays.com\/fi\/wp-json\/wp\/v2\/tags?post=29251"}],"curies":[{"name":"wp","href":"https:\/\/api.w.org\/{rel}","templated":true}]}}