{"id":292570,"date":"2026-07-03T19:19:13","date_gmt":"2026-07-03T19:19:13","guid":{"rendered":"https:\/\/www.europesays.com\/fi\/292570\/"},"modified":"2026-07-03T19:19:13","modified_gmt":"2026-07-03T19:19:13","slug":"julia-roberts-harvinaiset-kuvat-lapsista","status":"publish","type":"post","link":"https:\/\/www.europesays.com\/fi\/292570\/","title":{"rendered":"Julia Roberts: Harvinaiset kuvat lapsista"},"content":{"rendered":"<p>            AOP\n        <\/p>\n<p class=\"subtitle \">Guru antoi t\u00e4hden lapsille hindulaiset nimet.<\/p>\n<p class=\"article-content article-content-width !bg-background\">Jos et tiennyt, ett\u00e4  on kolme lasta, se on ok. Ja jos et tiennyt, milt\u00e4 j\u00e4lkikasvu n\u00e4ytt\u00e4\u00e4, sekin on ok. 58-vuotias n\u00e4yttelij\u00e4 on n\u00e4et pit\u00e4nyt heit\u00e4 j\u00e4rjestelm\u00e4llisesti sivussa julkisesta el\u00e4m\u00e4st\u00e4\u00e4n.<\/p>\n<p class=\"font-weight-bold m-font-weight-bold article-content article-content-width !bg-background\">Video: n\u00e4m\u00e4 t\u00e4hdet ovat tavisvanhempiensa kaksoisolentoja<\/p>\n<p class=\"article-content article-content-width !bg-background\">Siksi onkin harvinaista, ett\u00e4 kes\u00e4kuussa kaikista kolmesta lapsesta lipsahti julkisuuteen kuvia.<\/p>\n<p class=\"article-content article-content-width !bg-background\">Nyt jo aikuiset lapset ovat kaksoset , 21, ja t\u00e4m\u00e4n kuusi minuuttia nuorempi pikkuveli . Nuorimmainen on aikaisemmin kes\u00e4kuussa 19 t\u00e4ytt\u00e4nyt .<\/p>\n<p>Skeittari-Henry on hujoppi<\/p>\n<p class=\"article-content article-content-width !bg-background\">Hauskasti perheen nuorin on my\u00f6s perheen pisin. Juliakin on ilman punaisella matolla usein k\u00e4ytt\u00e4mi\u00e4\u00e4n korkoja 173-senttinen, eli selv\u00e4sti yhdysvaltalaisten naisten keskipituutta n\u00e4kyv\u00e4mpi. Ja viel\u00e4 selv\u00e4sti pidempi, jos h\u00e4nt\u00e4 verrataan vain oman ik\u00e4isiins\u00e4 naisiin.<\/p>\n<p>        <a itemprop=\"url\" href=\"https:\/\/www.seiska.fi\/ulkomaat\/vau-julia-roberts-hehkuu-meikittomana\/2024605\" rel=\"nofollow noopener\" target=\"_blank\"><\/p>\n<p>\nVau!\n<\/p>\n<p class=\"section-date\">\n        <strong class=\"article-section\" data-section=\"ulkomaat\"><br \/>\n            ulkomaat<br \/>\n        <\/strong><br \/>\n        17.12.2025 19:00\n    <\/p>\n<p>Vau! Julia Roberts hehkuu meikitt\u00f6m\u00e4n\u00e4\n    <\/p>\n<p itemprop=\"description\" class=\"subtitle \">\n    58-vuotias n\u00e4yttelij\u00e4 on l\u00e4hes tunnistamaton.\n<\/p>\n<p>        <\/a><\/p>\n<p class=\"article-content article-content-width !bg-background\">Juuri syntt\u00e4reit\u00e4\u00e4n viett\u00e4nyt\u00a0Henry on silti kuin majakka \u00e4itins\u00e4 rinnalla. Pitk\u00e4ll\u00e4 objektiivilla otetut, alla n\u00e4kyv\u00e4t kuvat puristavat hieman et\u00e4isyyssuhteita, mutta Julia ja Henry todella seisovat vieri vieress\u00e4 ravintolan ovensuussa.<\/p>\n<p>                <img decoding=\"async\" src=\"https:\/\/www.europesays.com\/fi\/wp-content\/uploads\/2026\/07\/2194828.webp\" width=\"576\" height=\"639\" alt=\"Samassa tasossa ja aivan \u00e4itins\u00e4 vieress\u00e4 seisova Henry on perheen nuorin mutta pisin. Kuvassa vietet\u00e4\u00e4n h\u00e4nen 19-vuotissyntt\u00e4reit\u00e4\u00e4n, ja seurue on juuri menossa sis\u00e4\u00e4n ravintolaan.\" loading=\"lazy\" \/>            <\/p>\n<p>\n            Samassa tasossa ja aivan \u00e4itins\u00e4 vieress\u00e4 seisova Henry on perheen nuorin mutta pisin. Kuvassa vietet\u00e4\u00e4n h\u00e4nen 19-vuotissyntt\u00e4reit\u00e4\u00e4n, ja seurue on juuri menossa sis\u00e4\u00e4n ravintolaan.<br \/>\n            AOP\n        <\/p>\n<p>                <img decoding=\"async\" src=\"https:\/\/www.europesays.com\/fi\/wp-content\/uploads\/2026\/07\/2194821.webp\" width=\"576\" height=\"456\" alt=\"Henry on kolmesta lapsesta v\u00e4hiten Julian n\u00e4k\u00f6inen. Silti h\u00e4net tunnistaa helposti \u00e4itins\u00e4 lapseksi. Molemmilla pojilla \u2013 jotka eiv\u00e4t siis ole kaksosia kesken\u00e4\u00e4n \u2013 on samanlainen karhea ja p\u00f6rr\u00f6inen hiuslaatu kuin \u00e4idill\u00e4\u00e4n.\" loading=\"lazy\" \/>            <\/p>\n<p>\n            Henry on kolmesta lapsesta v\u00e4hiten Julian n\u00e4k\u00f6inen. Silti h\u00e4net tunnistaa helposti \u00e4itins\u00e4 lapseksi. Molemmilla pojilla \u2013 jotka eiv\u00e4t siis ole kaksosia kesken\u00e4\u00e4n \u2013 on samanlainen karhea ja p\u00f6rr\u00f6inen hiuslaatu kuin \u00e4idill\u00e4\u00e4n.<br \/>\n            AOP\n        <\/p>\n<p class=\"article-content article-content-width !bg-background\">Henry on saanut n\u00e4kyvyytt\u00e4 skeittarina. Tyylilleen uskollisena Henry oli syntt\u00e4reill\u00e4\u00e4nkin vain perusfarkuissa ja kuvattomassa mustassa t-paidassa. Jalassa sent\u00e4\u00e4n oli buutsit klassisempien perusvalkoisten lenkkareiden sijaan.<\/p>\n<p>Hazel on ainoa tytt\u00f6 ja vanhin<\/p>\n<p class=\"article-content article-content-width !bg-background\">Hazel on kolmesta sisaruksesta vanhin. H\u00e4n l\u00f6i pikkuveljens\u00e4 Phinnaeusin syntym\u00e4ll\u00e4 kokonaiset kuusi minuuttia aiemmin.<\/p>\n<p class=\"article-content article-content-width !bg-background\">My\u00f6s Hazelista tuorein kuva on nuorimmaisen sisaruksen Henryn syntt\u00e4reilt\u00e4.<\/p>\n<p>        <a itemprop=\"url\" href=\"https:\/\/www.seiska.fi\/katso\/vau-hollywoodin-kuumin-ryostojengi-palaa-yhteen\/1957316\" rel=\"nofollow noopener\" target=\"_blank\"><\/p>\n<p>\nUusi Ocean&#8217;s-leffa\n<\/p>\n<p class=\"section-date\">\n        <strong class=\"article-section\" data-section=\"katso\"><br \/>\n            katso<br \/>\n        <\/strong><br \/>\n        10.10.2025 17:15\n    <\/p>\n<p>Vau! Hollywoodin kuumin ry\u00f6st\u00f6jengi palaa yhteen\n    <\/p>\n<p itemprop=\"description\" class=\"subtitle \">\n    Suositun Ocean&#8217;s-leffasarjan jatkolle saatiin varmistus.\n<\/p>\n<p>        <\/a><\/p>\n<p class=\"article-content article-content-width !bg-background\">Teinivuodet jo taakseen j\u00e4tt\u00e4nyt isosisko oli veljens\u00e4 tapaan sinisiss\u00e4 farkuissa, mutta luotti lantiolta hieman korotettuun straight cut -malliin. H\u00e4n oli heitt\u00e4nyt ylleen lyhytlanteisen neuletakin, jonka punainen helmakuvio toi asuun tytt\u00f6m\u00e4isyytt\u00e4.<\/p>\n<p>                <img decoding=\"async\" src=\"https:\/\/www.europesays.com\/fi\/wp-content\/uploads\/2026\/07\/2194817.webp\" width=\"576\" height=\"576\" alt=\"Henryn isosisko ja sisarussajran vanhin se tietysti vasta Julialta n\u00e4ytt\u00e4\u00e4kin. T\u00e4m\u00e4n kuvan lis\u00e4ksi h\u00e4nest\u00e4 on muutamia punaiawn maton kuvia is\u00e4ns\u00e4 seurassa alaik\u00e4isen\u00e4 sek\u00e4 muita otoksia is\u00e4n Instagram-tilill\u00e4.\" loading=\"lazy\" \/>            <\/p>\n<p>\n            Henryn isosisko ja sisarussajran vanhin se tietysti vasta Julialta n\u00e4ytt\u00e4\u00e4kin. T\u00e4m\u00e4n kuvan lis\u00e4ksi h\u00e4nest\u00e4 on muutamia punaiawn maton kuvia is\u00e4ns\u00e4 seurassa alaik\u00e4isen\u00e4 sek\u00e4 muita otoksia is\u00e4n Instagram-tilill\u00e4.<br \/>\n            AOP\n        <\/p>\n<p class=\"article-content article-content-width !bg-background\">Osassa lapsuudenkuvissaan Hazel n\u00e4ytt\u00e4\u00e4 aika klassiselta monilapsisen perheen ainoalta tyt\u00f6lt\u00e4. Pitk\u00e4t vaaleat hiukset hulmuten h\u00e4n riehuu veljiens\u00e4 kanssa pihaleikeiss\u00e4 ja pelaa yht\u00e4 rajusti kuin veljet.<\/p>\n<p class=\"article-content article-content-width !bg-background\">My\u00f6s hymy n\u00e4ytt\u00e4\u00e4 harvoin hyytyv\u00e4n kuvissa. Pojista on paljon enemm\u00e4n vakavailmeisi\u00e4 kuvia kuin Hazelista.<\/p>\n<p>Phinnaeus on lapsista eniten \u00e4itins\u00e4 n\u00e4k\u00f6inen<\/p>\n<p class=\"article-content article-content-width !bg-background\">Henry ja Hazel ovat tavanomaisia angloamerikkalaisia nimi\u00e4, mutta Hazelin kaksoisveli Phinnaeus poikkeaa jengist\u00e4. H\u00e4n heprealaista per\u00e4\u00e4 olevan, oraakkelia tarkoittavan nimen, ja siit\u00e4 viel\u00e4 hyvin vanhan kirjoitusasun.<\/p>\n<p>                <img decoding=\"async\" src=\"https:\/\/www.europesays.com\/fi\/wp-content\/uploads\/2026\/07\/2194761.webp\" width=\"576\" height=\"740\" alt=\"Suusta ei voi erehty\u00e4, samoin kasvojen muoto on aivan sama kuin \u00e4idill\u00e4. Jopa perusilme on sama, harkitseva rauhallisuus. Phinneaus eli perheen kesken Finn kuvattiin reilua viikkoa nuorimman veljens\u00e4 syntt\u00e4reiden j\u00e4lkeen k\u00e4velyll\u00e4 \u00e4itins\u00e4 kanssa. Finn ei ollut Henryn syntt\u00e4reill\u00e4, mutta k\u00e4sikynkk\u00e4\u00e4 \u00e4itins\u00e4 kanssa k\u00e4velev\u00e4 21-vuotias poika on ilmi\u00f6, joka todella kertoo hyvist\u00e4 v\u00e4leist\u00e4 perheess\u00e4.\" loading=\"lazy\" \/>            <\/p>\n<p>\n            Suusta ei voi erehty\u00e4, samoin kasvojen muoto on aivan sama kuin \u00e4idill\u00e4. Jopa perusilme on sama, harkitseva rauhallisuus. Phinneaus eli perheen kesken Finn kuvattiin reilua viikkoa nuorimman veljens\u00e4 syntt\u00e4reiden j\u00e4lkeen k\u00e4velyll\u00e4 \u00e4itins\u00e4 kanssa. Finn ei ollut Henryn syntt\u00e4reill\u00e4, mutta k\u00e4sikynkk\u00e4\u00e4 \u00e4itins\u00e4 kanssa k\u00e4velev\u00e4 21-vuotias poika on ilmi\u00f6, joka todella kertoo hyvist\u00e4 v\u00e4leist\u00e4 perheess\u00e4.<br \/>\n            AOP\n        <\/p>\n<p class=\"article-content article-content-width !bg-background\">Julia perusteli Hazelin ja Phinnaeusin synnytty\u00e4 nime\u00e4 sill\u00e4, ett\u00e4 he itse asiassa ajattelivat arkista nime\u00e4 Finn \u2013 jota perheess\u00e4 tiett\u00e4v\u00e4sti my\u00f6s k\u00e4ytet\u00e4\u00e4n \u2013 mutta hakivat sille v\u00e4h\u00e4n v\u00e4hemm\u00e4n arkisen taustan.<\/p>\n<p>        <a itemprop=\"url\" href=\"https:\/\/www.seiska.fi\/ulkomaat\/huh-mita-diivailua-naiden-tahtien-kaytos-kohotuttaa-kulmakarvoja\/2103434\" rel=\"nofollow noopener\" target=\"_blank\"><\/p>\n<p>\nHuh, mit\u00e4 diivailua!\n<\/p>\n<p class=\"section-date\">\n        <strong class=\"article-section\" data-section=\"ulkomaat\"><br \/>\n            ulkomaat<br \/>\n        <\/strong><br \/>\n        5.4. 20:00\n    <\/p>\n<p>Huh, mit\u00e4 diivailua! N\u00e4iden t\u00e4htien k\u00e4yt\u00f6s kohotuttaa kulmakarvoja\n    <\/p>\n<p itemprop=\"description\" class=\"subtitle \">\n    Julia Roberts sai ep\u00e4edullisen lempinimen Tinkerhell, kun h\u00e4nen k\u00e4yt\u00f6ksens\u00e4 Hook-leffan kuvauksissa k\u00e4vi ty\u00f6ryhm\u00e4n hermoille.\n<\/p>\n<p>        <\/a><\/p>\n<p class=\"article-content article-content-width !bg-background\">Juutalaispohjainen nimi ei liity uskontoon. Is\u00e4 ja \u00e4iti on molemmat alkujaan kasvatettu katolisiksi.<\/p>\n<p class=\"article-content article-content-width !bg-background\">Finn on kolmesta sisaruksesta kaikista eniten yksityisyydess\u00e4 pysyttelev\u00e4. Siin\u00e4k\u00f6 syy, ettei h\u00e4n k\u00e4ynyt pikkuveikan 19-syntt\u00e4reill\u00e4?<\/p>\n<p>Kuvapimentolapset<\/p>\n<p class=\"no_italic m-no_italic article-content article-content-width !bg-background\">Julia on kolme vuotta sitten julkaissut kuvan kaksosista n\u00e4iden 19-vuotissyntt\u00e4rip\u00e4iv\u00e4n\u00e4. Tyypillist\u00e4 on, ett\u00e4 kuvassa kaksoset ovat viel\u00e4 aivan pieni\u00e4 vauvoja, eiv\u00e4t siis nuoria aikuisia, joina heid\u00e4t olisi saattanut tunnistaa.<\/p>\n<p class=\"no_italic m-no_italic article-content article-content-width !bg-background\">Jotain kertoo sekin, ett\u00e4 <a href=\"https:\/\/extratv.com\/2023\/12\/04\/julia-roberts-on-twins-hazel-and-phinnaeus-turning-19-i-love-them-so-much-exclusive\/\" target=\"_blank\" rel=\"nofollow noopener\">Extra-lehden haastattelussa<\/a> n\u00e4in harvinaisen kuva nousi esiin omana kysymyksen\u00e4\u00e4n.<\/p>\n<p class=\"no_italic m-no_italic article-content article-content-width !bg-background\">\u2013 Vastaan sattui [syntym\u00e4p\u00e4iv\u00e4n aikaan] tulemaan tuo vanha kuva. Ajattelin, ett\u00e4 julkaisemalla sen voin jakaa ylpeytt\u00e4ni heid\u00e4n \u00e4itin\u00e4\u00e4n ilman, ett\u00e4 loukkaan heid\u00e4n yksityisyytt\u00e4\u00e4n, Julia vastasi.<\/p>\n<p>        <a itemprop=\"url\" href=\"https:\/\/www.seiska.fi\/ulkomaat\/ohhoh-julia-roberts-erikoisessa-asussa-tuoreet-kuvat\/1949658\" rel=\"nofollow noopener\" target=\"_blank\"><\/p>\n<p>\nTuoreet kuvat\n<\/p>\n<p class=\"section-date\">\n        <strong class=\"article-section\" data-section=\"ulkomaat\"><br \/>\n            ulkomaat<br \/>\n        <\/strong><br \/>\n        7.10.2025 19:00\n    <\/p>\n<p>Ohhoh! Julia Roberts erikoisessa asussa \u2013 tuoreet kuvat\n    <\/p>\n<p itemprop=\"description\" class=\"subtitle \">\n    Puketumistaidoistaan(kin) kiitellyn n\u00e4yttelij\u00e4n katutyylimekkossa vilkkuu miesten kasvoja.\n<\/p>\n<p>        <\/a><\/p>\n<p class=\"article-content article-content-width !bg-background\">Julian mies ja lasten is\u00e4 \u00a0on ollut hieman h\u00f6velimpi. H\u00e4n on julkaissut hyvin harvakseltaan kuvia lapsistaan n\u00e4iden ollessa viel\u00e4 alaik\u00e4isi\u00e4 ja pist\u00e4ytynyt my\u00f6s Hollywoodin punaisten mattojen tilaisuuksissa esimerkiksi tytt\u00e4rens\u00e4 kanssa t\u00e4m\u00e4n ollessa viel\u00e4 aivan teini.\u00a0<\/p>\n<p class=\"article-content article-content-width !bg-background\">Vuosi sitten h\u00e4n julkaisi yhdysvaltalaisena \u00e4itienp\u00e4iv\u00e4n\u00e4 kuvan Juliasta ja lapsista.<\/p>\n<p>Yll\u00e4tyshinduja<\/p>\n<p class=\"article-content article-content-width !bg-background\">Perheess\u00e4 lapsia on kasvatettu poissa julkisuudesta ja hindulaisuuteen. Julia omaksui ensin intialaista uskontoa ja lopulta k\u00e4\u00e4ntyi kristinuskoa tuplasti vanhempaan uskontoonsa.<\/p>\n<p>        <a itemprop=\"url\" href=\"https:\/\/www.seiska.fi\/kotimaa\/sabina-sarkka-haikeana-tanaan-sanoimme-hyvastit\/1600801\" rel=\"nofollow noopener\" target=\"_blank\"><\/p>\n<p>\nHaikea ulostulo!\n<\/p>\n<p class=\"section-date\">\n        <strong class=\"article-section\" data-section=\"kotimaa\"><br \/>\n            kotimaa<br \/>\n        <\/strong><br \/>\n        3.2.2025 13:28\n    <\/p>\n<p>Sabina S\u00e4rkk\u00e4 haikeana: &#8221;T\u00e4n\u00e4\u00e4n sanoimme hyv\u00e4stit&#8221;\n    <\/p>\n<p itemprop=\"description\" class=\"subtitle \">\n    Sabina vietti kuukauden Balilla opiskellen joogaopettajaksi.\n<\/p>\n<p>        <\/a><\/p>\n<p class=\"article-content article-content-width !bg-background\">Koko perhe k\u00e4y haastattelutietojen mukaan harjoittamassa uskonnon perusteita Intian-matkoillaan ja v\u00e4lill\u00e4 my\u00f6s Yhdysvalloissa. Intiassa lapset saivat koulu- ja esikouluik\u00e4isin\u00e4 paitsi siunauksen hinduiksi, my\u00f6s hindulaiset nimet.<\/p>\n<p class=\"article-content article-content-width !bg-background\">Vanhin Hazel on  jumalattaren mukaan, joka jakaa varallisuutta, valtaa, onnea ja kauneutta.<\/p>\n<p class=\"article-content article-content-width !bg-background\">Phinnaeusista tuli , matkustavaisten, uusien alkujen ja esteiden poistamisen hallitsija.<\/p>\n<p class=\"article-content article-content-width !bg-background\">Nuorin Henry on . Maailman suojelijajumala Vishnu esiintyy useissa ruumiillistumissa, niist\u00e4 kahdeksas on nimelt\u00e4\u00e4n Krishna. Balarama on Krishnan isoveli, joka vahvuuden ja jaksamisen sek\u00e4 uskollisuuden ja suojelun ilmentym\u00e4.<\/p>\n<p>        <a itemprop=\"url\" href=\"https:\/\/www.seiska.fi\/kotimaa\/veeti-kallio-avautuu-uskonnosta-jeesus-on-hyva-personal-trainer\/1307050\" rel=\"nofollow noopener\" target=\"_blank\"><\/p>\n<p class=\"section-date\">\n        <strong class=\"article-section\" data-section=\"kotimaa\"><br \/>\n            kotimaa<br \/>\n        <\/strong><br \/>\n        30.3.2024 17:00\n    <\/p>\n<p>Veeti Kallio avautuu uskonnosta: Jeesus on hyv\u00e4 personal trainer\n    <\/p>\n<p itemprop=\"description\" class=\"subtitle \">\n    Buddhismin nelj\u00e4nnesvuosisata sitten l\u00f6yt\u00e4nyt Veeti avasi itsens\u00e4 joka suuntaan.\n<\/p>\n<p>        <\/a><\/p>\n<p class=\"article-content article-content-width !bg-background\">Uskontoa tukevat ajatukset n\u00e4kyv\u00e4t arjessakin. Julkisuudesta pid\u00e4tt\u00e4ytyminen on my\u00f6s ollut Julian syy toivoa, ett\u00e4 saisi seuraavassa el\u00e4m\u00e4ss\u00e4\u00e4n synty\u00e4 joksikin rauhallisemmaksi olennoksi kuin on t\u00e4ss\u00e4 el\u00e4m\u00e4ss\u00e4 ollut julkisuuksineen.<\/p>\n<p class=\"article-content article-content-width !bg-background\">Samalla tavalla my\u00f6s perheen ruutuaikaa on rajoitettu, ja ruokailua ja hiljentymist\u00e4 kunnioitetaan yhteisen\u00e4 harjoituksena.<\/p>\n","protected":false},"excerpt":{"rendered":"AOP Guru antoi t\u00e4hden lapsille hindulaiset nimet. Jos et tiennyt, ett\u00e4 on kolme lasta, se on ok. Ja&hellip;\n","protected":false},"author":2,"featured_media":292571,"comment_status":"","ping_status":"","sticky":false,"template":"","format":"standard","meta":{"footnotes":"","_share_on_mastodon":"0"},"categories":[136],"tags":[1177,407,38684,137,33,31,30,14308,31321,38683,38679,15756,7184,7253,408,38682,38681,517,6383,99,98,31820,33680,38680,32328,16081,13518,32,3489,1437,2284,35152,109,3398],"class_list":["post-292570","post","type-post","status-publish","format-standard","has-post-thumbnail","category-julkkikset","tag-aiti","tag-celebrities","tag-danny-moder","tag-entertainment","tag-fi","tag-finland","tag-finnish","tag-harvinainen-kuva","tag-harvinaiset-kuvat","tag-hazel-moder","tag-henry-moder","tag-hindulaisuus","tag-isa","tag-julia-roberts","tag-julkkikset","tag-kaksoisveli","tag-kaksonen","tag-kaksoset","tag-kuvat","tag-lapset","tag-perhe","tag-perhekuva","tag-perhekuvat","tag-phinnaeus-moder","tag-sisar","tag-sisarukset","tag-sisko","tag-suomi","tag-tytar","tag-uskonto","tag-veli","tag-veljekset","tag-viihde","tag-yksityisyys"],"share_on_mastodon":{"url":"https:\/\/pubeurope.com\/@fi\/116857665578634670","error":""},"_links":{"self":[{"href":"https:\/\/www.europesays.com\/fi\/wp-json\/wp\/v2\/posts\/292570","targetHints":{"allow":["GET"]}}],"collection":[{"href":"https:\/\/www.europesays.com\/fi\/wp-json\/wp\/v2\/posts"}],"about":[{"href":"https:\/\/www.europesays.com\/fi\/wp-json\/wp\/v2\/types\/post"}],"author":[{"embeddable":true,"href":"https:\/\/www.europesays.com\/fi\/wp-json\/wp\/v2\/users\/2"}],"replies":[{"embeddable":true,"href":"https:\/\/www.europesays.com\/fi\/wp-json\/wp\/v2\/comments?post=292570"}],"version-history":[{"count":0,"href":"https:\/\/www.europesays.com\/fi\/wp-json\/wp\/v2\/posts\/292570\/revisions"}],"wp:featuredmedia":[{"embeddable":true,"href":"https:\/\/www.europesays.com\/fi\/wp-json\/wp\/v2\/media\/292571"}],"wp:attachment":[{"href":"https:\/\/www.europesays.com\/fi\/wp-json\/wp\/v2\/media?parent=292570"}],"wp:term":[{"taxonomy":"category","embeddable":true,"href":"https:\/\/www.europesays.com\/fi\/wp-json\/wp\/v2\/categories?post=292570"},{"taxonomy":"post_tag","embeddable":true,"href":"https:\/\/www.europesays.com\/fi\/wp-json\/wp\/v2\/tags?post=292570"}],"curies":[{"name":"wp","href":"https:\/\/api.w.org\/{rel}","templated":true}]}}