{"id":292722,"date":"2026-07-03T23:21:12","date_gmt":"2026-07-03T23:21:12","guid":{"rendered":"https:\/\/www.europesays.com\/fi\/292722\/"},"modified":"2026-07-03T23:21:12","modified_gmt":"2026-07-03T23:21:12","slug":"rappiostriimaaja-poistettiin-himoksen-jysari-festivaaleilta-festivaalit-kieltavat-kaiken-striimaamisen-uutissuomalainen-2","status":"publish","type":"post","link":"https:\/\/www.europesays.com\/fi\/292722\/","title":{"rendered":"Rappiostriimaaja poistettiin Himoksen Jys\u00e4ri-festivaaleilta \u2013\u2009festivaalit kielt\u00e4v\u00e4t kaiken striimaamisen | Uutissuomalainen"},"content":{"rendered":"<p>Rappiostriimaaja Iippadaa eli <strong>Iida Kurvinen<\/strong> kertoo Instagramin tarinaosiossa, ett\u00e4 h\u00e4net poistettiin torstaina Jys\u00e4ri-festivaalin alueelta livestriimaamisen vuoksi.<\/p>\n<p>Kurvinen kertoo, ett\u00e4 j\u00e4rjestyksenvalvojat poistivat h\u00e4net alueelta juuri ennen Nylon Beatin esiintymist\u00e4. H\u00e4n kertoo striimanneensa ennen poistetuksi tulemista festivaalien teltta-alueella.<\/p>\n<p>H\u00e4n syytt\u00e4\u00e4 Jys\u00e4ri-festivaalia syrjinn\u00e4st\u00e4 sill\u00e4 alueella oli h\u00e4nen mukaansa muitakin striimaajia, joita ei pyydetty poistumaan.<\/p>\n<p><strong class=\"diks-storyline__impact\">Jys\u00e4ri-festivaalin s\u00e4\u00e4nn\u00f6iss\u00e4<\/strong> kiellet\u00e4\u00e4n striimaaminen.<\/p>\n<p>Festivaalin tuotantop\u00e4\u00e4llikk\u00f6 <strong>Tiina-Riikka Turunen<\/strong> vahvistaa, ett\u00e4 striimaaminen on kielletty esitysten lis\u00e4ksi my\u00f6s muulla festivaalialueella mukaan lukien leirint\u00e4alueella.<\/p>\n<p>\u2013 Ihmisten tekemiset m\u00f6kkien tai omien telttojen ja vaunujen sis\u00e4ll\u00e4 ovat eri asia, mutta striimaaminen on kielletty muuten my\u00f6s leirint\u00e4alueella. Kieltoon kuuluvat k\u00e4yt\u00e4nn\u00f6ss\u00e4 kaikki alueet, mihin p\u00e4\u00e4see sis\u00e4lle rannekkeella, h\u00e4n kertoo.<\/p>\n<p>Turunen ei kommentoi yksitt\u00e4iseen henkil\u00f6\u00f6n kohdistunutta tilannetta.<\/p>\n<p>Jos sis\u00e4ll\u00f6ntuottaja haluaa h\u00e4nen mukaansa tehd\u00e4 festivaaleista sis\u00e4lt\u00f6\u00e4, se sovitaan aina tapahtumaj\u00e4rjest\u00e4j\u00e4n kanssa ennakkoon.<\/p>\n<p>Turusen mukaan striimaaminen ei ole l\u00e4ht\u00f6kohtaisesti ainoa syy festivaalialueelta poistamiseen.<\/p>\n<p>H\u00e4nen mukaansa mik\u00e4li j\u00e4rjestyksenvalvoja joutuu puuttumaan striimaamiseen, ja henkil\u00f6 poistetaan tilanteen lopuksi alueelta, tilanteeseen liittyy t\u00e4ll\u00f6in esimerkiksi muuta h\u00e4iri\u00f6k\u00e4ytt\u00e4ytymist\u00e4.<\/p>\n<p>\u2013\u2009Tilanteita l\u00e4hdet\u00e4\u00e4n selvitt\u00e4m\u00e4\u00e4n aina l\u00e4ht\u00f6kohtaisesti keskustelemalla, h\u00e4n lis\u00e4\u00e4.<\/p>\n<p>Eurodancefestivaali Jys\u00e4ri j\u00e4rjestet\u00e4\u00e4n t\u00e4ll\u00e4 viikolla Himos Parkissa J\u00e4ms\u00e4ss\u00e4 2.\u20134.7.<\/p>\n","protected":false},"excerpt":{"rendered":"Rappiostriimaaja Iippadaa eli Iida Kurvinen kertoo Instagramin tarinaosiossa, ett\u00e4 h\u00e4net poistettiin torstaina Jys\u00e4ri-festivaalin alueelta livestriimaamisen vuoksi. Kurvinen kertoo,&hellip;\n","protected":false},"author":2,"featured_media":292723,"comment_status":"","ping_status":"","sticky":false,"template":"","format":"standard","meta":{"footnotes":"","_share_on_mastodon":"0"},"categories":[130],"tags":[137,33,31,30,2675,2565,524,47,885,32,484,2599,109],"class_list":["post-292722","post","type-post","status-publish","format-standard","has-post-thumbnail","category-viihde","tag-entertainment","tag-fi","tag-finland","tag-finnish","tag-instagram","tag-jamsa","tag-kulttuuri-ja-taidetapahtumat-ja-nayttelyt","tag-musiikki","tag-suomen-poliittiset-puolueet","tag-suomi","tag-taiteellinen-ilmaisu-ja-mediat","tag-tapahtumat-ja-tapahtumatiedot","tag-viihde"],"share_on_mastodon":{"url":"https:\/\/pubeurope.com\/@fi\/116858616957690151","error":""},"_links":{"self":[{"href":"https:\/\/www.europesays.com\/fi\/wp-json\/wp\/v2\/posts\/292722","targetHints":{"allow":["GET"]}}],"collection":[{"href":"https:\/\/www.europesays.com\/fi\/wp-json\/wp\/v2\/posts"}],"about":[{"href":"https:\/\/www.europesays.com\/fi\/wp-json\/wp\/v2\/types\/post"}],"author":[{"embeddable":true,"href":"https:\/\/www.europesays.com\/fi\/wp-json\/wp\/v2\/users\/2"}],"replies":[{"embeddable":true,"href":"https:\/\/www.europesays.com\/fi\/wp-json\/wp\/v2\/comments?post=292722"}],"version-history":[{"count":0,"href":"https:\/\/www.europesays.com\/fi\/wp-json\/wp\/v2\/posts\/292722\/revisions"}],"wp:featuredmedia":[{"embeddable":true,"href":"https:\/\/www.europesays.com\/fi\/wp-json\/wp\/v2\/media\/292723"}],"wp:attachment":[{"href":"https:\/\/www.europesays.com\/fi\/wp-json\/wp\/v2\/media?parent=292722"}],"wp:term":[{"taxonomy":"category","embeddable":true,"href":"https:\/\/www.europesays.com\/fi\/wp-json\/wp\/v2\/categories?post=292722"},{"taxonomy":"post_tag","embeddable":true,"href":"https:\/\/www.europesays.com\/fi\/wp-json\/wp\/v2\/tags?post=292722"}],"curies":[{"name":"wp","href":"https:\/\/api.w.org\/{rel}","templated":true}]}}