{"id":292832,"date":"2026-07-04T02:50:17","date_gmt":"2026-07-04T02:50:17","guid":{"rendered":"https:\/\/www.europesays.com\/fi\/292832\/"},"modified":"2026-07-04T02:50:17","modified_gmt":"2026-07-04T02:50:17","slug":"pinja-sanaksenaho-ja-poikaystava-pyytavat-anteeksi","status":"publish","type":"post","link":"https:\/\/www.europesays.com\/fi\/292832\/","title":{"rendered":"Pinja Sanaksenaho ja poikayst\u00e4v\u00e4 pyyt\u00e4v\u00e4t anteeksi"},"content":{"rendered":"<p>Rahakeskustelu Sanaksenahon Kaheli-podcastissa raivostutti yleis\u00f6\u00e4.<\/p>\n<p><img decoding=\"async\" class=\"image image-show image-preview\" src=\"https:\/\/www.europesays.com\/fi\/wp-content\/uploads\/2026\/07\/b68e0630fc11792fbb07350e61f82923ecff653f8f00005e75f45ebeac69ba9d.jpg\" alt=\"\"\/><img decoding=\"async\" class=\"image image-show\" src=\"https:\/\/www.europesays.com\/fi\/wp-content\/uploads\/2026\/07\/1783133417_437_b68e0630fc11792fbb07350e61f82923ecff653f8f00005e75f45ebeac69ba9d.jpg\" alt=\"\"\/><\/p>\n<p>Pinja Sanaksenaho on tehnyt Youtubeen videoita jo yli 10 vuotta. Jenni G\u00e4stgivar<\/p>\n<p class=\"paragraph\">Tubettaja Pinkku Pinsku eli <a href=\"https:\/\/www.iltalehti.fi\/henkilot\/Pinja Sanaksenaho\" class=\"article-link-person-page\" rel=\"nofollow noopener\" target=\"_blank\">Pinja Sanaksenaho<\/a> ja h\u00e4nen poikayst\u00e4v\u00e4ns\u00e4 <strong>Iyad Belhout<\/strong> pyyt\u00e4v\u00e4t yleis\u00f6lt\u00e4\u00e4n anteeksi heid\u00e4n puheitaan <a href=\"https:\/\/podme.com\/fi\/podcast\/rss-kaheli\/\" target=\"_blank\" rel=\"noopener nofollow\">Kaheli<\/a>-podcastin Instagram-tilill\u00e4.<\/p>\n<p class=\"paragraph\">Jos julkaisu ei n\u00e4y, voit katsoa sen <a href=\"https:\/\/www.instagram.com\/p\/DaTIyhhDGmJ\/?utm_source=ig_web_copy_link&amp;igsh=MzRlODBiNWFlZA==\" target=\"_blank\" rel=\"noopener nofollow\">t\u00e4st\u00e4<\/a>.<\/p>\n<p class=\"paragraph\">Anteeksipyynt\u00f6 liittyy podcastissa julkaistuun jaksoon, jossa Sanaksenaho ja Belhout puhuivat rahank\u00e4yt\u00f6st\u00e4 lomamatkoilla. Jaksossa he kertoivat turhautumisestaan tilanteisiin, joissa heid\u00e4n yst\u00e4v\u00e4ns\u00e4 suhtautuvat liian tarkasti rahank\u00e4ytt\u00f6\u00f6n.<\/p>\n<p class=\"paragraph\">Jakso <a href=\"https:\/\/www.iltalehti.fi\/viihdeuutiset\/422c8b15-8f01-4688-8d06-762c60b7273c\" rel=\"nofollow noopener\" target=\"_blank\">synnytti<\/a> vilkasta keskustelua sosiaalisessa mediassa, jossa podcastin juontajia syytettiin todellisuudesta irtaantumisesta.<\/p>\n<p class=\"paragraph\">\u2013 Ymm\u00e4rret\u00e4\u00e4n ihan t\u00e4ysin, miksi meid\u00e4n kommentit 90 eurosta matkalla her\u00e4ttiv\u00e4t niin paljon keskustelua. J\u00e4lkik\u00e4teen kuunneltuna ne kuulostavat silt\u00e4, ett\u00e4 v\u00e4h\u00e4teltiin sit\u00e4, mit\u00e4 raha monelle oikeasti merkitsee, eik\u00e4 se ollut ok eik\u00e4 ollut meid\u00e4n tarkoitus, mutta ymm\u00e4rret\u00e4\u00e4n, ett\u00e4 silt\u00e4 se kuulosti. Meid\u00e4n olisi pit\u00e4nyt mietti\u00e4 paremmin, miten siit\u00e4 puhutaan, he kirjoittavat tuoreessa Instagram-julkaisussaan.<\/p>\n<p class=\"paragraph\">Vaikka kohua her\u00e4tt\u00e4nyt podcast-jakso julkaistiin jo tovi sitten, on juontajilla kest\u00e4nyt asiaan kommentoimisessa. Syyksi he kertovat Sanaksenahon osallistumisen Selviytyj\u00e4t Suomen tulevaan tuotantokauteen, jota <a href=\"https:\/\/www.iltalehti.fi\/tv-ja-leffat\/40624f1c-f6fe-4244-9992-15f9d2b3a454\" rel=\"nofollow noopener\" target=\"_blank\">kuvattiin<\/a> vastik\u00e4\u00e4n.<\/p>\n<p class=\"paragraph\">\u2013 Kiitos kaikille, jotka antoivat palautetta. Vaikka sit\u00e4 ei ole aina kiva lukea, se on t\u00e4rke\u00e4\u00e4 ja pist\u00e4\u00e4 my\u00f6s meid\u00e4t miettim\u00e4\u00e4n omaa tekemist\u00e4. T\u00e4\u00e4 oli meille hyv\u00e4 muistutus siit\u00e4, ett\u00e4 kaikki el\u00e4\u00e4 tosi erilaisissa el\u00e4m\u00e4ntilanteissa ja se pit\u00e4isi muistaa paremmin my\u00f6s silloin, kun jutellaan podissa.<\/p>\n<p class=\"paragraph\">\u2013 Me mokattiin t\u00e4ss\u00e4 ja ollaan siit\u00e4 pahoillamme, he p\u00e4\u00e4tt\u00e4v\u00e4t julkaisunsa.<\/p>\n<p class=\"paragraph\">Podcast-jaksossa raivoa her\u00e4tti Sanaksenahon ja Belhoutin v\u00e4linen keskustelu rahank\u00e4yt\u00f6st\u00e4 ulkomailla.<\/p>\n<p class=\"paragraph\">Sanaksenaho ja Belhout keskustelivat tilanteesta, jossa Belhoutin kaveriporukan j\u00e4sen ei halunnut k\u00e4ytt\u00e4\u00e4 90 euroa nousuvarjoliitoon Espanjan lomamatkalla.<\/p>\n<p class=\"paragraph\">He eiv\u00e4t ymm\u00e4rt\u00e4neet, miksi kaveri ei halunnut k\u00e4ytt\u00e4\u00e4 moista summaa lomamatkan aktiviteettiin.<\/p>\n<p class=\"paragraph\">\u2013 Olet ulkomailla, t\u00e4\u00e4ll\u00e4 k\u00e4ytet\u00e4\u00e4n rahaa, t\u00e4\u00e4ll\u00e4 tuhlataan rahaa. Olet koko vuoden tehnyt duunia sen takia, ett\u00e4 jumalauta menet ja tuhlaat, Belhout tilitti jaksossa.<\/p>\n<p class=\"paragraph\">Molemmat juontajat pohtivat tymp\u00e4\u00e4ntynein\u00e4 sit\u00e4, kuinka eri tavoin ihmiset suhtautuvat rahan k\u00e4ytt\u00e4miseen ja m\u00e4\u00e4rittelev\u00e4t itse sen, mik\u00e4 on heille rahan arvoista.<\/p>\n<p class=\"paragraph\">\u2013 Tuo olisi ollut maailman hauskinta menn\u00e4. 90 eurolla ei ole mit\u00e4\u00e4n v\u00e4li\u00e4 tuossa kohtaa. Sin\u00e4 itse asetat rahalle arvon, Sanaksenaho linjasi keskustelussa.<\/p>\n<p class=\"paragraph\">Pariskunnan kommentit her\u00e4ttiv\u00e4t vilkasta keskustelua ja kritiikki\u00e4 sosiaalisessa mediassa. Viestipalvelu Jodelissa esimerkiksi pohdittiin, irtautuvatko hyvin tienaavat ihmiset tavallisten ihmisten todellisuudesta, kun heid\u00e4n tulotasonsa nousee.<\/p>\n<p class=\"paragraph\">\u2013 Tuntuu, ett\u00e4 kaikki tubettajat ovat irtautuneet todellisuudesta kauan aikaa sitten, er\u00e4s kirjoitti.<\/p>\n<p class=\"paragraph\">\u2013 Kannattaisi ehk\u00e4 lukea uutisia ja mietti\u00e4, miksi jollain ei ehk\u00e4 ole varaa, vaikka teill\u00e4 olisi.<\/p>\n<p class=\"paragraph\">\u2013 Yht\u00e4kki\u00e4 se satanen tuntuu kympilt\u00e4, eik\u00e4 tajuta, ett\u00e4 muilla voi olla hieman eri tilanne. Se 90 euroa voi olla kuun safkat.<\/p>\n<p><script async src=\"\/\/www.instagram.com\/embed.js\"><\/script><\/p>\n","protected":false},"excerpt":{"rendered":"Rahakeskustelu Sanaksenahon Kaheli-podcastissa raivostutti yleis\u00f6\u00e4. Pinja Sanaksenaho on tehnyt Youtubeen videoita jo yli 10 vuotta. Jenni G\u00e4stgivar Tubettaja&hellip;\n","protected":false},"author":2,"featured_media":292833,"comment_status":"","ping_status":"","sticky":false,"template":"","format":"standard","meta":{"footnotes":"","_share_on_mastodon":"0"},"categories":[130],"tags":[35,4492,137,33,31,30,148,147,979,151,32,109],"class_list":["post-292832","post","type-post","status-publish","format-standard","has-post-thumbnail","category-viihde","tag-24h","tag-digimedia","tag-entertainment","tag-fi","tag-finland","tag-finnish","tag-internet","tag-internet-palvelut","tag-sahkoinen-media","tag-sosiaalinen-media-ja-verkostoituminen","tag-suomi","tag-viihde"],"share_on_mastodon":{"url":"https:\/\/pubeurope.com\/@fi\/116859439193082957","error":""},"_links":{"self":[{"href":"https:\/\/www.europesays.com\/fi\/wp-json\/wp\/v2\/posts\/292832","targetHints":{"allow":["GET"]}}],"collection":[{"href":"https:\/\/www.europesays.com\/fi\/wp-json\/wp\/v2\/posts"}],"about":[{"href":"https:\/\/www.europesays.com\/fi\/wp-json\/wp\/v2\/types\/post"}],"author":[{"embeddable":true,"href":"https:\/\/www.europesays.com\/fi\/wp-json\/wp\/v2\/users\/2"}],"replies":[{"embeddable":true,"href":"https:\/\/www.europesays.com\/fi\/wp-json\/wp\/v2\/comments?post=292832"}],"version-history":[{"count":0,"href":"https:\/\/www.europesays.com\/fi\/wp-json\/wp\/v2\/posts\/292832\/revisions"}],"wp:featuredmedia":[{"embeddable":true,"href":"https:\/\/www.europesays.com\/fi\/wp-json\/wp\/v2\/media\/292833"}],"wp:attachment":[{"href":"https:\/\/www.europesays.com\/fi\/wp-json\/wp\/v2\/media?parent=292832"}],"wp:term":[{"taxonomy":"category","embeddable":true,"href":"https:\/\/www.europesays.com\/fi\/wp-json\/wp\/v2\/categories?post=292832"},{"taxonomy":"post_tag","embeddable":true,"href":"https:\/\/www.europesays.com\/fi\/wp-json\/wp\/v2\/tags?post=292832"}],"curies":[{"name":"wp","href":"https:\/\/api.w.org\/{rel}","templated":true}]}}