{"id":292880,"date":"2026-07-04T04:09:12","date_gmt":"2026-07-04T04:09:12","guid":{"rendered":"https:\/\/www.europesays.com\/fi\/292880\/"},"modified":"2026-07-04T04:09:12","modified_gmt":"2026-07-04T04:09:12","slug":"jari-sillanpaan-yllattava-esiintyminen-lapissa-fanit-kertovat-kokemuksistaan","status":"publish","type":"post","link":"https:\/\/www.europesays.com\/fi\/292880\/","title":{"rendered":"Jari Sillanp\u00e4\u00e4n yll\u00e4tt\u00e4v\u00e4 esiintyminen Lapissa &#8211; fanit kertovat kokemuksistaan"},"content":{"rendered":"<p>            Timo Korhonen\n        <\/p>\n<p class=\"subtitle \">Seiska jututti Jari Sillanp\u00e4\u00e4n Lapin-keikalle suunnanneita kansalaisia.<\/p>\n<p class=\"article-content article-content-width !bg-background\">Viikossa voi tapahtua h\u00e4mm\u00e4stytt\u00e4v\u00e4n paljon. Kysyk\u00e4\u00e4 vaikka iskelm\u00e4t\u00e4hti , 60.<\/p>\n<p class=\"article-content article-content-width !bg-background\">Viel\u00e4 viime sunnuntain ja maanantain v\u00e4lisen\u00e4 y\u00f6n\u00e4 Sillanp\u00e4\u00e4 n\u00e4htiin konttaamassa veriss\u00e4\u00e4n ja sekavana Helsingin ydinkeskustassa.<\/p>\n<p class=\"article-content article-content-width !bg-background\">N\u00e4in ainakin uutuusaviisi <a href=\"https:\/\/www.uuno.fi\/sokkivideo-jari-sillanpaa-konttasi-paa-veressa-poliisi-vei-iskelmatahden\/\" target=\"_blank\" rel=\"nofollow noopener\">Uunon<\/a> mukaan. Pian paikalle pyyh\u00e4lsiv\u00e4t kuulemma my\u00f6s poliisit, jotka veiv\u00e4t t\u00e4hden mukaan.<\/p>\n<p class=\"article-content article-content-width !bg-background\">Vain joitakin vuorokausia my\u00f6hemmin Siltsu kokosi komeasti itsens\u00e4 800 kilometrin p\u00e4\u00e4ss\u00e4 L\u00e4nsi-Lapin Tervolassa.<\/p>\n<p class=\"article-content article-content-width !bg-background\">Siell\u00e4, legendaarisella Suukosken Keitaalla, Jari nousi lauteille ja viihdytti runsaslukuista tanssikansaa.<\/p>\n<p>        <a itemprop=\"url\" href=\"https:\/\/www.seiska.fi\/vain-seiskassa\/taivas-varjele-danny-83-ja-frederik-81-ottavat-mittaa-lapissa-vanhat-riitapukarit\/2185373\" rel=\"nofollow noopener\" target=\"_blank\"><\/p>\n<p>\nDannyn ja Reetun jymypaukku\n<\/p>\n<p class=\"section-date\">\n        <strong class=\"article-section\" data-section=\"vain seiskassa\"><br \/>\n            vain seiskassa<br \/>\n        <\/strong><br \/>\n        20.6. 14:00\n    <\/p>\n<p>Taivas varjele! Danny, 83, ja Frederik, 81, ottavat mittaa Lapissa \u2013 \u201dVanhat riitapukarit\u201d\n    <\/p>\n<p itemprop=\"description\" class=\"subtitle \">\n    Tukkanuottasilla olleet musiikkineuvos ja junttidiskon kuningas kohtaavat toisensa Lapin y\u00f6tt\u00f6m\u00e4ss\u00e4 y\u00f6ss\u00e4.\n<\/p>\n<p>        <\/a><\/p>\n<p>                <img decoding=\"async\" src=\"https:\/\/www.europesays.com\/fi\/wp-content\/uploads\/2026\/07\/2193671.webp\" width=\"576\" height=\"634\" alt=\"Jari Sillanp\u00e4\u00e4 lauloi Lapin y\u00f6tt\u00f6m\u00e4ss\u00e4 y\u00f6ss\u00e4.\" loading=\"lazy\" \/>            <\/p>\n<p>\n            Jari Sillanp\u00e4\u00e4 lauloi Lapin y\u00f6tt\u00f6m\u00e4ss\u00e4 y\u00f6ss\u00e4.<br \/>\n            Timo Korhonen\n        <\/p>\n<p>Suorat sanat Siltsusta<\/p>\n<p class=\"article-content article-content-width !bg-background\">My\u00f6s Seiskan viiksek\u00e4s erikoisreportteri oli paikalla, kun iskelm\u00e4nn\u00e4lk\u00e4iset veronmaksajat vaelsivat Suukoskelle.<\/p>\n<p class=\"article-content article-content-width !bg-background\">Halusimme tiet\u00e4\u00e4, mit\u00e4 tanssiv\u00e4ki tuumii kohuissa ryvettyneest\u00e4 Sillanp\u00e4\u00e4st\u00e4. K\u00e4vi ilmi, etteiv\u00e4t v\u00e4rikk\u00e4\u00e4t k\u00e4\u00e4nteet h\u00e4iritse moniakaan.<\/p>\n<p class=\"article-content article-content-width !bg-background\">Haaparannassa kes\u00e4paikan omistavaa Siltsua pidet\u00e4\u00e4n n\u00e4ill\u00e4 leveysasteilla Lapin omana poikana.<\/p>\n<p class=\"article-content article-content-width !bg-background\">\u2013 Tanssimaan t\u00e4nne on tultu. Siltsu on aina ollut hyv\u00e4 laulamaan, Tervolan paikallisasukit  ja  tiivist\u00e4v\u00e4t monien tuntemukset.<\/p>\n<p>        <a itemprop=\"url\" href=\"https:\/\/www.seiska.fi\/vain-seiskassa\/nyt-rytisee-danny-ja-frederik-kohtaavat-lapin-yossa-reetulta-rajua-ryopytysta\/2185482\" rel=\"nofollow noopener\" target=\"_blank\"><\/p>\n<p>\nFrederik &amp; Danny Lapissa\n<\/p>\n<p class=\"section-date\">\n        <strong class=\"article-section\" data-section=\"vain seiskassa\"><br \/>\n            vain seiskassa<br \/>\n        <\/strong><br \/>\n        20.6. 19:30\n    <\/p>\n<p>Nyt rytisee! Danny ja Frederik kohtaavat Lapin y\u00f6ss\u00e4 \u2013 Reetulta rajua ry\u00f6pytyst\u00e4\n    <\/p>\n<p itemprop=\"description\" class=\"subtitle \">\n    V\u00e4sym\u00e4t\u00f6n iskelm\u00e4ori nostaa tikunnokkaan uuden yhteisen vihollisen.\n<\/p>\n<p>        <\/a><\/p>\n<p>                <img decoding=\"async\" src=\"https:\/\/www.europesays.com\/fi\/wp-content\/uploads\/2026\/07\/2193651.webp\" width=\"576\" height=\"639\" alt=\"Raija ja Pekka Vartio ovat Tervolasta kotoisin oleva pariskunta, joille tanssi on t\u00e4rkeint\u00e4.\" loading=\"lazy\" \/>            <\/p>\n<p>\n            Raija ja Pekka Vartio ovat Tervolasta kotoisin oleva pariskunta, joille tanssi on t\u00e4rkeint\u00e4.<\/p>\n<p>Yksi hitti ylitse muiden<\/p>\n<p class=\"article-content article-content-width !bg-background\">, 50, ja , 28, saapuivat Kemijoen alajuoksulle Rovaniemelt\u00e4 asti. Matkaa tanssilavalle kertyi vajaa tunti.<\/p>\n<p class=\"article-content article-content-width !bg-background\">\u2013 T\u00e4st\u00e4 ei kyll\u00e4 Suomen suvi en\u00e4\u00e4 paljon parane. Sillanp\u00e4\u00e4 on hyv\u00e4 artisti, Kemij\u00e4rvelt\u00e4 kotoisin oleva Johanna fiilisteli leve\u00e4sti hymyillen.<\/p>\n<p class=\"article-content article-content-width !bg-background\">\u2013 Kun t\u00e4ytin 40, olin katsomassa h\u00e4nt\u00e4 Levill\u00e4. Silloin Siltsu lauloi hittins\u00e4 Sin\u00e4 ansaitset kultaa. Toivottavasti se kuultaisiin t\u00e4n\u00e4\u00e4nkin.<\/p>\n<p>        <a itemprop=\"url\" href=\"https:\/\/www.seiska.fi\/vain-seiskassa\/naiset-sekosivat-frederikista-iskelmaori-hukkui-pikkupoksyihin\/2187156\" rel=\"nofollow noopener\" target=\"_blank\"><\/p>\n<p>\nIskelm\u00e4ori hukkui pikkareihin!\n<\/p>\n<p class=\"section-date\">\n        <strong class=\"article-section\" data-section=\"vain seiskassa\"><br \/>\n            vain seiskassa<br \/>\n        <\/strong><br \/>\n        27.6. 10:00\n    <\/p>\n<p>Naiset sekosivat Frederikist\u00e4 \u2013 iskelm\u00e4ori hukkui pikkup\u00f6ksyihin\n    <\/p>\n<p itemprop=\"description\" class=\"subtitle \">\n    81-vuotias junttidiskon kuningas on yh\u00e4 huimassa vedossa. H\u00e4n dominoi Lapin y\u00f6ss\u00e4.\n<\/p>\n<p>        <\/a><\/p>\n<p>                <img decoding=\"async\" src=\"https:\/\/www.europesays.com\/fi\/wp-content\/uploads\/2026\/07\/2193653.webp\" width=\"576\" height=\"720\" alt=\"Johanna Rytilahti ja Katriina Vormisto k\u00e4\u00e4nsiv\u00e4t katseita Suukosken Keitaalla. \u2013 Halusimme tulla viett\u00e4m\u00e4\u00e4n kes\u00e4iltaa hienoihin puitteisiin.\" loading=\"lazy\" \/>            <\/p>\n<p>\n            Johanna Rytilahti ja Katriina Vormisto k\u00e4\u00e4nsiv\u00e4t katseita Suukosken Keitaalla. \u2013 Halusimme tulla viett\u00e4m\u00e4\u00e4n kes\u00e4iltaa hienoihin puitteisiin.<br \/>\n            Timo Korhonen\n        <\/p>\n<p>Ihana lavaprinssi hakusessa<\/p>\n<p class=\"article-content article-content-width !bg-background\">Rempse\u00e4ll\u00e4 Lapin ladylla oli kuumalle kes\u00e4illalle toinenkin toive.<\/p>\n<p class=\"article-content article-content-width !bg-background\">\u2013 Joku ihana lavaprinssi voisi tanssittaa mua koko illan.<\/p>\n<p>\n            Joku ihana lavaprinssi voisi tanssittaa mua koko illan.\n            <\/p>\n<p class=\"article-content article-content-width !bg-background\">Moinen heitto sai vieress\u00e4 seisoneen Katriinan repe\u00e4m\u00e4\u00e4n nauruun. Mutta Johanna jatkoi verbaalista liekitt\u00e4mist\u00e4\u00e4n.<\/p>\n<p class=\"article-content article-content-width !bg-background\">\u2013 Pist\u00e4 siihen juttuun, ett\u00e4 sinkkuja ollaan! Me asutaan Rollossa sellaisessa taloyhti\u00f6ss\u00e4, jossa on pelkki\u00e4 sinkkuja.<\/p>\n<p>        <a itemprop=\"url\" href=\"https:\/\/www.seiska.fi\/kotimaa\/iskelmakaunotar-saija-tuupanen-vinkkaa-tassa-ovat-suomen-parhaat-tanssilavat\/1846929\" rel=\"nofollow noopener\" target=\"_blank\"><\/p>\n<p>\nIskelm\u00e4kaunotar vinkkaa:\n<\/p>\n<p class=\"section-date\">\n        <strong class=\"article-section\" data-section=\"kotimaa\"><br \/>\n            kotimaa<br \/>\n        <\/strong><br \/>\n        28.6.2025 16:00\n    <\/p>\n<p>Iskelm\u00e4kaunotar Saija Tuupanen vinkkaa: T\u00e4ss\u00e4 ovat Suomen parhaat tanssilavat!\n    <\/p>\n<p itemprop=\"description\" class=\"subtitle \">\n    Iskelm\u00e4suosikki mainitsee maamme parhaimpia tanssipaikkoja.\n<\/p>\n<p>        <\/a><\/p>\n<p>                <img decoding=\"async\" src=\"https:\/\/www.europesays.com\/fi\/wp-content\/uploads\/2026\/07\/2193661.webp\" width=\"576\" height=\"672\" alt=\"Johannalla ja Katriinalla oli pilkett\u00e4 silm\u00e4kulmassa.\" loading=\"lazy\" \/>            <\/p>\n<p>\n            Johannalla ja Katriinalla oli pilkett\u00e4 silm\u00e4kulmassa.<br \/>\n            Timo Korhonen\n        <\/p>\n<p>Ep\u00e4iliv\u00e4t taustanauhaa<\/p>\n<p class=\"article-content article-content-width !bg-background\">Rovaniemelt\u00e4 Sillanp\u00e4\u00e4t\u00e4 saapuivat kuuntelemaan my\u00f6s , 31, ja , 33. Hyv\u00e4ntuuliset kaverukset n\u00e4kiv\u00e4t Siltsun ensimm\u00e4ist\u00e4 kertaa liven\u00e4.<\/p>\n<p class=\"article-content article-content-width !bg-background\">\u2013 T\u00e4m\u00e4n keikan perusteella h\u00e4n on kyll\u00e4 tosi hyv\u00e4, Viivi kehui.<\/p>\n<p>\n            Oli hauskaa, kun Siltsu naureskeli biisien v\u00e4liss\u00e4 ja jutteli yleis\u00f6lle juttujaan.\n            <\/p>\n<p class=\"article-content article-content-width !bg-background\">\u2013 Miekin tykk\u00e4sin. Oli my\u00f6s hauskaa, kun Siltsu naureskeli biisien v\u00e4liss\u00e4 ja jutteli yleis\u00f6lle niit\u00e4 juttujaan, Eija komppasi.<\/p>\n<p class=\"article-content article-content-width !bg-background\">\u2013 H\u00e4n lauloi jopa niin hyvin, ett\u00e4 spekuloimme, mahtaako Jari laulaa nauhalta. Mutta ei h\u00e4n kyll\u00e4 laulanut!<\/p>\n<p>        <a itemprop=\"url\" href=\"https:\/\/www.seiska.fi\/kotimaa\/dannylta-kylmaava-paljastus-ankista-rakastetulla-laulajalla-karmea-kohtalo\/2149435\" rel=\"nofollow noopener\" target=\"_blank\"><\/p>\n<p>\nDannylta kylm\u00e4\u00e4v\u00e4 paljastus Ankista\n<\/p>\n<p class=\"section-date\">\n        <strong class=\"article-section\" data-section=\"kotimaa\"><br \/>\n            kotimaa<br \/>\n        <\/strong><br \/>\n        28.6. 12:00\n    <\/p>\n<p>Dannylta kylm\u00e4\u00e4v\u00e4 paljastus Ankista \u2013 rakastetulla laulajalla karmea kohtalo\n    <\/p>\n<p itemprop=\"description\" class=\"subtitle \">\n    \u2013 Muistan yh\u00e4 viimeisen puhelumme, Danny huokaa Seiskalle.\n<\/p>\n<p>        <\/a><\/p>\n<p>                <img decoding=\"async\" src=\"https:\/\/www.europesays.com\/fi\/wp-content\/uploads\/2026\/07\/2193668.webp\" width=\"576\" height=\"322\" alt=\"Viivi ja Eija n\u00e4kiv\u00e4t ensimm\u00e4ist\u00e4 kertaa Siltsun.\" loading=\"lazy\" \/>            <\/p>\n<p>\n            Viivi ja Eija n\u00e4kiv\u00e4t ensimm\u00e4ist\u00e4 kertaa Siltsun.<br \/>\n            Timo Korhonen\n        <\/p>\n<p>        \u201dSuosio ei ole romahtanut\u201d<\/p>\n<p>Suukosken Keitaan omistava  oli tyytyv\u00e4inen Jari Sillanp\u00e4\u00e4n lauantai-illan saldoon.<\/p>\n<p>\u2013 Ajankohta oli haastava. Viikonloput ennen ja j\u00e4lkeen juhannusta ovat kes\u00e4n vaikeimmat tanssilavoilla, Markku muistuttaa.<\/p>\n<p>\u2013 Mutta hyv\u00e4ll\u00e4 artistinimell\u00e4 voidaan nostaa tulosta. Sik\u00e4li t\u00e4m\u00e4 meni juuri siten kuin odotinkin.<\/p>\n<p>Markun mukaan Siltsu miellet\u00e4\u00e4n Lapin omaksi pojaksi, sill\u00e4 artisti viihtyy Ruotsin puolella Haaparannassa.<\/p>\n<p>\u2013 Tietysti osa ihmisisist\u00e4 voi ajatella, ettei en\u00e4\u00e4 ikin\u00e4 saavu h\u00e4nen keikoilleen. Osa taas on antanut anteeksi. Suosio ei ole romahtanut.<\/p>\n","protected":false},"excerpt":{"rendered":"Timo Korhonen Seiska jututti Jari Sillanp\u00e4\u00e4n Lapin-keikalle suunnanneita kansalaisia. Viikossa voi tapahtua h\u00e4mm\u00e4stytt\u00e4v\u00e4n paljon. Kysyk\u00e4\u00e4 vaikka iskelm\u00e4t\u00e4hti ,&hellip;\n","protected":false},"author":2,"featured_media":292881,"comment_status":"","ping_status":"","sticky":false,"template":"","format":"standard","meta":{"footnotes":"","_share_on_mastodon":"0"},"categories":[130],"tags":[137,33,31,30,5362,3831,3108,11975,4810,38524,38523,7198,667,32,37879,1058,109],"class_list":["post-292880","post","type-post","status-publish","format-standard","has-post-thumbnail","category-viihde","tag-entertainment","tag-fi","tag-finland","tag-finnish","tag-gallup","tag-iskelmatahti","tag-jari-sillanpaa","tag-kaunotar","tag-keikka","tag-keikkareportaasi","tag-keikkareppari","tag-lansi-lappi","tag-lappi","tag-suomi","tag-suukosken-keidas","tag-tervola","tag-viihde"],"share_on_mastodon":{"url":"https:\/\/pubeurope.com\/@fi\/116859749909626154","error":""},"_links":{"self":[{"href":"https:\/\/www.europesays.com\/fi\/wp-json\/wp\/v2\/posts\/292880","targetHints":{"allow":["GET"]}}],"collection":[{"href":"https:\/\/www.europesays.com\/fi\/wp-json\/wp\/v2\/posts"}],"about":[{"href":"https:\/\/www.europesays.com\/fi\/wp-json\/wp\/v2\/types\/post"}],"author":[{"embeddable":true,"href":"https:\/\/www.europesays.com\/fi\/wp-json\/wp\/v2\/users\/2"}],"replies":[{"embeddable":true,"href":"https:\/\/www.europesays.com\/fi\/wp-json\/wp\/v2\/comments?post=292880"}],"version-history":[{"count":0,"href":"https:\/\/www.europesays.com\/fi\/wp-json\/wp\/v2\/posts\/292880\/revisions"}],"wp:featuredmedia":[{"embeddable":true,"href":"https:\/\/www.europesays.com\/fi\/wp-json\/wp\/v2\/media\/292881"}],"wp:attachment":[{"href":"https:\/\/www.europesays.com\/fi\/wp-json\/wp\/v2\/media?parent=292880"}],"wp:term":[{"taxonomy":"category","embeddable":true,"href":"https:\/\/www.europesays.com\/fi\/wp-json\/wp\/v2\/categories?post=292880"},{"taxonomy":"post_tag","embeddable":true,"href":"https:\/\/www.europesays.com\/fi\/wp-json\/wp\/v2\/tags?post=292880"}],"curies":[{"name":"wp","href":"https:\/\/api.w.org\/{rel}","templated":true}]}}