{"id":292951,"date":"2026-07-04T06:21:12","date_gmt":"2026-07-04T06:21:12","guid":{"rendered":"https:\/\/www.europesays.com\/fi\/292951\/"},"modified":"2026-07-04T06:21:12","modified_gmt":"2026-07-04T06:21:12","slug":"shirly-karviselta-avoin-ulostulo-katuu-kauneusleikkaustaan","status":"publish","type":"post","link":"https:\/\/www.europesays.com\/fi\/292951\/","title":{"rendered":"Shirly Karviselta avoin ulostulo \u2013 katuu kauneusleikkaustaan"},"content":{"rendered":"<p>\n            20250117, Helsinki. Kultainen Venla Gaala 2025. Kuvassa Shirly Karvinen.<br \/>\n            Timo Korhonen\n        <\/p>\n<p class=\"subtitle \">Shirly Karvinen puhuu avoimesti kauneusoperaatioistaan ja yhteiskunnassa vallitsevista kauneusihanteista.<\/p>\n<p class=\"article-content article-content-width !bg-background\">Juontaja   piipahti MTV:n T\u00e4hdet vs. google -viihdeohjelmassa antamassa vastauksensa nettikansaa kutkuttaviin kysymyksiin.<\/p>\n<p class=\"font-weight-bold m-font-weight-bold article-content article-content-width !bg-background\">Video: T\u00e4llainen on Shirly Karvisen ja Ahdin uusi kotitalo.<\/p>\n<p class=\"article-content article-content-width !bg-background\">Viihdetoimittaja\u00a0  juontaman ohjelman 3. hein\u00e4kuuta MTV Katsomossa julkaistussa jaksossa Shirly puhuu suodattamattomasti kauneusoperaatioistaan.\u00a0<\/p>\n<p class=\"article-content article-content-width !bg-background\">Shirly paljastaa, ett\u00e4 yhden operaation h\u00e4n j\u00e4tt\u00e4isi kokonaan tekem\u00e4tt\u00e4, jos saisi matkustaa ajassa taaksep\u00e4in.<\/p>\n<p>                <img decoding=\"async\" src=\"https:\/\/www.europesays.com\/fi\/wp-content\/uploads\/2026\/07\/2143567.webp\" width=\"576\" height=\"720\" alt=\"Shirly Karvinen on juontanut MTV:n Bachelor Suomea ohjelman kolmannesta kaudesta l\u00e4htien.\" loading=\"lazy\" \/>            <\/p>\n<p>\n            Shirly Karvinen on juontanut MTV:n Bachelor Suomea ohjelman kolmannesta kaudesta l\u00e4htien.<br \/>\n            Timo Korhonen\n        <\/p>\n<p>Kaduttaa<\/p>\n<p class=\"article-content article-content-width !bg-background\">Miss Suomeksi vuonna 2016 kruunattu Shirly kertoo ohjelmassa, ett\u00e4 h\u00e4nen rintansa on leikattu kahteen kertaan. Ensimm\u00e4isen kerran nainen asettui kirurgin veitsen alle 25-vuotiaana suurentaakseen rintojaan.<\/p>\n<p class=\"article-content article-content-width !bg-background\"> \u2013 25-vuotiaana sit\u00e4 klassisesti haaveili, ett\u00e4 haluaisi olla muodokkaampi ja naisellisempi, Shirly avaa.<\/p>\n<p class=\"article-content article-content-width !bg-background\">Ajan saatossa Shrilyn k\u00e4sitys naiseudesta ja rintojen merkityksest\u00e4 kuitenkin muuttui. Shirly kertoo, ett\u00e4 i\u00e4n karttuessa isot rinnat eiv\u00e4t en\u00e4\u00e4 sopineet naisen identiteettiin ja kehonkuvaan.\u00a0<\/p>\n<p>        <a itemprop=\"url\" href=\"https:\/\/www.seiska.fi\/katso\/shirly-karviselta-bachelor-paljastus\/2101407\" rel=\"nofollow noopener\" target=\"_blank\"><\/p>\n<p>\nOho!\n<\/p>\n<p class=\"section-date\">\n        <strong class=\"article-section\" data-section=\"katso\"><br \/>\n            katso<br \/>\n        <\/strong><br \/>\n        13.3. 08:15\n    <\/p>\n<p>Shirly Karviselta Bachelor-paljastus\n    <\/p>\n<p itemprop=\"description\" class=\"subtitle \">\n    Ohjelman kulisseista tihkuu uutta tietoa.\n<\/p>\n<p>        <\/a><\/p>\n<p class=\"article-content article-content-width !bg-background\"> \u2013 Rinnat oli viimeinen asia, mink\u00e4 liitti omaan naisellisuuteen ja vieh\u00e4tt\u00e4vyyteen, Shirly avautuu.<\/p>\n<p class=\"article-content article-content-width !bg-background\">Niin radiossa kuin televisiossa juontajana ty\u00f6skennellyt Shirly tunnustaakin rintaleikkauksen her\u00e4tt\u00e4neen h\u00e4ness\u00e4 my\u00f6hemmin katumusta.<\/p>\n<p class=\"article-content article-content-width !bg-background\"> \u2013 Jos saisin menn\u00e4 ajassa taaksep\u00e4in, en olisi tehnyt sit\u00e4, juontaja tunnustaa.<\/p>\n<p class=\"article-content article-content-width !bg-background\">Lopulta Shirly palasikin kirurgin veitsen alle pienent\u00e4m\u00e4\u00e4n rintojaan.<\/p>\n<p class=\"article-content article-content-width !bg-background\"> \u2013 Menin syksyll\u00e4 vuosien mietinn\u00e4n j\u00e4lkeen ja pienensin niit\u00e4, Shirly paljastaa.<\/p>\n<p>                <img loading=\"lazy\" decoding=\"async\" src=\"https:\/\/www.europesays.com\/fi\/wp-content\/uploads\/2026\/07\/2106072.webp\" width=\"576\" height=\"720\" title=\"Shirly seurusteli laulaja Sannin kanssa usean vuoden ajan ennen parin eroamista vuonna 2025. Suhteestaan ex-puolisoonsa juontaja on ollut vaitonainen.\" alt=\"Sanni ja Shirly\" \/>            <\/p>\n<p>\n            Shirly seurusteli laulaja Sannin kanssa usean vuoden ajan ennen parin eroamista vuonna 2025. Suhteestaan ex-puolisoonsa juontaja on ollut vaitonainen.<br \/>\n            TIMO KORHONEN\n        <\/p>\n<p>        <a itemprop=\"url\" href=\"https:\/\/www.seiska.fi\/katso\/kerttu-rissanen-paljastus-uudesta-selviytyjat-kaudesta\/2196591\" rel=\"nofollow noopener\" target=\"_blank\"><\/p>\n<p>\nKerttu Rissanen:\n<\/p>\n<p class=\"section-date\">\n        <strong class=\"article-section\" data-section=\"katso\"><br \/>\n            katso<br \/>\n        <\/strong><br \/>\n        2.7. 11:15\n    <\/p>\n<p>Kerttu Rissanen: Paljastus uudesta Selviytyj\u00e4t-kaudesta\n    <\/p>\n<p itemprop=\"description\" class=\"subtitle \">\n    Kerttu on palannut kuvauksista Suomeen.\n<\/p>\n<p>        <\/a><\/p>\n<p>Kauneusihanteiden uhri<\/p>\n<p class=\"article-content article-content-width !bg-background\">Shirly laukoo ohjelmassa suorat sanat yhteiskunnassa vallitsevista kauneusihanteista.<\/p>\n<p class=\"article-content article-content-width !bg-background\"> \u2013 Naiset kasvatetaan siihen, ett\u00e4 meill\u00e4 olisi erilaisia asioita, joita me halutaan muokata itsess\u00e4mme. Siihen meid\u00e4n yhteiskunta ja kapitalismi perustuu, Shirly laukoo.<\/p>\n<p class=\"article-content article-content-width !bg-background\"> \u2013 M\u00e4kin oon kasvanut Music Televisionin parissa. M\u00e4h\u00e4n n\u00e4in vain sellaisia mielett\u00f6m\u00e4n upeita, muodokkaita daameja. Sit m\u00e4 katoin peilist\u00e4, ett\u00e4 miks m\u00e4 en n\u00e4e sit\u00e4 samaa siell\u00e4. Siell\u00e4 on enemm\u00e4nkin sellainen pyykkilaudan muotoinen kaveri, Shirly muistelee ajatelleensa. <\/p>\n<p class=\"article-content article-content-width !bg-background\">Shirly arvioikin, ett\u00e4 yhteiskunnallisia kauneusk\u00e4sityksi\u00e4 ilment\u00e4v\u00e4 kuvasto on vaikuttanut vahvasti siihen, miten Shirly on suhtautunut kauneusoperaatioihin.<\/p>\n<p class=\"article-content article-content-width !bg-background\"> \u2013\u00a0Itsekin olen ollut sen uhri, Shirly my\u00f6nt\u00e4\u00e4.<\/p>\n<p>                <img decoding=\"async\" src=\"https:\/\/www.europesays.com\/fi\/wp-content\/uploads\/2026\/07\/2110698.webp\" width=\"576\" height=\"274\" title=\"T\u00e4t\u00e4 nyky\u00e4 Shirly el\u00e4\u00e4 avoliitossa rap-artisti Ahti Peltosen kanssa.\" alt=\"Ahti Peltonen ja Shirly Karvinen\" loading=\"lazy\" \/>            <\/p>\n<p>\n            T\u00e4t\u00e4 nyky\u00e4 Shirly el\u00e4\u00e4 avoliitossa rap-artisti Ahti Peltosen kanssa.<br \/>\n            Seiskan lukija, Vinny Holmberg\/Warner Music Finland, Timo Korhonen\n        <\/p>\n<p class=\"article-content article-content-width !bg-background\">Juontaja ei mene vannomaan, etteik\u00f6 viel\u00e4 joskus voisi turvautua kauneuskirurgiaan. Silti kauneusoperaatioiden normalisointiin nainen suhtautuu kriittisesti.<\/p>\n<p class=\"article-content article-content-width !bg-background\"> \u2013 On hyv\u00e4, ett\u00e4 ollaan avoimia, jottei nuorille tule v\u00e4\u00e4ristynytt\u00e4 kuvaa siit\u00e4, milt\u00e4 normaali ihminen n\u00e4ytt\u00e4\u00e4, Shirly muotoilee.\u00a0<\/p>\n<p class=\"article-content article-content-width !bg-background\">Avoimen keskustelun varjopuolena on Shirlyn mukaan se, ett\u00e4 kauneusleikkauksista tulee sit\u00e4 my\u00f6ten osa el\u00e4m\u00e4\u00e4 ja vanhenemista.<\/p>\n<p class=\"article-content article-content-width !bg-background\"> \u2013 Kuitenkaan en haluaisi, ett\u00e4 kauneusleikkauksista tulee kasvatusriitti, joka on osa el\u00e4m\u00e4\u00e4, Shirly p\u00e4\u00e4tt\u00e4\u00e4.<\/p>\n<p>        <a itemprop=\"url\" href=\"https:\/\/www.seiska.fi\/katso\/skandaalinayttelijan-kohupaluu-elon-musk-jakoi-kielletyn-elokuvan\/2195602\" rel=\"nofollow noopener\" target=\"_blank\"><\/p>\n<p>\nElon Musk ihastui!\n<\/p>\n<p class=\"section-date\">\n        <strong class=\"article-section\" data-section=\"katso\"><br \/>\n            katso<br \/>\n        <\/strong><br \/>\n        2.7. 07:15\n    <\/p>\n<p>Skandaalin\u00e4yttelij\u00e4n kohupaluu \u2013 Elon Musk jakoi kielletyn elokuvan\n    <\/p>\n<p itemprop=\"description\" class=\"subtitle \">\n    Oikeisto on ottanut Armie Hammerin uutuuselokuvan omakseen.\n<\/p>\n<p>        <\/a><\/p>\n","protected":false},"excerpt":{"rendered":"20250117, Helsinki. Kultainen Venla Gaala 2025. Kuvassa Shirly Karvinen. Timo Korhonen Shirly Karvinen puhuu avoimesti kauneusoperaatioistaan ja yhteiskunnassa&hellip;\n","protected":false},"author":2,"featured_media":292952,"comment_status":"","ping_status":"","sticky":false,"template":"","format":"standard","meta":{"footnotes":"","_share_on_mastodon":"0"},"categories":[130],"tags":[137,33,31,30,6458,2684,2376,5457,32,109,796],"class_list":["post-292951","post","type-post","status-publish","format-standard","has-post-thumbnail","category-viihde","tag-entertainment","tag-fi","tag-finland","tag-finnish","tag-kauneusihanteet","tag-kauneusleikkaus","tag-mtv","tag-shirly-karvinen","tag-suomi","tag-viihde","tag-yhteiskunta"],"share_on_mastodon":{"url":"https:\/\/pubeurope.com\/@fi\/116860268564268982","error":""},"_links":{"self":[{"href":"https:\/\/www.europesays.com\/fi\/wp-json\/wp\/v2\/posts\/292951","targetHints":{"allow":["GET"]}}],"collection":[{"href":"https:\/\/www.europesays.com\/fi\/wp-json\/wp\/v2\/posts"}],"about":[{"href":"https:\/\/www.europesays.com\/fi\/wp-json\/wp\/v2\/types\/post"}],"author":[{"embeddable":true,"href":"https:\/\/www.europesays.com\/fi\/wp-json\/wp\/v2\/users\/2"}],"replies":[{"embeddable":true,"href":"https:\/\/www.europesays.com\/fi\/wp-json\/wp\/v2\/comments?post=292951"}],"version-history":[{"count":0,"href":"https:\/\/www.europesays.com\/fi\/wp-json\/wp\/v2\/posts\/292951\/revisions"}],"wp:featuredmedia":[{"embeddable":true,"href":"https:\/\/www.europesays.com\/fi\/wp-json\/wp\/v2\/media\/292952"}],"wp:attachment":[{"href":"https:\/\/www.europesays.com\/fi\/wp-json\/wp\/v2\/media?parent=292951"}],"wp:term":[{"taxonomy":"category","embeddable":true,"href":"https:\/\/www.europesays.com\/fi\/wp-json\/wp\/v2\/categories?post=292951"},{"taxonomy":"post_tag","embeddable":true,"href":"https:\/\/www.europesays.com\/fi\/wp-json\/wp\/v2\/tags?post=292951"}],"curies":[{"name":"wp","href":"https:\/\/api.w.org\/{rel}","templated":true}]}}