{"id":293015,"date":"2026-07-04T07:47:10","date_gmt":"2026-07-04T07:47:10","guid":{"rendered":"https:\/\/www.europesays.com\/fi\/293015\/"},"modified":"2026-07-04T07:47:10","modified_gmt":"2026-07-04T07:47:10","slug":"itsenaisyyspaivan-paraati-peruttiin-washingtonissa-helteen-vuoksi-uutisia-lyhyesti","status":"publish","type":"post","link":"https:\/\/www.europesays.com\/fi\/293015\/","title":{"rendered":"Itsen\u00e4isyysp\u00e4iv\u00e4n paraati peruttiin Washingtonissa helteen vuoksi | Uutisia lyhyesti"},"content":{"rendered":"<p class=\"aw__sc-1qwuw0s-0 aw__sc-ngllmo-0 epAWpq fzYpjk yle__article__paragraph\">Yhdysvaltojen vuosittainen itsen\u00e4isyysp\u00e4iv\u00e4n paraati on peruttu turvallisuussyist\u00e4 helleaallon vuoksi.<\/p>\n<p class=\"aw__sc-1qwuw0s-0 aw__sc-ngllmo-0 epAWpq fzYpjk yle__article__paragraph\">National Park Servicen paraati oli m\u00e4\u00e4r\u00e4 j\u00e4rjest\u00e4\u00e4 Washington DC:ss\u00e4.<\/p>\n<p class=\"aw__sc-1qwuw0s-0 aw__sc-ngllmo-0 epAWpq fzYpjk yle__article__paragraph\">Helleaalto kirist\u00e4\u00e4 otettaan etenkin Yhdysvaltojen it\u00e4osassa. It\u00e4rannikolle on luvattu lauantaiksi yli 40 asteen l\u00e4mp\u00f6tiloja.<\/p>\n<p class=\"aw__sc-1qwuw0s-0 aw__sc-ngllmo-0 epAWpq fzYpjk yle__article__paragraph\"><a class=\"aw__sc-ngllmo-1 bTDnwX yle__article__link\" href=\"https:\/\/www.nytimes.com\/2026\/07\/03\/weather\/us-weather-heat-wave.html\" role=\"link\" rel=\"nofollow noopener\" target=\"_blank\">New York Times <\/a>kertoi perjantaina, ett\u00e4 noin 180 miljoonaa ihmist\u00e4 on \u00e4\u00e4rimm\u00e4isten kuumuusvaroitusten piiriss\u00e4.<\/p>\n<p class=\"aw__sc-1qwuw0s-0 aw__sc-ngllmo-0 epAWpq fzYpjk yle__article__paragraph\">My\u00f6s muita <a class=\"aw__sc-ngllmo-1 bTDnwX yle__article__link\" href=\"https:\/\/yle.fi\/a\/74-20234840\" role=\"link\" rel=\"nofollow noopener\" target=\"_blank\">itsen\u00e4isyysp\u00e4iv\u00e4n juhlallisuuksia on jouduttu perumaan helteen vuoksi<\/a>.<\/p>\n<p class=\"aw__sc-1qwuw0s-0 aw__sc-ngllmo-0 epAWpq fzYpjk yle__article__paragraph\">L\u00e4hde: Reuters<\/p>\n","protected":false},"excerpt":{"rendered":"Yhdysvaltojen vuosittainen itsen\u00e4isyysp\u00e4iv\u00e4n paraati on peruttu turvallisuussyist\u00e4 helleaallon vuoksi. National Park Servicen paraati oli m\u00e4\u00e4r\u00e4 j\u00e4rjest\u00e4\u00e4 Washington DC:ss\u00e4.&hellip;\n","protected":false},"author":2,"featured_media":293016,"comment_status":"","ping_status":"","sticky":false,"template":"","format":"standard","meta":{"footnotes":"","_share_on_mastodon":"0"},"categories":[5],"tags":[22,23,26,27,33,31,30,17,1709,24,25,28,29,15,18,21,32,19,20,56,16,619,38713],"class_list":["post-293015","post","type-post","status-publish","format-standard","has-post-thumbnail","category-otsikot","tag-breaking-news","tag-breakingnews","tag-featured-news","tag-featurednews","tag-fi","tag-finland","tag-finnish","tag-headlines","tag-helle","tag-latest-news","tag-latestnews","tag-main-news","tag-mainnews","tag-news","tag-otsikot","tag-paauutiset","tag-suomi","tag-top-stories","tag-topstories","tag-ulkomaat","tag-uutiset","tag-yhdysvallat","tag-yhdysvaltain-itsenaisyyspaiva"],"share_on_mastodon":{"url":"https:\/\/pubeurope.com\/@fi\/116860606336408539","error":""},"_links":{"self":[{"href":"https:\/\/www.europesays.com\/fi\/wp-json\/wp\/v2\/posts\/293015","targetHints":{"allow":["GET"]}}],"collection":[{"href":"https:\/\/www.europesays.com\/fi\/wp-json\/wp\/v2\/posts"}],"about":[{"href":"https:\/\/www.europesays.com\/fi\/wp-json\/wp\/v2\/types\/post"}],"author":[{"embeddable":true,"href":"https:\/\/www.europesays.com\/fi\/wp-json\/wp\/v2\/users\/2"}],"replies":[{"embeddable":true,"href":"https:\/\/www.europesays.com\/fi\/wp-json\/wp\/v2\/comments?post=293015"}],"version-history":[{"count":0,"href":"https:\/\/www.europesays.com\/fi\/wp-json\/wp\/v2\/posts\/293015\/revisions"}],"wp:featuredmedia":[{"embeddable":true,"href":"https:\/\/www.europesays.com\/fi\/wp-json\/wp\/v2\/media\/293016"}],"wp:attachment":[{"href":"https:\/\/www.europesays.com\/fi\/wp-json\/wp\/v2\/media?parent=293015"}],"wp:term":[{"taxonomy":"category","embeddable":true,"href":"https:\/\/www.europesays.com\/fi\/wp-json\/wp\/v2\/categories?post=293015"},{"taxonomy":"post_tag","embeddable":true,"href":"https:\/\/www.europesays.com\/fi\/wp-json\/wp\/v2\/tags?post=293015"}],"curies":[{"name":"wp","href":"https:\/\/api.w.org\/{rel}","templated":true}]}}