{"id":293143,"date":"2026-07-04T11:06:12","date_gmt":"2026-07-04T11:06:12","guid":{"rendered":"https:\/\/www.europesays.com\/fi\/293143\/"},"modified":"2026-07-04T11:06:12","modified_gmt":"2026-07-04T11:06:12","slug":"huh-mika-prinsessa-oliko-nenerchy-tuskan-nayttavin-artisti","status":"publish","type":"post","link":"https:\/\/www.europesays.com\/fi\/293143\/","title":{"rendered":"Huh, mik\u00e4 prinsessa! Oliko Nenerchy Tuskan n\u00e4ytt\u00e4vin artisti?"},"content":{"rendered":"<p>Nenerchy on todellinen drum and bass -prinsessa, joka yhdistelee musiikkiinsa esimerkiksi r\u00e4ppi\u00e4 ja metallia.<\/p>\n<p class=\"article-content article-content-width !bg-background\"> on kotimainen, valtavassa nosteessa oleva artisti, joka esiintyy t\u00e4n\u00e4 kes\u00e4n\u00e4 kenties kaikkein laaja-alaisimmin festareilla.\u00a0<\/p>\n<p class=\"article-content article-content-width !bg-background\">Kes\u00e4kuun viimeisen\u00e4 viikonloppuna Nene ilahdutti metallikansaa Tuskassa, ja kuukautta my\u00f6hemmin h\u00e4n astelee elektroniseen musiikkiin keskittyv\u00e4n Weekend-festivaalin lavalle.<\/p>\n<p class=\"article-content article-content-width !bg-background\"> \u2013 Haluan ajatella, ett\u00e4 olen v\u00e4h\u00e4n jokaiselle jotakin. L\u00f6ytyy drum and bassia, l\u00f6ytyy r\u00e4ppi\u00e4, l\u00f6ytyy metalliviboja. Mit\u00e4 tahansa! Nene kertoo Seiskalle.\u00a0<\/p>\n<p class=\"article-content article-content-width !bg-background\">Nene\u00e4 ei j\u00e4nnitt\u00e4nyt, miten h\u00e4net otetaan Tuskassa vastaan.<\/p>\n<p class=\"article-content article-content-width !bg-background\"> \u2013 Metallikansa on maailman ihaninta! Kaikista kannustavinta ja vastaanottavinta. Nummirockinkin leiriss\u00e4 kuunnellaan  \u2013 sovin t\u00e4nne.\u00a0<\/p>\n<p class=\"article-content article-content-width !bg-background\">J\u00e4nnitys olisikin ollut t\u00e4ysin turhaa. Tuskan Kvlt-sis\u00e4lavan edusta oli \u00e4\u00e4ri\u00e4\u00e4n my\u00f6ten t\u00e4ynn\u00e4 huolimatta siit\u00e4, ett\u00e4 Megadeth esiintyi Nenerchyn kanssa samaan aikaan.<\/p>\n<p>        <a itemprop=\"url\" href=\"https:\/\/www.seiska.fi\/kotimaa\/mita-ihmetta-samuli-putro-nousi-tuskan-lavalle-nain-yleiso-reagoi\/1395546\" rel=\"nofollow noopener\" target=\"_blank\"><\/p>\n<p class=\"section-date\">\n        <strong class=\"article-section\" data-section=\"kotimaa\"><br \/>\n            kotimaa<br \/>\n        <\/strong><br \/>\n        1.7.2024 13:20\n    <\/p>\n<p>Mit\u00e4 ihmett\u00e4? Samuli Putro nousi Tuskan lavalle \u2013 n\u00e4in yleis\u00f6 reagoi\n    <\/p>\n<p itemprop=\"description\" class=\"subtitle \">\n    Tuskan pienimm\u00e4lle Kvlt-sis\u00e4lavalle nousi lauantai-iltana Samuli Putro kitaransa kanssa.\n<\/p>\n<p>        <\/a><\/p>\n<p class=\"italic m-italic article-content article-content-width !bg-background\">Seiska esitteli Nenerchyn jo helmikuussa\u00a0<a href=\"https:\/\/www.seiska.fi\/reels\/tiktalk-nenerchy\/YCphKYuS\" target=\"_blank\" rel=\"nofollow noopener\">TikTalk-videosarjassa<\/a>.<\/p>\n<p>                <img decoding=\"async\" src=\"https:\/\/www.europesays.com\/fi\/wp-content\/uploads\/2026\/07\/2196161.webp\" width=\"576\" height=\"720\" alt=\"Nenen omintakeinen tyyli on todella n\u00e4ytt\u00e4v\u00e4. \u2013 Olen ottanut paljon inspiraatiota animesta ja Japanin kulttuurista.\" loading=\"lazy\" \/>            <\/p>\n<p>\n            Nenen omintakeinen tyyli on todella n\u00e4ytt\u00e4v\u00e4. \u2013 Olen ottanut paljon inspiraatiota animesta ja Japanin kulttuurista.<br \/>\n            Jani Korpela\n        <\/p>\n","protected":false},"excerpt":{"rendered":"Nenerchy on todellinen drum and bass -prinsessa, joka yhdistelee musiikkiinsa esimerkiksi r\u00e4ppi\u00e4 ja metallia. on kotimainen, valtavassa nosteessa&hellip;\n","protected":false},"author":2,"featured_media":293144,"comment_status":"","ping_status":"","sticky":false,"template":"","format":"standard","meta":{"footnotes":"","_share_on_mastodon":"0"},"categories":[136],"tags":[3627,2639,407,9784,137,970,33,31,30,408,6886,106,38728,32,13697,38276,2677,109],"class_list":["post-293143","post","type-post","status-publish","format-standard","has-post-thumbnail","category-julkkikset","tag-artisti","tag-asu","tag-celebrities","tag-elektroninen-musiikki","tag-entertainment","tag-festivaalit","tag-fi","tag-finland","tag-finnish","tag-julkkikset","tag-metallimusiikki","tag-muoti","tag-nenerchy","tag-suomi","tag-tuska","tag-tuska-festivaali","tag-tyyli","tag-viihde"],"share_on_mastodon":{"url":"https:\/\/pubeurope.com\/@fi\/116861389536334553","error":""},"_links":{"self":[{"href":"https:\/\/www.europesays.com\/fi\/wp-json\/wp\/v2\/posts\/293143","targetHints":{"allow":["GET"]}}],"collection":[{"href":"https:\/\/www.europesays.com\/fi\/wp-json\/wp\/v2\/posts"}],"about":[{"href":"https:\/\/www.europesays.com\/fi\/wp-json\/wp\/v2\/types\/post"}],"author":[{"embeddable":true,"href":"https:\/\/www.europesays.com\/fi\/wp-json\/wp\/v2\/users\/2"}],"replies":[{"embeddable":true,"href":"https:\/\/www.europesays.com\/fi\/wp-json\/wp\/v2\/comments?post=293143"}],"version-history":[{"count":0,"href":"https:\/\/www.europesays.com\/fi\/wp-json\/wp\/v2\/posts\/293143\/revisions"}],"wp:featuredmedia":[{"embeddable":true,"href":"https:\/\/www.europesays.com\/fi\/wp-json\/wp\/v2\/media\/293144"}],"wp:attachment":[{"href":"https:\/\/www.europesays.com\/fi\/wp-json\/wp\/v2\/media?parent=293143"}],"wp:term":[{"taxonomy":"category","embeddable":true,"href":"https:\/\/www.europesays.com\/fi\/wp-json\/wp\/v2\/categories?post=293143"},{"taxonomy":"post_tag","embeddable":true,"href":"https:\/\/www.europesays.com\/fi\/wp-json\/wp\/v2\/tags?post=293143"}],"curies":[{"name":"wp","href":"https:\/\/api.w.org\/{rel}","templated":true}]}}