{"id":293159,"date":"2026-07-04T11:36:13","date_gmt":"2026-07-04T11:36:13","guid":{"rendered":"https:\/\/www.europesays.com\/fi\/293159\/"},"modified":"2026-07-04T11:36:13","modified_gmt":"2026-07-04T11:36:13","slug":"amazing-race-suomessa-legendaarinen-seikkailureality-kavi-helsingissa","status":"publish","type":"post","link":"https:\/\/www.europesays.com\/fi\/293159\/","title":{"rendered":"Amazing Race Suomessa: Legendaarinen seikkailureality k\u00e4vi Helsingiss\u00e4"},"content":{"rendered":"<p>\n            Amazing Racen ikonisesta Suomi-visiitist\u00e4 on kulunut 20-vuotta.<br \/>\n            MTV\n        <\/p>\n<p class=\"subtitle \">Amazing Racen jaksossa tuttuja Helsingin ja Tampereen maisemia.<\/p>\n<p class=\"article-content article-content-width !bg-background\">Legendaarinen amerikkalainen seikkailureality\u00a0The Amazing Race vieraili Suomessa ohjelman kymmenennell\u00e4 tuotantokaudella vuonna 2006. Jakso esitettiin MTV3-kanavalla.<\/p>\n<p class=\"font-weight-bold m-font-weight-bold article-content article-content-width !bg-background\">Katso video: The Amazing Race Suomi -kilpailijoiden erikoiset ravintolakokemukset ulkomailta.<\/p>\n<p>&#8221;Siell\u00e4h\u00e4n k\u00e4ytet\u00e4\u00e4n puukenki\u00e4&#8221;<\/p>\n<p class=\"article-content article-content-width !bg-background\">10. tuotantokauden yhdeks\u00e4nness\u00e4 jaksossa nimelt\u00e4 Kohteliaisuus \u00e4rsytt\u00e4\u00e4 joskus, viisi j\u00e4ljell\u00e4 olevaa tiimi\u00e4 matkusti Madagaskarin\u00a0Antananarivosta Helsinkiin, Suomeen.<\/p>\n<p class=\"article-content article-content-width !bg-background\">Matkaan l\u00e4htiv\u00e4t kauneuskuningattaret\u00a0 ja  mallit  ja , yst\u00e4vykset  ja , pariskunta  ja  sek\u00e4 veljekset  ja .<\/p>\n<p>                <img decoding=\"async\" src=\"https:\/\/www.europesays.com\/fi\/wp-content\/uploads\/2026\/07\/2189284.webp\" width=\"576\" height=\"274\" title=\"Tyler ja James ovat malleja ja yst\u00e4vyksi\u00e4.\" alt=\"Tyler ja James\" loading=\"lazy\" \/>            <\/p>\n<p>\n            Tyler ja James ovat malleja ja yst\u00e4vyksi\u00e4.<br \/>\n            MTV\n        <\/p>\n<p class=\"article-content article-content-width !bg-background\">Parit olivat verrattain iloisia saadessaan tiet\u00e4\u00e4 tulevasta kohteesta.<\/p>\n<p class=\"article-content article-content-width !bg-background\"> \u2013 En ole koskaan ollut Suomessa, siell\u00e4h\u00e4n k\u00e4ytet\u00e4\u00e4n puukenki\u00e4, kuuluu Kandicen lausahdus.<\/p>\n<p class=\"article-content article-content-width !bg-background\"> \u2013 Hienoa, menemme Suomeen,\u00a0Erwin ja Godwing riemuitsevat.<\/p>\n<p>Tutut maisemat vilahtavat<\/p>\n<p class=\"article-content article-content-width !bg-background\">Tiimit saapuivat Helsinki-Vantaan lentokent\u00e4lle ja kyseliv\u00e4t taksikuskeilta, tiet\u00e4v\u00e4tk\u00f6 n\u00e4m\u00e4 miss\u00e4 Kappeli-niminen kahvila sijaitsee.<\/p>\n<p>        <a itemprop=\"url\" href=\"https:\/\/www.seiska.fi\/katso\/tassa-on-amazing-race-suomen-ennakkosuosikki\/2069609\" rel=\"nofollow noopener\" target=\"_blank\"><\/p>\n<p>\nAmazing Race Suomi\n<\/p>\n<p class=\"section-date\">\n        <strong class=\"article-section\" data-section=\"katso\"><br \/>\n            katso<br \/>\n        <\/strong><br \/>\n        10.2. 05:15\n    <\/p>\n<p>T\u00e4ss\u00e4 on Amazing Race Suomen ennakkosuosikki\n    <\/p>\n<p itemprop=\"description\" class=\"subtitle \">\n    Katsojat ovat valinneet Amazing Race Suomi -ohjelman suosikkiparinsa. Yksi asia kuitenkin puistattaa.\n<\/p>\n<p>        <\/a><\/p>\n<p class=\"article-content article-content-width !bg-background\">Parien teht\u00e4v\u00e4n\u00e4 oli l\u00f6yt\u00e4\u00e4 tiens\u00e4 Kappeliin, kirjautua tietokoneelle ja avata s\u00e4hk\u00f6posti, josta l\u00f6ytyi l\u00e4heisten l\u00e4hett\u00e4mi\u00e4 videoita.<\/p>\n<p class=\"article-content article-content-width !bg-background\">T\u00e4m\u00e4n j\u00e4lkeen parit py\u00f6riv\u00e4t pitkin Helsinki\u00e4 etsiess\u00e4\u00e4n tiet\u00e4 p\u00e4\u00e4rautatieasemalle.<\/p>\n<p class=\"article-content article-content-width !bg-background\">Etapin aikana parit matkustivat my\u00f6s Tampereelle junalla, josta he suuntasivat Yl\u00f6j\u00e4rvelle. Siell\u00e4 heid\u00e4n t\u00e4ytyi valita kahdesta teht\u00e4v\u00e4st\u00e4. Vaihtoehtoina olivat esteradan suorittaminen suolla tai suohiihdon opetteleminen.\u00a0<\/p>\n<p>        <a itemprop=\"url\" href=\"https:\/\/www.seiska.fi\/katso\/amazing-race-voittajat-nain-kay-muhkealle-voittopotille\/2060150\" rel=\"nofollow noopener\" target=\"_blank\"><\/p>\n<p>\nAmazing Race -voittajat\n<\/p>\n<p class=\"section-date\">\n        <strong class=\"article-section\" data-section=\"katso\"><br \/>\n            katso<br \/>\n        <\/strong><br \/>\n        14.2. 22:25\n    <\/p>\n<p>Amazing Race -voittajat: N\u00e4in k\u00e4y muhkealle voittopotille\n    <\/p>\n<p itemprop=\"description\" class=\"subtitle \">\n    Maria Guzenina ja Vilma V\u00e4h\u00e4maa paljastavat, mihin 30 000 euroa menee.\n<\/p>\n<p>        <\/a><\/p>\n<p>                <img decoding=\"async\" src=\"https:\/\/www.europesays.com\/fi\/wp-content\/uploads\/2026\/07\/2189259.webp\" width=\"576\" height=\"269\" title=\"Teht\u00e4v\u00e4kylttiin oli kirjoitettu my\u00f6s suomea.\" alt=\"Teht\u00e4v\u00e4kyltti\" loading=\"lazy\" \/>            <\/p>\n<p>\n            Teht\u00e4v\u00e4kylttiin oli kirjoitettu my\u00f6s suomea.<br \/>\n            MTV\n        <\/p>\n<p class=\"article-content article-content-width !bg-background\">Suolta matka vei Turkuun ja sielt\u00e4 autoilla Lohjalle. Tytyrin kaivoksen tiesulku-teht\u00e4v\u00e4 suoritettiin pimeydess\u00e4. Siin\u00e4 toinen joukkuelainen py\u00f6r\u00e4ili kaivoksen alam\u00e4ke\u00e4 ja otti suuren kalkkikiven py\u00f6r\u00e4ns\u00e4 tarakalle. Vihje oli piilotettu kiven sis\u00e4\u00e4n ja sen sai haltuunsa rikkomalla kiven.<\/p>\n<p>                <img decoding=\"async\" src=\"https:\/\/www.europesays.com\/fi\/wp-content\/uploads\/2026\/07\/2189266.webp\" width=\"576\" height=\"274\" title=\"Pimeydess\u00e4 suoritettu teht\u00e4v\u00e4 ei ollut helpoimmasta p\u00e4\u00e4st\u00e4.\" alt=\"Amazing Race kilpailija\" loading=\"lazy\" \/>            <\/p>\n<p>\n            Pimeydess\u00e4 suoritettu teht\u00e4v\u00e4 ei ollut helpoimmasta p\u00e4\u00e4st\u00e4.<br \/>\n            MTV\n        <\/p>\n<p class=\"article-content article-content-width !bg-background\">Seuraavaksi tiimit palasivat Helsinkiin.<\/p>\n<p class=\"article-content article-content-width !bg-background\">Etappi huipentui teht\u00e4v\u00e4\u00e4n, jossa kilpailijoiden tuli laskeutua alas Helsingin Olympiastadionin tornista. T\u00e4m\u00e4 teht\u00e4v\u00e4 aiheutti osalle pareista harmaita hiuksia ja korkeanpaikankammoiset t\u00e4risiv\u00e4t j\u00e4nnityksiss\u00e4\u00e4n.<\/p>\n<p>                <img decoding=\"async\" src=\"https:\/\/www.europesays.com\/fi\/wp-content\/uploads\/2026\/07\/2189282.webp\" width=\"576\" height=\"274\" title=\"Katolta laskeutuminen laittoi puntit tutisemaan.\" alt=\"Amazing Race -kilpailija laskeutuu katolta.\" loading=\"lazy\" \/>            <\/p>\n<p>\n            Katolta laskeutuminen laittoi puntit tutisemaan.<br \/>\n            MTV\n        <\/p>\n<p class=\"article-content article-content-width !bg-background\">Jakso oli superetapin ensimm\u00e4inen osuus, joten yht\u00e4k\u00e4\u00e4n pareista ei pudotettu Helsingin Olympiastadionille p\u00e4\u00e4ttyneess\u00e4 jaksossa.\u00a0<\/p>\n<p>        <a itemprop=\"url\" href=\"https:\/\/www.seiska.fi\/kotimaa\/heikki-paasonen-herkistyi-katso-sydamet-sulattava-video\/2183761\" rel=\"nofollow noopener\" target=\"_blank\"><\/p>\n<p>\nHeikki Paasonen\n<\/p>\n<p class=\"section-date\">\n        <strong class=\"article-section\" data-section=\"kotimaa\"><br \/>\n            kotimaa<br \/>\n        <\/strong><br \/>\n        18.6. 12:30\n    <\/p>\n<p>Heikki Paasonen herkistyi \u2013 katso syd\u00e4met sulattava video!\n    <\/p>\n<p itemprop=\"description\" class=\"subtitle \">\n    Perheenis\u00e4 herkistyi toden teolla kohdatessaan pienokaisensa pitk\u00e4st\u00e4 aikaa.\n<\/p>\n<p>        <\/a><\/p>\n","protected":false},"excerpt":{"rendered":"Amazing Racen ikonisesta Suomi-visiitist\u00e4 on kulunut 20-vuotta. MTV Amazing Racen jaksossa tuttuja Helsingin ja Tampereen maisemia. Legendaarinen amerikkalainen&hellip;\n","protected":false},"author":2,"featured_media":293160,"comment_status":"","ping_status":"","sticky":false,"template":"","format":"standard","meta":{"footnotes":"","_share_on_mastodon":"0"},"categories":[133],"tags":[137,33,31,30,104,5345,2376,3524,32,206,38730,156,109],"class_list":["post-293159","post","type-post","status-publish","format-standard","has-post-thumbnail","category-televisiot","tag-entertainment","tag-fi","tag-finland","tag-finnish","tag-helsinki","tag-kilpailijat","tag-mtv","tag-olympiastadion","tag-suomi","tag-televisiot","tag-the-amazing-race","tag-tv","tag-viihde"],"share_on_mastodon":{"url":"https:\/\/pubeurope.com\/@fi\/116861507565945899","error":""},"_links":{"self":[{"href":"https:\/\/www.europesays.com\/fi\/wp-json\/wp\/v2\/posts\/293159","targetHints":{"allow":["GET"]}}],"collection":[{"href":"https:\/\/www.europesays.com\/fi\/wp-json\/wp\/v2\/posts"}],"about":[{"href":"https:\/\/www.europesays.com\/fi\/wp-json\/wp\/v2\/types\/post"}],"author":[{"embeddable":true,"href":"https:\/\/www.europesays.com\/fi\/wp-json\/wp\/v2\/users\/2"}],"replies":[{"embeddable":true,"href":"https:\/\/www.europesays.com\/fi\/wp-json\/wp\/v2\/comments?post=293159"}],"version-history":[{"count":0,"href":"https:\/\/www.europesays.com\/fi\/wp-json\/wp\/v2\/posts\/293159\/revisions"}],"wp:featuredmedia":[{"embeddable":true,"href":"https:\/\/www.europesays.com\/fi\/wp-json\/wp\/v2\/media\/293160"}],"wp:attachment":[{"href":"https:\/\/www.europesays.com\/fi\/wp-json\/wp\/v2\/media?parent=293159"}],"wp:term":[{"taxonomy":"category","embeddable":true,"href":"https:\/\/www.europesays.com\/fi\/wp-json\/wp\/v2\/categories?post=293159"},{"taxonomy":"post_tag","embeddable":true,"href":"https:\/\/www.europesays.com\/fi\/wp-json\/wp\/v2\/tags?post=293159"}],"curies":[{"name":"wp","href":"https:\/\/api.w.org\/{rel}","templated":true}]}}