{"id":293269,"date":"2026-07-04T14:50:11","date_gmt":"2026-07-04T14:50:11","guid":{"rendered":"https:\/\/www.europesays.com\/fi\/293269\/"},"modified":"2026-07-04T14:50:11","modified_gmt":"2026-07-04T14:50:11","slug":"parkkivalvojat-toihin-kolille-ja-sipoonkorpeen-metsahallitus-voi-keskeyttaa-maksukokeilun-jos-homma-menee-pieleen-kotimaa","status":"publish","type":"post","link":"https:\/\/www.europesays.com\/fi\/293269\/","title":{"rendered":"Parkkivalvojat t\u00f6ihin Kolille ja Sipoonkorpeen \u2013 Mets\u00e4hallitus voi keskeytt\u00e4\u00e4 maksukokeilun, jos homma menee pieleen | Kotimaa"},"content":{"rendered":"<p class=\"aw__sc-1qwuw0s-0 aw__sc-1vg2sqm-0 epAWpq ecELkD yle__article__paragraph\">Viidess\u00e4 retkikohteessa alkavaa parkkimaksu\u00ad\u00adkokeilua seurataan tarkasti. Mets\u00e4\u00adhallituksen Luontopalvelut on varautunut kansalais\u00adpalautteeseen.<\/p>\n<p><img decoding=\"async\" alt=\"Ruskaturisteja Kiilop\u00e4\u00e4n matkailukeskuksessa.\" src=\"https:\/\/www.europesays.com\/fi\/wp-content\/uploads\/2026\/07\/1694509989.jpeg\" class=\"aw__sc-dklauk-0 LPzKX\"\/><\/p>\n<p>Avaa kuvien katselu<\/p>\n<p>Tuomas Kosonen ja Katariina Korhonen Kiilop\u00e4\u00e4n parkkipaikalla ruskaretkell\u00e4\u00e4n vuonna 2023. Kuva: Vesa Toppari \/ Yle<\/p>\n<p class=\"aw__sc-1qwuw0s-0 aw__sc-ngllmo-0 epAWpq fzYpjk yle__article__paragraph\">Mets\u00e4hallitus aloittaa <a class=\"aw__sc-ngllmo-1 bTDnwX yle__article__link\" href=\"https:\/\/yle.fi\/a\/74-20234533\" role=\"link\" rel=\"nofollow noopener\" target=\"_blank\">maksullisen pys\u00e4k\u00f6innin<\/a> viidess\u00e4 suositussa retkikohteessa loppukes\u00e4ll\u00e4. Kyseess\u00e4 on kokeilu, jota seurataan tarkasti. Luontopalveluissa on varauduttu lopettamaan kokeilu kesken, jos se osoittautuu ep\u00e4onnistuneeksi tai julkinen reaktio k\u00e4\u00e4ntyy liian kielteiseksi.<\/p>\n<p class=\"aw__sc-1qwuw0s-0 aw__sc-ngllmo-0 epAWpq fzYpjk yle__article__paragraph\">Mets\u00e4hallitus on tietoinen siit\u00e4, ett\u00e4 maksullinen pys\u00e4k\u00f6inti luontokohteiden yhteydess\u00e4 koskettaa ja jakaa suomalaisten tunteita. Ensimm\u00e4isiss\u00e4 palautteissa on sek\u00e4 kiitt\u00e4vi\u00e4 ett\u00e4 kielteisi\u00e4 kommentteja.<\/p>\n<p class=\"aw__sc-1qwuw0s-0 aw__sc-ngllmo-0 epAWpq fzYpjk yle__article__paragraph\">\u2013 Olemme valmiita reagoimaan nopeasti, jos palaute on ylivoimaisen negatiivista, sanoo asiakkuusjohtaja <strong class=\"aw__sc-ngllmo-2 gdRrun yle__article__strong\">Elias Haapakorva<\/strong>.<\/p>\n<p class=\"aw__sc-1qwuw0s-0 aw__sc-ngllmo-0 epAWpq fzYpjk yle__article__paragraph\">Haapakorva muistuttaa, ett\u00e4 pys\u00e4k\u00f6intimaksu on monen toivoma laillinen tapa ker\u00e4t\u00e4 varoja kansallispuisto- ja retkikohdek\u00e4ynneist\u00e4.<\/p>\n<p class=\"aw__sc-1qwuw0s-0 aw__sc-ngllmo-0 epAWpq fzYpjk yle__article__paragraph\">\u2013 Meill\u00e4 on 150 retkikohdetta edelleen, joissa ei ole pys\u00e4k\u00f6intimaksuja.<\/p>\n<p class=\"aw__sc-1qwuw0s-0 aw__sc-ngllmo-0 epAWpq fzYpjk yle__article__paragraph\">Kaikista tai osasta kohteita on mahdollista keskeytt\u00e4\u00e4 kokeilu, jos ongelmia ilmenee. Alkuvaiheessa valvonta on varmasti k\u00e4yt\u00f6ss\u00e4 Kolilla ja Sipoonkorvessa. My\u00f6s muiden maksullisten paikoitusalueiden pys\u00e4k\u00f6inti\u00e4 on tarkoitus valvoa.<\/p>\n<p>Maksullisuus alkaa loppukes\u00e4ll\u00e4<\/p>\n<p class=\"aw__sc-1qwuw0s-0 aw__sc-ngllmo-0 epAWpq fzYpjk yle__article__paragraph\">Maksulliset pys\u00e4k\u00f6innit tulevat Kolin kansallispuiston yl\u00e4parkkiin, Urho Kekkosen kansallispuistossa Kiilop\u00e4\u00e4lle, Riisitunturille, Korouoman Saukkovaaraan ja Sipoonkorvessa kolmelle pys\u00e4k\u00f6intialueelle.<\/p>\n<p class=\"aw__sc-1qwuw0s-0 aw__sc-ngllmo-0 epAWpq fzYpjk yle__article__paragraph\">Kokeilu alkaa, kun alueille on saatu opasteet ja maksuohjeet. Maksu ker\u00e4t\u00e4\u00e4n mobiilisovelluksella. Mets\u00e4hallitus tiedottaa maksullisuuden alkamisajankohdasta erikseen.<\/p>\n<p class=\"aw__sc-1qwuw0s-0 aw__sc-ngllmo-0 epAWpq fzYpjk yle__article__paragraph\">Mets\u00e4hallitus aikoo tarkkailla muuttaako pys\u00e4k\u00f6intimaksu retkeilij\u00f6iden k\u00e4yt\u00f6st\u00e4. Mets\u00e4hallitusta kiinnostaa v\u00e4ltt\u00e4v\u00e4tk\u00f6 ihmiset maksullisia kohteita, siirtyv\u00e4tk\u00f6 muihin paikkoihin vai hyv\u00e4ksyv\u00e4tk\u00f6 maksut osana retkeily\u00e4.<\/p>\n<p class=\"aw__sc-1qwuw0s-0 aw__sc-ngllmo-0 epAWpq fzYpjk yle__article__paragraph\">Parkkimaksuilla ker\u00e4t\u00e4\u00e4n varoja retkikohteiden yll\u00e4pitoon. Ylen kyselyss\u00e4 muutama vuosi sitten <a class=\"aw__sc-ngllmo-1 bTDnwX yle__article__link\" href=\"https:\/\/yle.fi\/a\/74-20047502\" role=\"link\" rel=\"nofollow noopener\" target=\"_blank\">moni oli valmis maksamaan kansallispuistojen palveluista<\/a>.<\/p>\n<p class=\"aw__sc-1qwuw0s-0 aw__sc-ngllmo-0 epAWpq fzYpjk yle__article__paragraph\">Mets\u00e4hallitus toivoo, ett\u00e4 kansallispuistoihin ja retkikohteisiin matkustettaisiin kimppakyydeill\u00e4 ja julkisen liikenteen avulla.<\/p>\n<p class=\"aw__sc-1qwuw0s-0 aw__sc-ngllmo-0 epAWpq fzYpjk yle__article__paragraph\"><strong class=\"aw__sc-ngllmo-2 gdRrun yle__article__strong\">Muutama vuosi sitten Seitsemisen kansallispuistoon avattiin bussiyhteys:<\/strong><\/p>\n<p>Seitseminen ei kuulu maksullisen pys\u00e4k\u00f6innin kokeiluun.<\/p>\n","protected":false},"excerpt":{"rendered":"Viidess\u00e4 retkikohteessa alkavaa parkkimaksu\u00ad\u00adkokeilua seurataan tarkasti. Mets\u00e4\u00adhallituksen Luontopalvelut on varautunut kansalais\u00adpalautteeseen. Avaa kuvien katselu Tuomas Kosonen ja Katariina&hellip;\n","protected":false},"author":2,"featured_media":293270,"comment_status":"","ping_status":"","sticky":false,"template":"","format":"standard","meta":{"footnotes":"","_share_on_mastodon":"0"},"categories":[117],"tags":[33,31,30,10185,1254,18747,18566,71,667,1255,72,476,1137,6295,2542,14539,38735,38734,118,2293,25305,32,119,24569,1168,477],"class_list":["post-293269","post","type-post","status-publish","format-standard","has-post-thumbnail","category-luonto","tag-fi","tag-finland","tag-finnish","tag-inari","tag-koli","tag-kolin-kansallispuisto","tag-korouoma","tag-kotimaa","tag-lappi","tag-lieksa","tag-luonto","tag-nature","tag-pohjois-karjala","tag-posio","tag-retkeily","tag-retkeilyalueet","tag-retkeilyreitit","tag-riisitunturin-kansallispuisto","tag-science","tag-sipoo","tag-sipoonkorven-kansallispuisto","tag-suomi","tag-tiede","tag-urho-kekkosen-kansallispuisto","tag-uusimaa","tag-wildlife"],"share_on_mastodon":{"url":"https:\/\/pubeurope.com\/@fi\/116862269972568949","error":""},"_links":{"self":[{"href":"https:\/\/www.europesays.com\/fi\/wp-json\/wp\/v2\/posts\/293269","targetHints":{"allow":["GET"]}}],"collection":[{"href":"https:\/\/www.europesays.com\/fi\/wp-json\/wp\/v2\/posts"}],"about":[{"href":"https:\/\/www.europesays.com\/fi\/wp-json\/wp\/v2\/types\/post"}],"author":[{"embeddable":true,"href":"https:\/\/www.europesays.com\/fi\/wp-json\/wp\/v2\/users\/2"}],"replies":[{"embeddable":true,"href":"https:\/\/www.europesays.com\/fi\/wp-json\/wp\/v2\/comments?post=293269"}],"version-history":[{"count":0,"href":"https:\/\/www.europesays.com\/fi\/wp-json\/wp\/v2\/posts\/293269\/revisions"}],"wp:featuredmedia":[{"embeddable":true,"href":"https:\/\/www.europesays.com\/fi\/wp-json\/wp\/v2\/media\/293270"}],"wp:attachment":[{"href":"https:\/\/www.europesays.com\/fi\/wp-json\/wp\/v2\/media?parent=293269"}],"wp:term":[{"taxonomy":"category","embeddable":true,"href":"https:\/\/www.europesays.com\/fi\/wp-json\/wp\/v2\/categories?post=293269"},{"taxonomy":"post_tag","embeddable":true,"href":"https:\/\/www.europesays.com\/fi\/wp-json\/wp\/v2\/tags?post=293269"}],"curies":[{"name":"wp","href":"https:\/\/api.w.org\/{rel}","templated":true}]}}