{"id":293533,"date":"2026-07-04T22:33:26","date_gmt":"2026-07-04T22:33:26","guid":{"rendered":"https:\/\/www.europesays.com\/fi\/293533\/"},"modified":"2026-07-04T22:33:26","modified_gmt":"2026-07-04T22:33:26","slug":"artistitulokas-lounaonline-kerasi-miljoonia-kuuntelukertoja-ilman-levy-yhtiota-paatan-itse-mita-teen-kulttuuri","status":"publish","type":"post","link":"https:\/\/www.europesays.com\/fi\/293533\/","title":{"rendered":"Artistitulokas Lounaonline ker\u00e4si miljoonia kuuntelukertoja ilman levy-yhti\u00f6t\u00e4: \u201dP\u00e4\u00e4t\u00e4n itse, mit\u00e4 teen\u201d | Kulttuuri"},"content":{"rendered":"<p class=\"aw__sc-1qwuw0s-0 aw__sc-ngllmo-0 epAWpq fzYpjk yle__article__paragraph\"><strong class=\"aw__sc-ngllmo-2 gdRrun yle__article__strong\">Lounaonlinen<\/strong> eli <strong class=\"aw__sc-ngllmo-2 gdRrun yle__article__strong\">Louna Kukkosen<\/strong>, 24, katse on tuima ja m\u00e4\u00e4r\u00e4tietoinen. H\u00e4nell\u00e4 on selke\u00e4 visio, millainen artisti h\u00e4n haluaa olla.<\/p>\n<p class=\"aw__sc-1qwuw0s-0 aw__sc-ngllmo-0 epAWpq fzYpjk yle__article__paragraph\">T\u00e4rkeint\u00e4 on se, ett\u00e4 kukaan ei tule sanomaan h\u00e4nelle, mit\u00e4 h\u00e4nen pit\u00e4isi olla.<\/p>\n<p class=\"aw__sc-1qwuw0s-0 aw__sc-ngllmo-0 epAWpq fzYpjk yle__article__paragraph\">Lounaonline on omakustanneartisti, joka julkaisee musiikkia isojen levy-yhti\u00f6iden ulkopuolella. Suomessa ei artistin mukaan ole totuttu siihen, ett\u00e4 itsen\u00e4isesti voisi p\u00e4rj\u00e4t\u00e4 hyvin.<\/p>\n<p class=\"aw__sc-1qwuw0s-0 aw__sc-ngllmo-0 epAWpq fzYpjk yle__article__paragraph\">Lounaonline on osoittanut oletuksen v\u00e4\u00e4r\u00e4ksi. Tulokasartistin kappaleet, kuten Motion, ovat nousseet Suomen Spotifyn kuunnelluimpien joukkoon ja ker\u00e4nneet miljoonia kuuntelukertoja.<\/p>\n<p class=\"aw__sc-1qwuw0s-0 aw__sc-ngllmo-0 epAWpq fzYpjk yle__article__paragraph\">Nyt h\u00e4n esiintyy Suomen isoimmilla festareilla kuten viikonloppuna Ruisrockissa. My\u00f6hemmin kes\u00e4ll\u00e4 ovat tiedossa muut isot esiintymislavat muun muassa Ilosaarirockissa, Flow Festivalilla ja Blockfesteill\u00e4.<\/p>\n<p><img decoding=\"async\" alt=\"Lounaonline esiintyy savuisella lavalla.\" src=\"https:\/\/www.europesays.com\/fi\/wp-content\/uploads\/2026\/07\/1781372342.jpeg\" loading=\"lazy\" class=\"aw__sc-dklauk-0 LPzKX\"\/><\/p>\n<p>Avaa kuvien katselu<\/p>\n<p>\u2013 Olen artistina j\u00e4rkkym\u00e4t\u00f6n ja l\u00e4pitunkeva, sanoo Lounaonline eli Louna Kukkonen. Kuva: Jari Kovalainen \/ Yle<\/p>\n<p class=\"aw__sc-1qwuw0s-0 aw__sc-ngllmo-0 epAWpq fzYpjk yle__article__paragraph\">Kontiolahdelta Pohjois-Karjalasta l\u00e4ht\u00f6isin oleva Lounaonline yhdist\u00e4\u00e4 musiikissaan r\u00e4ppi\u00e4 ja poppia rujosti mutta samaan aikaan kuulaasti. Se on jotain uutta.<\/p>\n<p class=\"aw__sc-1qwuw0s-0 aw__sc-ngllmo-0 epAWpq fzYpjk yle__article__paragraph\">Kukkonen haluaa artistina haastaa levy-yhti\u00f6iden p\u00e4\u00e4t\u00e4nt\u00e4vallan siit\u00e4, mink\u00e4laisia artistien ja menestyv\u00e4n musiikin pit\u00e4isi olla.<\/p>\n<p class=\"aw__sc-1qwuw0s-0 aw__sc-ngllmo-0 epAWpq fzYpjk yle__article__paragraph\">H\u00e4n haluaa my\u00f6s m\u00e4\u00e4ritell\u00e4 uudelleen, miten naiset n\u00e4hd\u00e4\u00e4n yhteiskunnassa. Se ei saa h\u00e4nen mielest\u00e4\u00e4n olla ainoastaan miesten k\u00e4siss\u00e4.<\/p>\n<p class=\"aw__sc-1qwuw0s-0 aw__sc-ngllmo-0 epAWpq fzYpjk yle__article__paragraph\">\u2013 Naisena ei tarvitse aina olla kiltti, miellytt\u00e4\u00e4 muita ja kantaa muiden ihmisten tunnetaakkoja, Kukkonen lataa.<\/p>\n<p>Inhimillist\u00e4 ja kokeellista musiikkia<\/p>\n<p class=\"aw__sc-1qwuw0s-0 aw__sc-ngllmo-0 epAWpq fzYpjk yle__article__paragraph\">Kukkonen edustaa Z-sukupolvea eli vuosina 1997\u20132012 syntyneit\u00e4. Silloin on kasvettu netin ja \u00e4lypuhelimien maailmassa. Samaan aikaan heille on ollut helppoa puhua avoimesti ihmisoikeuksista ja mielenterveysongelmista.<\/p>\n<p class=\"aw__sc-1qwuw0s-0 aw__sc-ngllmo-0 epAWpq fzYpjk yle__article__paragraph\">Kukkosen mukaan nyt on kuitenkin tultu murroskohtaan. Nuorta sukupolvea turhauttaa se, mit\u00e4 yhteiskunnassa ja maailmassa tapahtuu.<\/p>\n<p class=\"aw__sc-1qwuw0s-0 aw__sc-ngllmo-0 epAWpq fzYpjk yle__article__paragraph\">\u2013 Asioille ei voi tehd\u00e4 mit\u00e4\u00e4n. Katsomme vain vierest\u00e4.<\/p>\n<p class=\"aw__sc-1qwuw0s-0 aw__sc-ngllmo-0 epAWpq fzYpjk yle__article__paragraph\">Vastareaktio ei ole kuitenkaan radikaalia mielenilmausta \u2013 p\u00e4invastoin.<\/p>\n<p class=\"aw__sc-1qwuw0s-0 aw__sc-ngllmo-0 epAWpq fzYpjk yle__article__paragraph\">Kukkosen mukaan nuoret jakavat netiss\u00e4 paljon henkil\u00f6kohtaisia asioita. Kerrotaan todellisuudesta, joka on rehellist\u00e4 ja haavoittuvaa.<\/p>\n<p><img decoding=\"async\" alt=\"Lounaonline seisoo keskell\u00e4 klubimaista tilaa.\" src=\"https:\/\/www.europesays.com\/fi\/wp-content\/uploads\/2026\/07\/1781372371.jpeg\" loading=\"lazy\" class=\"aw__sc-dklauk-0 LPzKX\"\/><\/p>\n<p>Avaa kuvien katselu<\/p>\n<p>Lounaonline tuli Louna Kukkosen taitelijanimeksi videosoftan k\u00e4ytt\u00e4j\u00e4nimest\u00e4. \u2013 Instagramissa Louna oli varattu, niin laitoin sinne tuon k\u00e4mpel\u00f6n k\u00e4ytt\u00e4j\u00e4nimen. Kuva: Jari Kovalainen \/ Yle<\/p>\n<p class=\"aw__sc-1qwuw0s-0 aw__sc-ngllmo-0 epAWpq fzYpjk yle__article__paragraph\">Maailman myllerrys kuuluu my\u00f6s nuorten tekem\u00e4ss\u00e4 musiikissa. Suomessa on ollut pitk\u00e4\u00e4n r\u00e4pin valtakausi, mutta Kukkosen mukaan t\u00e4ll\u00e4 hetkell\u00e4 tehd\u00e4\u00e4n moniulotteisempaa musiikkia, jossa yhdistyv\u00e4t eri genret.<\/p>\n<p class=\"aw__sc-1qwuw0s-0 aw__sc-ngllmo-0 epAWpq fzYpjk yle__article__paragraph\">\u2013 My\u00f6s popissa kaikki on ollut kiillotettua ja kaunisteltua. Nyt haetaan inhimillisemp\u00e4\u00e4 kosketusta. Kaikki on leikittelev\u00e4mp\u00e4\u00e4 ja kokeilevampaa.<\/p>\n<p class=\"aw__sc-1qwuw0s-0 aw__sc-ngllmo-0 epAWpq fzYpjk yle__article__paragraph\">Kukkosen mukaan levy-yhti\u00f6t ovat pystyneet jo liian pitk\u00e4\u00e4n m\u00e4\u00e4rittelem\u00e4\u00e4n, mink\u00e4lainen musiikki on trendik\u00e4st\u00e4 ja mink\u00e4laista musiikkia enemmist\u00f6 kuuntelee.<\/p>\n<p class=\"aw__sc-1qwuw0s-0 aw__sc-ngllmo-0 epAWpq fzYpjk yle__article__paragraph\">Levy-yhti\u00f6ill\u00e4 on ollut my\u00f6s ote artisteihin, sill\u00e4 ne ovat voineet esimerkiksi kustantaa studion \u00e4\u00e4nityksiin. Kukkosen mukaan n\u00e4in ei en\u00e4\u00e4 ole, sill\u00e4 kaiken voi tehd\u00e4 omakustanteisesti.<\/p>\n<p class=\"aw__sc-1qwuw0s-0 aw__sc-ngllmo-0 epAWpq fzYpjk yle__article__paragraph\">T\u00e4m\u00e4n takia Kukkonen julkaisee musiikkinsa itse. H\u00e4nell\u00e4 on kaikki p\u00e4\u00e4t\u00e4nt\u00e4valta tekemisiins\u00e4.<\/p>\n<p class=\"aw__sc-1qwuw0s-0 aw__sc-ngllmo-0 epAWpq fzYpjk yle__article__paragraph\">\u2013 Kukaan ei ole sanomassa, miten saa tehd\u00e4 ja mit\u00e4 ei saa tehd\u00e4.<\/p>\n<p><img decoding=\"async\" alt=\"Lounaonline istuu sohvalla klubimaisissa tiloissa.\" src=\"https:\/\/www.europesays.com\/fi\/wp-content\/uploads\/2026\/07\/1781372351.jpeg\" loading=\"lazy\" class=\"aw__sc-dklauk-0 LPzKX\"\/><\/p>\n<p>Avaa kuvien katselu<\/p>\n<p>Louna Kukkosesta piti tulla alunperin visuaalisen taiteen tekij\u00e4. \u2013 Rakastin kuitenkin musiikkia v\u00e4h\u00e4n enemm\u00e4n. Kuva: Jari Kovalainen \/ YleNaiset on pistetty h\u00e4kkiin<\/p>\n<p class=\"aw__sc-1qwuw0s-0 aw__sc-ngllmo-0 epAWpq fzYpjk yle__article__paragraph\">Kukkosen mukaan naiset on n\u00e4hty yksiulotteisina kautta populaarikulttuurin historian. Elokuvissa ja musiikissa on n\u00e4hty seksualisoitu hahmo, joka on rakennettu miesten tarpeiden ymp\u00e4rille. Kliseisimmist\u00e4 lienee James Bond -tytt\u00f6.<\/p>\n<p class=\"aw__sc-1qwuw0s-0 aw__sc-ngllmo-0 epAWpq fzYpjk yle__article__paragraph\">\u2013 Miehet ovat tehneet naisesta pikku h\u00e4kkiel\u00e4imen, mit\u00e4 voi vain katsella. Se on vitsin tyls\u00e4\u00e4. Siin\u00e4 on vain tietyt rajat, mink\u00e4 sis\u00e4ll\u00e4 liikkua.<\/p>\n<p class=\"aw__sc-1qwuw0s-0 aw__sc-ngllmo-0 epAWpq fzYpjk yle__article__paragraph\">Artistia vihastuttaa se, ett\u00e4 popmusiikkia \u2013 ja etenkin naislaulajien musiikkia \u2013 on markkinoitu kauneus edell\u00e4.<\/p>\n<p class=\"aw__sc-1qwuw0s-0 aw__sc-ngllmo-0 epAWpq fzYpjk yle__article__paragraph\">\u2013 Naisartistin pit\u00e4\u00e4 osata laulaa ja tanssia. Pit\u00e4\u00e4 olla aina hyv\u00e4kuntoinen, niin ett\u00e4 vatsalihakset n\u00e4kyv\u00e4t ja on iso perse, Kukkonen puuskahtaa.<\/p>\n<p class=\"aw__sc-1qwuw0s-0 aw__sc-ngllmo-0 epAWpq fzYpjk yle__article__paragraph\">Kukkosen mukaan samalla j\u00e4\u00e4 varjoon se, kirjoittaako naisartisti musiikkinsa tai tuottaako h\u00e4n sen itse. H\u00e4nen mielest\u00e4\u00e4n levy-yhti\u00f6t eiv\u00e4t ole t\u00e4h\u00e4n asti pystyneet tarjoamaan naisille muuta kuin perinteisi\u00e4 popt\u00e4hden malleja.<\/p>\n<p class=\"aw__sc-1qwuw0s-0 aw__sc-ngllmo-0 epAWpq fzYpjk yle__article__paragraph\">Samaan hengenvetoon Kukkonen sanoo, ett\u00e4 h\u00e4nen mielest\u00e4\u00e4n my\u00f6s perinteisille naispoppareille on paikkansa.<\/p>\n<p class=\"aw__sc-1qwuw0s-0 aw__sc-ngllmo-0 epAWpq fzYpjk yle__article__paragraph\">H\u00e4n itse haluaa kuitenkin ravistella vanhoja malleja.<\/p>\n<p class=\"aw__sc-1qwuw0s-0 aw__sc-ngllmo-0 epAWpq fzYpjk yle__article__paragraph\">\u2013 Voin muuttaa asiaa siten, ett\u00e4 p\u00e4\u00e4t\u00e4n, mit\u00e4 teen ja mietin, mik\u00e4 tuntuu hyv\u00e4lt\u00e4. Sill\u00e4 tavalla voin olla esimerkkin\u00e4 muille.<\/p>\n<p class=\"aw__sc-1qwuw0s-0 aw__sc-ngllmo-0 epAWpq fzYpjk yle__article__paragraph\"><strong class=\"aw__sc-ngllmo-2 gdRrun yle__article__strong\">Lounaonline kertoo alla olevalla videolla, kuinka h\u00e4n haluaa m\u00e4\u00e4ritell\u00e4 naiseutta uudelleen:<\/strong><\/p>\n<p>Neurokirjosta apua musiikin tekemiseen<\/p>\n<p class=\"aw__sc-1qwuw0s-0 aw__sc-ngllmo-0 epAWpq fzYpjk yle__article__paragraph\">Kukkonen kertoo avoimesti neurokirjostaan. Se n\u00e4kyy h\u00e4nen arjessaan niin, ett\u00e4 h\u00e4n kuormittuu nopeasti. Heti keikan j\u00e4lkeen h\u00e4nen on p\u00e4\u00e4st\u00e4v\u00e4 kotiin nukkumaan.<\/p>\n<p class=\"aw__sc-1qwuw0s-0 aw__sc-ngllmo-0 epAWpq fzYpjk yle__article__paragraph\"><strong class=\"aw__sc-ngllmo-2 gdRrun yle__article__strong\">Lounaonline kertoi neurokirjostaan YleX:n haastattelussa:<\/strong><\/p>\n<p><img decoding=\"async\" alt=\"\" src=\"https:\/\/www.europesays.com\/fi\/wp-content\/uploads\/2026\/07\/13-1-77543600-1772714794166.jpeg\" class=\"aw__sc-dklauk-0 LPzKX\"\/><\/p>\n<p class=\"aw__sc-1qwuw0s-0 aw__sc-ngllmo-0 epAWpq fzYpjk yle__article__paragraph\">Artisti n\u00e4kee asiassa my\u00f6s positiivisen puolen. Musiikkia tehdess\u00e4\u00e4n Kukkonen keskittyy omien sanojensa mukaan pitk\u00e4\u00e4n ja j\u00e4rkkym\u00e4tt\u00f6m\u00e4sti. Muissa t\u00f6iss\u00e4 se ei v\u00e4ltt\u00e4m\u00e4tt\u00e4 onnistuisi.<\/p>\n<p class=\"aw__sc-1qwuw0s-0 aw__sc-ngllmo-0 epAWpq fzYpjk yle__article__paragraph\">Kukkosen mukaan luovalta alalta l\u00f6ytyy paljon ihmisi\u00e4, joilla on samankaltaisia neuropsykiatrisia eli nepsy-haasteita. Niit\u00e4 ovat muun muassa ADHD, Touretten oireyhtym\u00e4 tai kehityksellinen kielih\u00e4iri\u00f6.<\/p>\n<p class=\"aw__sc-1qwuw0s-0 aw__sc-ngllmo-0 epAWpq fzYpjk yle__article__paragraph\">Kaiken kaikkiaan nepsy-aikuisia on v\u00e4est\u00f6st\u00e4 jopa <a class=\"aw__sc-ngllmo-1 bTDnwX yle__article__link\" href=\"https:\/\/www.uusisuomi.fi\/uutiset\/a\/25deb8df-528a-4e7d-972c-d1e60882ddb4\" role=\"link\" rel=\"nofollow noopener\" target=\"_blank\">15-20 prosenttia<\/a>.<\/p>\n<p class=\"aw__sc-1qwuw0s-0 aw__sc-ngllmo-0 epAWpq fzYpjk yle__article__paragraph\">Autismikirjolla olevat ihmiset ovat olleet esill\u00e4 Ylen dokumentaarisessa reality-sarjassa Kirjolla. Kukkosen mukaan neurokirjon ihmiset ovat silti edelleen n\u00e4kym\u00e4tt\u00f6miss\u00e4.<\/p>\n<p class=\"aw__sc-1qwuw0s-0 aw__sc-ngllmo-0 epAWpq fzYpjk yle__article__paragraph\">\u2013 Ihmisill\u00e4 on k\u00e4sitys, ett\u00e4 heid\u00e4t voi tunnistaa eritt\u00e4in helposti, vaikka he ovat kaikki piilossa.<\/p>\n<p><img decoding=\"async\" alt=\"Lounaonline esiintyy savuisella lavalla.\" src=\"https:\/\/www.europesays.com\/fi\/wp-content\/uploads\/2026\/07\/1781372293.jpeg\" loading=\"lazy\" class=\"aw__sc-dklauk-0 LPzKX\"\/><\/p>\n<p>Avaa kuvien katselu<\/p>\n<p>Lounaonlinen soundimaailmaa on kuvailtu usvaiseksi. Kuva: Jari Kovalainen \/ Yle<\/p>\n<p class=\"aw__sc-1qwuw0s-0 aw__sc-ngllmo-0 epAWpq fzYpjk yle__article__paragraph\">Kukkosen mielest\u00e4 monilla on edelleen my\u00f6s v\u00e4\u00e4r\u00e4nlaisia mielikuvia nepsy-ihmisist\u00e4.<\/p>\n<p class=\"aw__sc-1qwuw0s-0 aw__sc-ngllmo-0 epAWpq fzYpjk yle__article__paragraph\">\u2013 Esimerkiksi autisteista on k\u00e4sitys, ett\u00e4 he ovat tyhmi\u00e4 tai ett\u00e4 heid\u00e4n \u00e4lykkyysosam\u00e4\u00e4r\u00e4ns\u00e4 olisi pienempi.<\/p>\n<p class=\"aw__sc-1qwuw0s-0 aw__sc-ngllmo-0 epAWpq fzYpjk yle__article__paragraph\">Kukkonen haluaakin puhua omista kokemuksistaan, jotta ihmisten k\u00e4sitykset muuttuisivat.<\/p>\n","protected":false},"excerpt":{"rendered":"Lounaonlinen eli Louna Kukkosen, 24, katse on tuima ja m\u00e4\u00e4r\u00e4tietoinen. H\u00e4nell\u00e4 on selke\u00e4 visio, millainen artisti h\u00e4n haluaa&hellip;\n","protected":false},"author":2,"featured_media":293534,"comment_status":"","ping_status":"","sticky":false,"template":"","format":"standard","meta":{"footnotes":"","_share_on_mastodon":"0"},"categories":[130],"tags":[137,33,31,30,108,19835,47,8801,16417,1223,32,109],"class_list":["post-293533","post","type-post","status-publish","format-standard","has-post-thumbnail","category-viihde","tag-entertainment","tag-fi","tag-finland","tag-finnish","tag-kulttuuri","tag-levy-yhtiot","tag-musiikki","tag-musiikkiteollisuus","tag-naisartistit","tag-popmusiikki","tag-suomi","tag-viihde"],"share_on_mastodon":{"url":"https:\/\/pubeurope.com\/@fi\/116864091028612391","error":""},"_links":{"self":[{"href":"https:\/\/www.europesays.com\/fi\/wp-json\/wp\/v2\/posts\/293533","targetHints":{"allow":["GET"]}}],"collection":[{"href":"https:\/\/www.europesays.com\/fi\/wp-json\/wp\/v2\/posts"}],"about":[{"href":"https:\/\/www.europesays.com\/fi\/wp-json\/wp\/v2\/types\/post"}],"author":[{"embeddable":true,"href":"https:\/\/www.europesays.com\/fi\/wp-json\/wp\/v2\/users\/2"}],"replies":[{"embeddable":true,"href":"https:\/\/www.europesays.com\/fi\/wp-json\/wp\/v2\/comments?post=293533"}],"version-history":[{"count":0,"href":"https:\/\/www.europesays.com\/fi\/wp-json\/wp\/v2\/posts\/293533\/revisions"}],"wp:featuredmedia":[{"embeddable":true,"href":"https:\/\/www.europesays.com\/fi\/wp-json\/wp\/v2\/media\/293534"}],"wp:attachment":[{"href":"https:\/\/www.europesays.com\/fi\/wp-json\/wp\/v2\/media?parent=293533"}],"wp:term":[{"taxonomy":"category","embeddable":true,"href":"https:\/\/www.europesays.com\/fi\/wp-json\/wp\/v2\/categories?post=293533"},{"taxonomy":"post_tag","embeddable":true,"href":"https:\/\/www.europesays.com\/fi\/wp-json\/wp\/v2\/tags?post=293533"}],"curies":[{"name":"wp","href":"https:\/\/api.w.org\/{rel}","templated":true}]}}