{"id":29354,"date":"2025-09-08T23:25:10","date_gmt":"2025-09-08T23:25:10","guid":{"rendered":"https:\/\/www.europesays.com\/fi\/29354\/"},"modified":"2025-09-08T23:25:10","modified_gmt":"2025-09-08T23:25:10","slug":"ranskan-hallitus-kaatui-macron-aikoo-nimeta-uuden-paaministerin-lahipaivina","status":"publish","type":"post","link":"https:\/\/www.europesays.com\/fi\/29354\/","title":{"rendered":"Ranskan hallitus kaatui \u2013 Macron aikoo nimet\u00e4 uuden p\u00e4\u00e4ministerin l\u00e4hip\u00e4ivin\u00e4"},"content":{"rendered":"<p>P\u00e4\u00e4ministeri Francois Bayrou h\u00e4visi luottamus\u00e4\u00e4nestyksen ja j\u00e4tt\u00e4\u00e4 eroilmoituksensa presidentille tiistaina.<\/p>\n<p>8.9. 20:13 | P\u00e4ivitetty 8.9. 22:31<\/p>\n<p class=\"article-body margin-bottom-24 padding-x-16\">Ranskan v\u00e4hemmist\u00f6hallitus kaatuu. P\u00e4\u00e4ministeri <a class=\"article-personlink\" href=\"https:\/\/www.aamulehti.fi\/haku\/?query=Francois%20Bayrou\" rel=\"nofollow noopener\" target=\"_blank\">Francois Bayrou<\/a> on h\u00e4vinnyt luottamus\u00e4\u00e4nestyksen parlamentin alahuoneessa eli kansalliskokouksessa selvin numeroin.<\/p>\n<p class=\"article-body margin-bottom-24 padding-x-16\">Hallitukselle luottamuksensa antoi vain 194 kansanedustajaa, kun 364 edustajaa \u00e4\u00e4nesti hallituksen luottamusta vastaan. Tulos oli odotettu, sill\u00e4 oppositiopuolueet sek\u00e4 vasemmalla ett\u00e4 oikealla aikoivat \u00e4\u00e4nest\u00e4\u00e4 p\u00e4\u00e4ministeri\u00e4 vastaan.<\/p>\n<p class=\"article-body margin-bottom-24 padding-x-16\">Presidentti <a class=\"article-personlink\" href=\"https:\/\/www.aamulehti.fi\/haku\/?query=Emmanuel%20Macron\" rel=\"nofollow noopener\" target=\"_blank\">Emmanuel Macron<\/a> ottaa huomenna tiistaina vastaan p\u00e4\u00e4ministerin ilmoituksen hallituksen erosta, kertoo Ranskan presidentin kanslia. P\u00e4\u00e4ministeri\u00e4 l\u00e4hell\u00e4 olevan l\u00e4hteen mukaan Bayrou j\u00e4tt\u00e4\u00e4 eroilmoituksensa heti aamulla.<\/p>\n<p class=\"article-body margin-bottom-24 padding-x-16\">Presidentin kanslian mukaan Macron nime\u00e4\u00e4 uuden p\u00e4\u00e4ministerin tulevien p\u00e4ivien aikana.<\/p>\n<p class=\"article-body margin-bottom-24 padding-x-16\">Macronin olisi mahdollista my\u00f6s hajottaa parlamentti ja m\u00e4\u00e4r\u00e4t\u00e4 maahan ennenaikaiset vaalit, kuten muun muassa laitaoikeiston Kansallinen liittouma on <a class=\"article-genericlink\" href=\"https:\/\/www.france24.com\/en\/live-news\/20250902-no-miracle-in-last-ditch-talks-with-french-pm-far-right\" rel=\"nofollow noopener\" target=\"_blank\">vaatinut<\/a>. Kansallisen liittouman puheenjohtaja <a class=\"article-personlink\" href=\"https:\/\/www.aamulehti.fi\/haku\/?query=Marine%20Le%20Pen\" rel=\"nofollow noopener\" target=\"_blank\">Marine Le Pen<\/a> sanoi parlamentissa \u00e4\u00e4nestyksen alla, ett\u00e4 parlamentin hajottaminen ei ole Macronille vaihtoehto vaan velvollisuus.<\/p>\n<p>Yhdeks\u00e4n kuukauden p\u00e4\u00e4ministerikausi<\/p>\n<p class=\"article-body margin-bottom-24 padding-x-16\">Viimeisess\u00e4 puheessaan ennen \u00e4\u00e4nestyst\u00e4 Bayrou puolusti parlamentin edess\u00e4 sek\u00e4 vastustusta her\u00e4tt\u00e4neit\u00e4 s\u00e4\u00e4st\u00f6suunnitelmiaan ett\u00e4 luottamus\u00e4\u00e4nestyksen j\u00e4rjest\u00e4mist\u00e4. Oppositiopuolueiden edustajat keskeyttiv\u00e4t puheen toistuvasti huutelullaan.<\/p>\n<p class=\"article-body margin-bottom-24 padding-x-16\">P\u00e4\u00e4ministeri kuvaili Ranskan velan m\u00e4\u00e4r\u00e4\u00e4 maalle hengenvaaralliseksi. Bayroun mukaan s\u00e4\u00e4st\u00f6suunnitelma oli tehty, jotta maa voisi muutaman vuoden p\u00e4\u00e4st\u00e4 paeta &#8221;v\u00e4\u00e4j\u00e4\u00e4m\u00e4t\u00f6nt\u00e4 velka-aaltoa, joka on upottamassa sen&#8221;.<\/p>\n<p class=\"article-body margin-bottom-24 padding-x-16\">\u201dTeill\u00e4 on valta kaataa hallitus, mutta ei pyyhki\u00e4 pois todellisuutta\u201d, Bayrou sanoi kansanedustajille.<\/p>\n<p class=\"article-body margin-bottom-24 padding-x-16\">Bayrou on toiminut p\u00e4\u00e4ministerin\u00e4 vasta yhdeks\u00e4n kuukautta. Ilmoitus luottamus\u00e4\u00e4nestyksest\u00e4 yll\u00e4tti my\u00f6s h\u00e4nen liittolaisensa.<\/p>\n<p class=\"article-body margin-bottom-24 padding-x-16\">P\u00e4\u00e4ministerin mukaan suurin riski olisi kuitenkin ollut olla pit\u00e4m\u00e4tt\u00e4 \u00e4\u00e4nestyst\u00e4 ja jatkaa kuin mit\u00e4\u00e4n ei olisi tapahtunut.<\/p>\n<p class=\"article-body margin-bottom-24 padding-x-16\">Uutistoimisto AFP kertoi jo ennen \u00e4\u00e4nestyst\u00e4, ett\u00e4 Bayrou vaikutti hyv\u00e4ksyneen kohtalonsa: h\u00e4nen kerrottiin kutsuneen hallituksen ministerit j\u00e4\u00e4hyv\u00e4isdrinkeille t\u00e4n\u00e4 iltana.<\/p>\n<p>Kansa nousi s\u00e4\u00e4st\u00f6suunnitelmaa vastaan<\/p>\n<p class=\"article-body margin-bottom-24 padding-x-16\">Bayroun aiemmin esittelem\u00e4 44 miljardin euron s\u00e4\u00e4st\u00f6ohjelma Ranskan budjettivajeen supistamiseksi on saanut takajaloilleen opposition lis\u00e4ksi my\u00f6s kansalaiset. Luottamus\u00e4\u00e4nestyksen j\u00e4lkeen keskiviikkona Ranskassa on m\u00e4\u00e4r\u00e4 j\u00e4rjest\u00e4\u00e4 maanlaajuinen Bloquons tout (Pys\u00e4ytet\u00e4\u00e4n kaikki) -protestitapahtuma.<\/p>\n<p class=\"article-body margin-bottom-24 padding-x-16\">Bayroun s\u00e4\u00e4st\u00f6ehdotuksessa muun muassa j\u00e4\u00e4dytett\u00e4isiin el\u00e4kkeit\u00e4 ja sosiaalietuuksia sek\u00e4 korotettaisiin hiukan kaikkein eniten ansaitsevien veroja. My\u00f6s kaksi kansallista vapaap\u00e4iv\u00e4\u00e4, kuten toinen p\u00e4\u00e4si\u00e4isp\u00e4iv\u00e4, muutettaisiin ty\u00f6p\u00e4iviksi.<\/p>\n<p>Macronin aikana jo kuusi p\u00e4\u00e4ministeri\u00e4<\/p>\n<p class=\"article-body margin-bottom-24 padding-x-16\">Ranskan politiikan sekaannuksesta kertoo se, ett\u00e4 uusi p\u00e4\u00e4ministeri olisi j\u00e4rjestyksess\u00e4 jo seitsem\u00e4s Macronin presidenttiyden aikana. Macron on ollut presidentti vuodesta 2017 l\u00e4htien.<\/p>\n<p class=\"article-body margin-bottom-24 padding-x-16\">Bayroun edelt\u00e4j\u00e4 <a class=\"article-personlink\" href=\"https:\/\/www.aamulehti.fi\/haku\/?query=Michel%20Barnier\" rel=\"nofollow noopener\" target=\"_blank\">Michel Barnier<\/a> sai l\u00e4ht\u00f6passit viime joulukuussa vain kolmen kuukauden p\u00e4\u00e4ministeriyden j\u00e4lkeen.<\/p>\n<p class=\"article-body margin-bottom-24 padding-x-16\">Uudet vaalit eiv\u00e4t todenn\u00e4k\u00f6isesti ratkaisisi perusongelmaa, sill\u00e4 mielipidekyselyiden perusteella ne eiv\u00e4t edelleenk\u00e4\u00e4n tuottaisi kansalliskokoukseen enemmist\u00f6pohjaa uudelle hallitukselle. Kansallinen liittouma kyll\u00e4kin vahvistaisi asemiaan suurimpana puolueena.<\/p>\n<p class=\"article-body margin-bottom-24 padding-x-16\">Vaatimukset presidentin eroamisesta Macron on torjunut jyrk\u00e4sti.<\/p>\n<p class=\"article-body margin-bottom-24 padding-x-16\">Le Figaro -sanomalehden teett\u00e4m\u00e4n tuoreen Odoxa-Backbonen <a class=\"article-genericlink\" href=\"https:\/\/www.odoxa.fr\/sondage\/64-des-francais-sont-favorables-a-la-demission-demmanuel-macron\/\" rel=\"nofollow noopener\" target=\"_blank\">mielipidekyselyn<\/a> mukaan 64 prosenttia ranskalaisista kannattaisi Macronin eroa.<\/p>\n","protected":false},"excerpt":{"rendered":"P\u00e4\u00e4ministeri Francois Bayrou h\u00e4visi luottamus\u00e4\u00e4nestyksen ja j\u00e4tt\u00e4\u00e4 eroilmoituksensa presidentille tiistaina. 8.9. 20:13 | P\u00e4ivitetty 8.9. 22:31 Ranskan v\u00e4hemmist\u00f6hallitus&hellip;\n","protected":false},"author":2,"featured_media":29355,"comment_status":"","ping_status":"","sticky":false,"template":"","format":"standard","meta":{"footnotes":""},"categories":[14],"tags":[157,22,23,26,27,33,31,30,17,24,25,28,29,15,18,21,32,19,20,56,16,59,60,61],"class_list":{"0":"post-29354","1":"post","2":"type-post","3":"status-publish","4":"format-standard","5":"has-post-thumbnail","7":"category-ulkomaat","8":"tag-aamulehti","9":"tag-breaking-news","10":"tag-breakingnews","11":"tag-featured-news","12":"tag-featurednews","13":"tag-fi","14":"tag-finland","15":"tag-finnish","16":"tag-headlines","17":"tag-latest-news","18":"tag-latestnews","19":"tag-main-news","20":"tag-mainnews","21":"tag-news","22":"tag-otsikot","23":"tag-paauutiset","24":"tag-suomi","25":"tag-top-stories","26":"tag-topstories","27":"tag-ulkomaat","28":"tag-uutiset","29":"tag-world","30":"tag-world-news","31":"tag-worldnews"},"share_on_mastodon":{"url":"","error":""},"_links":{"self":[{"href":"https:\/\/www.europesays.com\/fi\/wp-json\/wp\/v2\/posts\/29354","targetHints":{"allow":["GET"]}}],"collection":[{"href":"https:\/\/www.europesays.com\/fi\/wp-json\/wp\/v2\/posts"}],"about":[{"href":"https:\/\/www.europesays.com\/fi\/wp-json\/wp\/v2\/types\/post"}],"author":[{"embeddable":true,"href":"https:\/\/www.europesays.com\/fi\/wp-json\/wp\/v2\/users\/2"}],"replies":[{"embeddable":true,"href":"https:\/\/www.europesays.com\/fi\/wp-json\/wp\/v2\/comments?post=29354"}],"version-history":[{"count":0,"href":"https:\/\/www.europesays.com\/fi\/wp-json\/wp\/v2\/posts\/29354\/revisions"}],"wp:featuredmedia":[{"embeddable":true,"href":"https:\/\/www.europesays.com\/fi\/wp-json\/wp\/v2\/media\/29355"}],"wp:attachment":[{"href":"https:\/\/www.europesays.com\/fi\/wp-json\/wp\/v2\/media?parent=29354"}],"wp:term":[{"taxonomy":"category","embeddable":true,"href":"https:\/\/www.europesays.com\/fi\/wp-json\/wp\/v2\/categories?post=29354"},{"taxonomy":"post_tag","embeddable":true,"href":"https:\/\/www.europesays.com\/fi\/wp-json\/wp\/v2\/tags?post=29354"}],"curies":[{"name":"wp","href":"https:\/\/api.w.org\/{rel}","templated":true}]}}