{"id":293692,"date":"2026-07-05T04:16:09","date_gmt":"2026-07-05T04:16:09","guid":{"rendered":"https:\/\/www.europesays.com\/fi\/293692\/"},"modified":"2026-07-05T04:16:09","modified_gmt":"2026-07-05T04:16:09","slug":"toni-nieminen-on-huolissaan-raviurheilun-tulevaisuudesta-jossakinhan-me-ollaan-epaonnistuttu-todella-pahoin-urheilu","status":"publish","type":"post","link":"https:\/\/www.europesays.com\/fi\/293692\/","title":{"rendered":"Toni Nieminen on huolissaan raviurheilun tulevaisuudesta \u2013\u2009&#8221;Jossakinhan me ollaan ep\u00e4onnistuttu todella pahoin&#8221; | Urheilu"},"content":{"rendered":"<p>M\u00e4kihypyn olympiavoittajan mukaan Jokimaalla asiat hoidetaan kuitenkin hyvin.<\/p>\n<p>Raviurheiluun m\u00e4kihyppyuransa loppupuolella totaalisesti hurahtanut <strong>Toni Nieminen<\/strong>, 51, on tuttu n\u00e4ky lajin tapahtumissa. Viikonlopun Suur-Hollola-ajossa Nieminen hoitaa hevosten taustajoukkojen haastatteluja someen sis\u00e4lt\u00f6\u00e4 tekev\u00e4lle B\u00e4kk\u00e4rille.<\/p>\n","protected":false},"excerpt":{"rendered":"M\u00e4kihypyn olympiavoittajan mukaan Jokimaalla asiat hoidetaan kuitenkin hyvin. Raviurheiluun m\u00e4kihyppyuransa loppupuolella totaalisesti hurahtanut Toni Nieminen, 51, on tuttu&hellip;\n","protected":false},"author":2,"featured_media":293693,"comment_status":"","ping_status":"","sticky":false,"template":"","format":"standard","meta":{"footnotes":"","_share_on_mastodon":"0"},"categories":[12],"tags":[22,23,26,27,33,31,30,17,7263,38780,38781,1801,24,25,41,28,29,15,18,21,7265,32,38779,19,20,16],"class_list":["post-293692","post","type-post","status-publish","format-standard","has-post-thumbnail","category-suomi","tag-breaking-news","tag-breakingnews","tag-featured-news","tag-featurednews","tag-fi","tag-finland","tag-finnish","tag-headlines","tag-hevosurheilu","tag-jokimaan-ravikeskus","tag-jokimaan-ravit","tag-lahti","tag-latest-news","tag-latestnews","tag-liikunta-ja-urheilu","tag-main-news","tag-mainnews","tag-news","tag-otsikot","tag-paauutiset","tag-ravit","tag-suomi","tag-suur-hollola-ajo","tag-top-stories","tag-topstories","tag-uutiset"],"share_on_mastodon":{"url":"https:\/\/pubeurope.com\/@fi\/116865439265948985","error":""},"_links":{"self":[{"href":"https:\/\/www.europesays.com\/fi\/wp-json\/wp\/v2\/posts\/293692","targetHints":{"allow":["GET"]}}],"collection":[{"href":"https:\/\/www.europesays.com\/fi\/wp-json\/wp\/v2\/posts"}],"about":[{"href":"https:\/\/www.europesays.com\/fi\/wp-json\/wp\/v2\/types\/post"}],"author":[{"embeddable":true,"href":"https:\/\/www.europesays.com\/fi\/wp-json\/wp\/v2\/users\/2"}],"replies":[{"embeddable":true,"href":"https:\/\/www.europesays.com\/fi\/wp-json\/wp\/v2\/comments?post=293692"}],"version-history":[{"count":0,"href":"https:\/\/www.europesays.com\/fi\/wp-json\/wp\/v2\/posts\/293692\/revisions"}],"wp:featuredmedia":[{"embeddable":true,"href":"https:\/\/www.europesays.com\/fi\/wp-json\/wp\/v2\/media\/293693"}],"wp:attachment":[{"href":"https:\/\/www.europesays.com\/fi\/wp-json\/wp\/v2\/media?parent=293692"}],"wp:term":[{"taxonomy":"category","embeddable":true,"href":"https:\/\/www.europesays.com\/fi\/wp-json\/wp\/v2\/categories?post=293692"},{"taxonomy":"post_tag","embeddable":true,"href":"https:\/\/www.europesays.com\/fi\/wp-json\/wp\/v2\/tags?post=293692"}],"curies":[{"name":"wp","href":"https:\/\/api.w.org\/{rel}","templated":true}]}}