{"id":29380,"date":"2025-09-09T00:13:11","date_gmt":"2025-09-09T00:13:11","guid":{"rendered":"https:\/\/www.europesays.com\/fi\/29380\/"},"modified":"2025-09-09T00:13:11","modified_gmt":"2025-09-09T00:13:11","slug":"is-kirsi-alm-siira-julkaisi-oman-missikuvansa-vuosien-takaa-kokemaelta","status":"publish","type":"post","link":"https:\/\/www.europesays.com\/fi\/29380\/","title":{"rendered":"IS: Kirsi Alm-Siira julkaisi oman missikuvansa vuosien takaa Kokem\u00e4elt\u00e4"},"content":{"rendered":"<p>Kirsi Alm-Siira osallistui \u201dmissikisoihin\u201d 1990-luvulla Kokem\u00e4ell\u00e4.<\/p>\n<p>8.9. 15:36<\/p>\n<p class=\"article-body margin-bottom-24 padding-x-16\">Tuoreet Miss Suomi -kisat innostivat uutisankkuri <a class=\"article-personlink\" href=\"https:\/\/www.sydansatakunta.fi\/haku\/?query=Kirsi%20Alm-Siiran\" rel=\"nofollow noopener\" target=\"_blank\">Kirsi Alm-Siiran <\/a>muistelemaan omaa lyhyeksi j\u00e4\u00e4nytt\u00e4 missimenneisytt\u00e4\u00e4n. Asiasta uutisoi <a class=\"article-genericlink article-em\" href=\"https:\/\/www.is.fi\/viihde\/art-2000011479097.html\" rel=\"nofollow noopener\" target=\"_blank\">Ilta-Sanomat<\/a>.<\/p>\n<p class=\"article-body margin-bottom-24 padding-x-16\">Alm-Siira onnitteli Instagramissa uusinta Miss Suomi -kilpailun voittaja <a class=\"article-personlink\" href=\"https:\/\/www.sydansatakunta.fi\/haku\/?query=Sarah%20Dzafcea\" rel=\"nofollow noopener\" target=\"_blank\">Sarah Dzafcea<\/a> ja julkaisi samalla kuvan menneisyydest\u00e4\u00e4n, kun h\u00e4n 1990-luvulla osallistui Kokem\u00e4ell\u00e4 j\u00e4rjestettyyn \u201dMiss Mansikka -kilpailuun\u201d.<\/p>\n","protected":false},"excerpt":{"rendered":"Kirsi Alm-Siira osallistui \u201dmissikisoihin\u201d 1990-luvulla Kokem\u00e4ell\u00e4. 8.9. 15:36 Tuoreet Miss Suomi -kisat innostivat uutisankkuri Kirsi Alm-Siiran muistelemaan omaa&hellip;\n","protected":false},"author":2,"featured_media":29381,"comment_status":"","ping_status":"","sticky":false,"template":"","format":"standard","meta":{"footnotes":""},"categories":[130],"tags":[137,33,31,30,32,572,109],"class_list":{"0":"post-29380","1":"post","2":"type-post","3":"status-publish","4":"format-standard","5":"has-post-thumbnail","7":"category-viihde","8":"tag-entertainment","9":"tag-fi","10":"tag-finland","11":"tag-finnish","12":"tag-suomi","13":"tag-sydan-satakunta","14":"tag-viihde"},"share_on_mastodon":{"url":"","error":""},"_links":{"self":[{"href":"https:\/\/www.europesays.com\/fi\/wp-json\/wp\/v2\/posts\/29380","targetHints":{"allow":["GET"]}}],"collection":[{"href":"https:\/\/www.europesays.com\/fi\/wp-json\/wp\/v2\/posts"}],"about":[{"href":"https:\/\/www.europesays.com\/fi\/wp-json\/wp\/v2\/types\/post"}],"author":[{"embeddable":true,"href":"https:\/\/www.europesays.com\/fi\/wp-json\/wp\/v2\/users\/2"}],"replies":[{"embeddable":true,"href":"https:\/\/www.europesays.com\/fi\/wp-json\/wp\/v2\/comments?post=29380"}],"version-history":[{"count":0,"href":"https:\/\/www.europesays.com\/fi\/wp-json\/wp\/v2\/posts\/29380\/revisions"}],"wp:featuredmedia":[{"embeddable":true,"href":"https:\/\/www.europesays.com\/fi\/wp-json\/wp\/v2\/media\/29381"}],"wp:attachment":[{"href":"https:\/\/www.europesays.com\/fi\/wp-json\/wp\/v2\/media?parent=29380"}],"wp:term":[{"taxonomy":"category","embeddable":true,"href":"https:\/\/www.europesays.com\/fi\/wp-json\/wp\/v2\/categories?post=29380"},{"taxonomy":"post_tag","embeddable":true,"href":"https:\/\/www.europesays.com\/fi\/wp-json\/wp\/v2\/tags?post=29380"}],"curies":[{"name":"wp","href":"https:\/\/api.w.org\/{rel}","templated":true}]}}