{"id":29383,"date":"2025-09-09T00:17:07","date_gmt":"2025-09-09T00:17:07","guid":{"rendered":"https:\/\/www.europesays.com\/fi\/29383\/"},"modified":"2025-09-09T00:17:07","modified_gmt":"2025-09-09T00:17:07","slug":"puolan-presidentti-tyovierailulla-suomessa-stubb-isannoi-uutissuomalainen","status":"publish","type":"post","link":"https:\/\/www.europesays.com\/fi\/29383\/","title":{"rendered":"Puolan presidentti ty\u00f6vierailulla Suomessa, Stubb is\u00e4nn\u00f6i | Uutissuomalainen"},"content":{"rendered":"<p>Puolan presidentti Karol Nawrocki on t\u00e4n\u00e4\u00e4n ty\u00f6vierailulla Suomessa. Vierailua is\u00e4nn\u00f6i presidentti Alexander Stubb. H\u00e4n tapaa presidentti Nawrockin Presidentinlinnassa.<\/p>\n<p>Keskustelujen aiheena ovat Suomen ja Puolan kahdenv\u00e4liset suhteet ja niiden tiivist\u00e4minen, Ven\u00e4j\u00e4n hy\u00f6kk\u00e4yssota Ukrainassa sek\u00e4 muut ajankohtaiset turvallisuuspoliittiset kysymykset.<\/p>\n<p>Keskusteluiden p\u00e4\u00e4tteeksi presidentit pit\u00e4v\u00e4t yhteisen lehdist\u00f6tilaisuuden.<\/p>\n<p>Nawrocki vannoi virkavalansa Puolan uutena presidenttin\u00e4 viime kuussa. Presidentin rooli on Puolassa p\u00e4\u00e4osin seremoniallinen, mutta Nawrocki on sanonut aikovansa omaksua presidenttin\u00e4 aktiivisen roolin.<\/p>\n<p>Konservatiivisen Laki ja oikeus -puolueen (PiS) tukema Nawrocki sai kes\u00e4kuun alussa presidentinvaalien toisella kierroksella \u00e4\u00e4nist\u00e4 50,9 prosenttia. H\u00e4n voitti niukasti vastaehdokkaana olleen Varsovan pormestarin Rafal Trzaskowskin, jonka \u00e4\u00e4nisaalis j\u00e4i 49,1 prosenttiin.<\/p>\n<p>Kansallismielinen Nawrocki ei ole profiloitunut kovin innokkaana Ukrainan tukijana. Ulkopolitiikassa Nawrocki ihailee Yhdysvaltain presidentti\u00e4 Donald Trumpia.<\/p>\n","protected":false},"excerpt":{"rendered":"Puolan presidentti Karol Nawrocki on t\u00e4n\u00e4\u00e4n ty\u00f6vierailulla Suomessa. Vierailua is\u00e4nn\u00f6i presidentti Alexander Stubb. H\u00e4n tapaa presidentti Nawrockin Presidentinlinnassa.&hellip;\n","protected":false},"author":2,"featured_media":29384,"comment_status":"","ping_status":"","sticky":false,"template":"","format":"standard","meta":{"footnotes":""},"categories":[14],"tags":[3406,22,23,585,26,27,33,31,30,17,24,25,28,29,15,18,21,142,637,8895,8896,32,19,20,549,56,16,59,60,61],"class_list":{"0":"post-29383","1":"post","2":"type-post","3":"status-publish","4":"format-standard","5":"has-post-thumbnail","7":"category-ulkomaat","8":"tag-alexander-stubb","9":"tag-breaking-news","10":"tag-breakingnews","11":"tag-donald-trump","12":"tag-featured-news","13":"tag-featurednews","14":"tag-fi","15":"tag-finland","16":"tag-finnish","17":"tag-headlines","18":"tag-latest-news","19":"tag-latestnews","20":"tag-main-news","21":"tag-mainnews","22":"tag-news","23":"tag-otsikot","24":"tag-paauutiset","25":"tag-poliitikot","26":"tag-politiikka","27":"tag-presidentinlinna-helsinki","28":"tag-puolan-poliittiset-puolueet","29":"tag-suomi","30":"tag-top-stories","31":"tag-topstories","32":"tag-ukrainan-sota","33":"tag-ulkomaat","34":"tag-uutiset","35":"tag-world","36":"tag-world-news","37":"tag-worldnews"},"share_on_mastodon":{"url":"","error":""},"_links":{"self":[{"href":"https:\/\/www.europesays.com\/fi\/wp-json\/wp\/v2\/posts\/29383","targetHints":{"allow":["GET"]}}],"collection":[{"href":"https:\/\/www.europesays.com\/fi\/wp-json\/wp\/v2\/posts"}],"about":[{"href":"https:\/\/www.europesays.com\/fi\/wp-json\/wp\/v2\/types\/post"}],"author":[{"embeddable":true,"href":"https:\/\/www.europesays.com\/fi\/wp-json\/wp\/v2\/users\/2"}],"replies":[{"embeddable":true,"href":"https:\/\/www.europesays.com\/fi\/wp-json\/wp\/v2\/comments?post=29383"}],"version-history":[{"count":0,"href":"https:\/\/www.europesays.com\/fi\/wp-json\/wp\/v2\/posts\/29383\/revisions"}],"wp:featuredmedia":[{"embeddable":true,"href":"https:\/\/www.europesays.com\/fi\/wp-json\/wp\/v2\/media\/29384"}],"wp:attachment":[{"href":"https:\/\/www.europesays.com\/fi\/wp-json\/wp\/v2\/media?parent=29383"}],"wp:term":[{"taxonomy":"category","embeddable":true,"href":"https:\/\/www.europesays.com\/fi\/wp-json\/wp\/v2\/categories?post=29383"},{"taxonomy":"post_tag","embeddable":true,"href":"https:\/\/www.europesays.com\/fi\/wp-json\/wp\/v2\/tags?post=29383"}],"curies":[{"name":"wp","href":"https:\/\/api.w.org\/{rel}","templated":true}]}}