{"id":29394,"date":"2025-09-09T00:39:10","date_gmt":"2025-09-09T00:39:10","guid":{"rendered":"https:\/\/www.europesays.com\/fi\/29394\/"},"modified":"2025-09-09T00:39:10","modified_gmt":"2025-09-09T00:39:10","slug":"hbo-maxin-uudet-sarjat-ja-elokuvat-viikolla-37-2025","status":"publish","type":"post","link":"https:\/\/www.europesays.com\/fi\/29394\/","title":{"rendered":"HBO Maxin uudet sarjat ja elokuvat viikolla 37\/2025"},"content":{"rendered":"\n<p><strong>Viikolla 37\/2025 HBO Maxissa julkaistaan Mark Ruffalon t\u00e4hditt\u00e4m\u00e4 uutuussarja Task. Elokuvakirjaston lis\u00e4yksi\u00e4 ovat muun muassa We Need to Talk About Kevin ja Hugh Jackmanin t\u00e4hditt\u00e4m\u00e4 The Son.<\/strong><\/p>\n<p><strong>Viikon uudet sarjat ja tuotantokaudet <a href=\"https:\/\/muropaketti.com\/avainsana\/hbo-max\/\" rel=\"noopener nofollow\" target=\"_blank\">HBO Maxilla<\/a>:<\/strong><\/p>\n<p><strong>Task \u2013 8. syyskuuta alkaen<\/strong><br \/>Mare of Easttown -sarjasta palkitun Brad Ingelsbyn uusi draamasarja sijoittuu Philadelphian ty\u00f6v\u00e4enluokkaisille esikaupunkialueille. FBI-agentti (Mark Ruffalo) johtaa erikoisyksikk\u00f6\u00e4 teht\u00e4v\u00e4n\u00e4\u00e4n pys\u00e4ytt\u00e4\u00e4 v\u00e4kivaltaisten ry\u00f6st\u00f6jen sarja, jonka takana on tiet\u00e4m\u00e4t\u00f6n perheenis\u00e4 (Tom Pelphrey). Ruffalon ja Pelphreyn lis\u00e4ksi sarjassa n\u00e4yttelev\u00e4t Emilia Jones, Jamie McShane, Sam Keeley, Thuso Mbedu, Fabien Frankel, Alison Oliver, Ra\u00fal Castillo, Silvia Dionicio, Phoebe Fox ja Martha Plimpton.<\/p>\n<p><strong>Jeopardy! Suomi, kausi 2 \u2013 9. syyskuuta alkaen<\/strong><br \/>Maailman suurin tietokilpailu saa jatkoa tutusti Kalle Lambergin luotsaamana, kun 27 julkisuudesta tuttua kisaajaa yritt\u00e4\u00e4 keksi\u00e4 viidess\u00e4 sekunnissa oikean kysymyksen esitettyyn vastaukseen. Aiheet voivat olla mit\u00e4 vain, eik\u00e4 virheit\u00e4 sallita. Jokaisen jakson voittaja lahjoittaa voittopottinsa hyv\u00e4ntekev\u00e4isyyteen, ja lopuksi yksi kruunataan Jeopardy-mestariksi.<\/p>\n<p><strong>Tulossa my\u00f6s:<\/strong><\/p>\n<ul>\n<li>Seen &amp; Heard: The History Of Black Television \u2013 10. syyskuuta<\/li>\n<li>Who Killed Our Daughter? \u2013 11. syyskuuta<\/li>\n<li>Alastomat selviytyj\u00e4t: Viimeinen voittaa (Naked and Afraid: Last One Standing), kausi 3 \u2013 12. syyskuuta<\/li>\n<\/ul>\n<p><strong>Viikon uudet kirjastoelokuvat:<\/strong><\/p>\n<p><strong>11. syyskuuta:<\/strong><\/p>\n<ul>\n<li>Memory (2022)<\/li>\n<li>The Marksman (2021)<\/li>\n<\/ul>\n<p><strong>12. syyskuuta:<\/strong><\/p>\n<ul>\n<li>The Son (2022)<\/li>\n<li>Villmark 2 (Villmark Asylum Aka. Dark Woods 2)<\/li>\n<\/ul>\n<p><strong>13. syyskuuta:<\/strong><\/p>\n<ul>\n<li>The Contractor<\/li>\n<li>Poikani Kevin (We Need To Talk About Kevin)<\/li>\n<\/ul>\n<p><strong>14. syyskuuta:<\/strong><\/p>\n<p>Tiedot perustuvat HBO Maxilta saatuun infoon ja muutokset ovat mahdollisia.<\/p>\n","protected":false},"excerpt":{"rendered":"Viikolla 37\/2025 HBO Maxissa julkaistaan Mark Ruffalon t\u00e4hditt\u00e4m\u00e4 uutuussarja Task. Elokuvakirjaston lis\u00e4yksi\u00e4 ovat muun muassa We Need to&hellip;\n","protected":false},"author":2,"featured_media":29395,"comment_status":"","ping_status":"","sticky":false,"template":"","format":"standard","meta":{"footnotes":""},"categories":[130],"tags":[137,33,31,30,280,32,109],"class_list":{"0":"post-29394","1":"post","2":"type-post","3":"status-publish","4":"format-standard","5":"has-post-thumbnail","7":"category-viihde","8":"tag-entertainment","9":"tag-fi","10":"tag-finland","11":"tag-finnish","12":"tag-hbo-max","13":"tag-suomi","14":"tag-viihde"},"share_on_mastodon":{"url":"","error":""},"_links":{"self":[{"href":"https:\/\/www.europesays.com\/fi\/wp-json\/wp\/v2\/posts\/29394","targetHints":{"allow":["GET"]}}],"collection":[{"href":"https:\/\/www.europesays.com\/fi\/wp-json\/wp\/v2\/posts"}],"about":[{"href":"https:\/\/www.europesays.com\/fi\/wp-json\/wp\/v2\/types\/post"}],"author":[{"embeddable":true,"href":"https:\/\/www.europesays.com\/fi\/wp-json\/wp\/v2\/users\/2"}],"replies":[{"embeddable":true,"href":"https:\/\/www.europesays.com\/fi\/wp-json\/wp\/v2\/comments?post=29394"}],"version-history":[{"count":0,"href":"https:\/\/www.europesays.com\/fi\/wp-json\/wp\/v2\/posts\/29394\/revisions"}],"wp:featuredmedia":[{"embeddable":true,"href":"https:\/\/www.europesays.com\/fi\/wp-json\/wp\/v2\/media\/29395"}],"wp:attachment":[{"href":"https:\/\/www.europesays.com\/fi\/wp-json\/wp\/v2\/media?parent=29394"}],"wp:term":[{"taxonomy":"category","embeddable":true,"href":"https:\/\/www.europesays.com\/fi\/wp-json\/wp\/v2\/categories?post=29394"},{"taxonomy":"post_tag","embeddable":true,"href":"https:\/\/www.europesays.com\/fi\/wp-json\/wp\/v2\/tags?post=29394"}],"curies":[{"name":"wp","href":"https:\/\/api.w.org\/{rel}","templated":true}]}}