{"id":293953,"date":"2026-07-05T11:57:13","date_gmt":"2026-07-05T11:57:13","guid":{"rendered":"https:\/\/www.europesays.com\/fi\/293953\/"},"modified":"2026-07-05T11:57:13","modified_gmt":"2026-07-05T11:57:13","slug":"downton-abbey-sarjan-robert-james-collierilla-ikavia-terveysongelmia","status":"publish","type":"post","link":"https:\/\/www.europesays.com\/fi\/293953\/","title":{"rendered":"Downton Abbey -sarjan Robert James-Collierilla ik\u00e4vi\u00e4 terveysongelmia"},"content":{"rendered":"<p>\n            N\u00e4yttelij\u00e4 Robert James-Collier, 2022.<br \/>\n            David Fisher\/Shutterstock\/All Over Press\n        <\/p>\n<p class=\"subtitle \">N\u00e4yttelij\u00e4 Robert James-Collierin keho on nyky\u00e4\u00e4n kovilla tv-kuvauksissa.<\/p>\n<p class=\"article-content article-content-width !bg-background\">Avalla py\u00f6rii t\u00e4n\u00e4 kes\u00e4n\u00e4 uusintakierros rakastetusta Downton Abbey -sarjasta. Perjantaina 3. hein\u00e4kuuta alkoivat sarjan toisen kauden jaksot. Kausi esitettiin alun perin vuonna 2011. <\/p>\n<p class=\"font-weight-bold m-font-weight-bold article-content article-content-width !bg-background\">Videolla MasterChef Mari Toivanen paljastaa, kenet tuomareista h\u00e4n valitsisi illallisseurakseen.\u00a0<\/p>\n<p class=\"article-content article-content-width !bg-background\">Sarjassa on edetty vuoteen 1916. Crawleyn-suku ja heid\u00e4n palveluskuntansa joutuvat sopeutumaan uudenlaiseen tilanteeseen, sill\u00e4 ensimm\u00e4inen maailmansota riehuu Euroopassa.<\/p>\n<p>        <a itemprop=\"url\" href=\"https:\/\/www.seiska.fi\/katso\/downton-abbey-tahdelta-paljastus-hittisarjan-tulevaisuudesta\/1878097\" rel=\"nofollow noopener\" target=\"_blank\"><\/p>\n<p>\nDownton Abbey -t\u00e4hdelt\u00e4\n<\/p>\n<p class=\"section-date\">\n        <strong class=\"article-section\" data-section=\"katso\"><br \/>\n            katso<br \/>\n        <\/strong><br \/>\n        24.7.2025 13:15\n    <\/p>\n<p>Downton Abbey -t\u00e4hdelt\u00e4 paljastus hittisarjan tulevaisuudesta\n    <\/p>\n<p itemprop=\"description\" class=\"subtitle \">\n    N\u00e4yttelij\u00e4t\u00e4r vihjaa, ettei aristokraattiperheen tarina olekaan tulossa p\u00e4\u00e4t\u00f6kseens\u00e4.\n<\/p>\n<p>        <\/a><\/p>\n<p class=\"article-content article-content-width !bg-background\">Toisella kaudella kartanossa koetaan paljon rakkautta ja romantiikkaa, mutta sota luo oman draamansa el\u00e4m\u00e4nmenoon. Downtonin pitk\u00e4aikainen palvelija Thomas Barrow tekee rohkean tempun juoksuhaudoissa p\u00e4\u00e4st\u00e4kseen takaisin Englantiin.<\/p>\n<p class=\"article-content article-content-width !bg-background\">Thomasin roolissa n\u00e4hdyll\u00e4  on riitt\u00e4nyt hittisarjan j\u00e4lkeen t\u00f6it\u00e4, mutta terveysongelmat ovat tehneet miehen el\u00e4m\u00e4st\u00e4 kivuliaan.<\/p>\n<p class=\"font-weight-bold m-font-weight-bold article-content article-content-width !bg-background\">Vaikeita ty\u00f6p\u00e4ivi\u00e4\u00a0<\/p>\n<p class=\"article-content article-content-width !bg-background\">Viime vuonna sai ensi-illan Robertin t\u00e4hditt\u00e4m\u00e4 dekkarisarja Cooper and Fry, jossa h\u00e4n n\u00e4yttelee mystisi\u00e4 kuolemantapauksia tutkivaa etsiv\u00e4\u00e4.<\/p>\n<p>                <img decoding=\"async\" src=\"https:\/\/www.europesays.com\/fi\/wp-content\/uploads\/2026\/07\/2197046.webp\" width=\"576\" height=\"322\" alt=\"Cooper and Fry on Robertin uralla ensimm\u00e4inen sarja, jossa h\u00e4n esitt\u00e4\u00e4 p\u00e4\u00e4roolin.\" loading=\"lazy\" \/>            <\/p>\n<p>\n            Cooper and Fry on Robertin uralla ensimm\u00e4inen sarja, jossa h\u00e4n esitt\u00e4\u00e4 p\u00e4\u00e4roolin.<br \/>\n            Channel 5\n        <\/p>\n<p class=\"article-content article-content-width !bg-background\">Dekkarin kuvaukset ovat olleet vaikeat ensi syksyn\u00e4 50 vuotta t\u00e4ytt\u00e4v\u00e4lle Robertille. H\u00e4n on avautunut brittilehdist\u00f6lle lonkka- ja polviongelmistaan, joista on vaivaa fyysisess\u00e4 ty\u00f6ss\u00e4.<\/p>\n<p>        <a itemprop=\"url\" href=\"https:\/\/www.seiska.fi\/katso\/tiesitko-pulmuset-sarjan-koira-karsi-terveysongelmista-ja-frasierin-eddie-russeli-oli-oikea-kiusankappale\/1407618\" rel=\"nofollow noopener\" target=\"_blank\"><\/p>\n<p class=\"section-date\">\n        <strong class=\"article-section\" data-section=\"katso\"><br \/>\n            katso<br \/>\n        <\/strong><br \/>\n        16.7.2024 08:39\n    <\/p>\n<p>Tiesitk\u00f6? Pulmuset-sarjan koira k\u00e4rsi terveysongelmista ja Frasierin Eddie-russeli oli oikea kiusankappale\n    <\/p>\n<p itemprop=\"description\" class=\"subtitle \">\n    Katso listasi tv-historian rakastetuimmat koiran\u00e4yttelij\u00e4t.\n<\/p>\n<p>        <\/a><\/p>\n<p class=\"article-content article-content-width !bg-background\">N\u00e4yttelij\u00e4n mukaan jokainen juoksukohtaus on h\u00e4nelle nyky\u00e4\u00e4n vaikea lonkan nivelrikon ja kipuilevan polven vuoksi.<\/p>\n<p class=\"article-content article-content-width !bg-background\">\u2013\tMinun piti laskeutua muutama melko jyrkk\u00e4 rinne. Eiv\u00e4t ne tv-ruudulla n\u00e4yt\u00e4 jyrkilt\u00e4, mutta ne olivat todella jyrkki\u00e4. Ik\u00e4\u00e4ntyess\u00e4 t\u00e4llaisista kohtauksista on tullut haastavia, <a href=\"https:\/\/www.walesonline.co.uk\/lifestyle\/tv\/robert-james-colliers-life-career-32942550?int_source=amp_continue_reading&amp;int_medium=amp&amp;int_campaign=continue_reading_button#amp-readmore-target\" target=\"_blank\" rel=\"nofollow noopener\">Robert tunnustaa WalesOnlinen haastattelussa<\/a>.<\/p>\n<p class=\"article-content article-content-width !bg-background\">Koska Robert esitt\u00e4\u00e4 sarjan nimikkoroolia, ei h\u00e4nell\u00e4 ja kollegallaan  ole kuvausp\u00e4ivin\u00e4 juurikaan lepohetki\u00e4.<\/p>\n<p class=\"article-content article-content-width !bg-background\">\u2013\tKuvasimme joka p\u00e4iv\u00e4 ja olimme 90 prosentissa kohtauksista, joten meill\u00e4 oli huikea m\u00e4\u00e4r\u00e4 vuorosanoja opeteltavana. En ole aiemmin ollut p\u00e4\u00e4roolissa, Robert sanoo.<\/p>\n<p>Tarkka yksityisyydest\u00e4<\/p>\n<p class=\"article-content article-content-width !bg-background\">Manchesterissa syntynyt Robert on ty\u00f6skennellyt televisiossa yli 20 vuotta. Parhaiten h\u00e4net muistetaan sarjoista Coronation Street ja Downton Abbey.<\/p>\n<p class=\"article-content article-content-width !bg-background\">H\u00e4n on naimisissa  kanssa, ja parilla on teini-ik\u00e4inen -poika. Pariskunta on pit\u00e4nyt suhteensa ja perhe-el\u00e4m\u00e4ns\u00e4 poissa julkisuudesta.<\/p>\n<p>                <img decoding=\"async\" src=\"https:\/\/www.europesays.com\/fi\/wp-content\/uploads\/2026\/07\/2197209.webp\" width=\"576\" height=\"720\" alt=\"Robert tuo Lauren-vaimonsa vain harvoin julkisuuteen. T\u00e4m\u00e4 harvinainen hetki on vuodelta 2019.\" loading=\"lazy\" \/>            <\/p>\n<p>\n            Robert tuo Lauren-vaimonsa vain harvoin julkisuuteen. T\u00e4m\u00e4 harvinainen hetki on vuodelta 2019.<br \/>\n            Shutterstock\/All Over Press\n        <\/p>\n<p class=\"article-content article-content-width !bg-background\">Julkisuudessa on vain niukasti tietoa n\u00e4yttelij\u00e4n vaimosta. Robert esitteli h\u00e4net ensimm\u00e4isen kerran kuvaajille vuonna 2007. Brittimedioiden mukaan Lauren piti ennen avioliittoa pient\u00e4 vaateputiikkia Lontoossa.<\/p>\n<p class=\"italic m-italic article-content article-content-width !bg-background\">Downton Abbey n\u00e4hd\u00e4\u00e4n Avalla sek\u00e4 suoratoistopalvelu MTV Katsomo+:lla, Disney+:lla, Netflixill\u00e4, SkyShowtimella sek\u00e4 Prime Videolla.\u00a0<\/p>\n<p>        <a itemprop=\"url\" href=\"https:\/\/www.seiska.fi\/katso\/downton-abbey-tahti-haki-james-bondin-rooliin-mokasi\/1858930\" rel=\"nofollow noopener\" target=\"_blank\"><\/p>\n<p>\nDownton Abbey -t\u00e4hti\n<\/p>\n<p class=\"section-date\">\n        <strong class=\"article-section\" data-section=\"katso\"><br \/>\n            katso<br \/>\n        <\/strong><br \/>\n        6.7.2025 16:15\n    <\/p>\n<p>Downton Abbey -t\u00e4hti haki James Bondin rooliin \u2013 mokasi\n    <\/p>\n<p itemprop=\"description\" class=\"subtitle \">\n    Matthew Gooden turinat eiv\u00e4t olleet tuottajan mieleen.\n<\/p>\n<p>        <\/a><\/p>\n","protected":false},"excerpt":{"rendered":"N\u00e4yttelij\u00e4 Robert James-Collier, 2022. David Fisher\/Shutterstock\/All Over Press N\u00e4yttelij\u00e4 Robert James-Collierin keho on nyky\u00e4\u00e4n kovilla tv-kuvauksissa. Avalla py\u00f6rii&hellip;\n","protected":false},"author":2,"featured_media":293954,"comment_status":"","ping_status":"","sticky":false,"template":"","format":"standard","meta":{"footnotes":"","_share_on_mastodon":"0"},"categories":[136],"tags":[1075,407,38806,38805,2387,17648,137,33,31,30,4399,408,9198,38804,24974,38803,38802,2376,7781,1342,22521,98,14578,38801,32,167,4415,38800,109],"class_list":["post-293953","post","type-post","status-publish","format-standard","has-post-thumbnail","category-julkkikset","tag-avioliitto","tag-celebrities","tag-cooper-and-fry","tag-crawleyn-suku","tag-downton-abbey","tag-ensimmainen-maailmansota","tag-entertainment","tag-fi","tag-finland","tag-finnish","tag-ikaantyminen","tag-julkkikset","tag-kipu","tag-lauren-chandiram","tag-lonkka","tag-mandip-gill","tag-milo-james-collier","tag-mtv","tag-mtv-ava","tag-nayttelija","tag-nivelrikko","tag-perhe","tag-polvi","tag-robert-james-collier","tag-suomi","tag-terveys","tag-terveysongelmat","tag-uusinta","tag-viihde"],"share_on_mastodon":{"url":"https:\/\/pubeurope.com\/@fi\/116867252194537819","error":""},"_links":{"self":[{"href":"https:\/\/www.europesays.com\/fi\/wp-json\/wp\/v2\/posts\/293953","targetHints":{"allow":["GET"]}}],"collection":[{"href":"https:\/\/www.europesays.com\/fi\/wp-json\/wp\/v2\/posts"}],"about":[{"href":"https:\/\/www.europesays.com\/fi\/wp-json\/wp\/v2\/types\/post"}],"author":[{"embeddable":true,"href":"https:\/\/www.europesays.com\/fi\/wp-json\/wp\/v2\/users\/2"}],"replies":[{"embeddable":true,"href":"https:\/\/www.europesays.com\/fi\/wp-json\/wp\/v2\/comments?post=293953"}],"version-history":[{"count":0,"href":"https:\/\/www.europesays.com\/fi\/wp-json\/wp\/v2\/posts\/293953\/revisions"}],"wp:featuredmedia":[{"embeddable":true,"href":"https:\/\/www.europesays.com\/fi\/wp-json\/wp\/v2\/media\/293954"}],"wp:attachment":[{"href":"https:\/\/www.europesays.com\/fi\/wp-json\/wp\/v2\/media?parent=293953"}],"wp:term":[{"taxonomy":"category","embeddable":true,"href":"https:\/\/www.europesays.com\/fi\/wp-json\/wp\/v2\/categories?post=293953"},{"taxonomy":"post_tag","embeddable":true,"href":"https:\/\/www.europesays.com\/fi\/wp-json\/wp\/v2\/tags?post=293953"}],"curies":[{"name":"wp","href":"https:\/\/api.w.org\/{rel}","templated":true}]}}