{"id":293989,"date":"2026-07-05T12:58:18","date_gmt":"2026-07-05T12:58:18","guid":{"rendered":"https:\/\/www.europesays.com\/fi\/293989\/"},"modified":"2026-07-05T12:58:18","modified_gmt":"2026-07-05T12:58:18","slug":"salakuva-laulaja-sanni-yllatti-turussa-jakoi-nimmareita-levykaupassa","status":"publish","type":"post","link":"https:\/\/www.europesays.com\/fi\/293989\/","title":{"rendered":"Salakuva! Laulaja Sanni yll\u00e4tti Turussa: Jakoi nimmareita levykaupassa"},"content":{"rendered":"<p>            ATTE KAJOVA\n        <\/p>\n<p class=\"subtitle \">Turkulaisesta levykaupasta bongattu laulajat\u00e4hti sai aikaan melkoista kuhinaa.<\/p>\n<p class=\"article-content article-content-width !bg-background\">Suomen eturivin artisteihin lukeutuva \u00a0yll\u00e4tti turkulaisessa levykaupassa viikonloppuna.<\/p>\n<p class=\"font-weight-bold m-font-weight-bold article-content article-content-width !bg-background\">Video: Sanni ja Love Island -Vera n\u00e4htiin yhdess\u00e4<\/p>\n<p class=\"article-content article-content-width !bg-background\">Laulaja bongattiin Turun Kristiinankadun Levykauppa \u00c4x\u00e4ss\u00e4 lauantaina 4. hein\u00e4kuuta.<\/p>\n<p class=\"article-content article-content-width !bg-background\">Liikkeen edustalla ja sis\u00e4ll\u00e4 oli melkoinen kuhina, jonka syy ei ulkopuolisille selvinnyt aivan helpolla.<\/p>\n<p class=\"article-content article-content-width !bg-background\">\u2013 Mietin, onko nyt menossa joku levybuumi, vai mink\u00e4 takia siell\u00e4 on n\u00e4in paljon porukkaa, sivustakatsoja kommentoi.<\/p>\n<p class=\"article-content article-content-width !bg-background\">Aivan putiikin perukoilla oli kuitenkin p\u00f6yt\u00e4, jonka luo kiersi jono koko myym\u00e4l\u00e4n l\u00e4vitse.<\/p>\n<p>Seh\u00e4n on Sanni!<\/p>\n<p class=\"article-content article-content-width !bg-background\">Jonotuksen syy selvisi pian:\u00a0Sanni oli jakamassa nimmareita faneilleen keskell\u00e4 Ruisrock-viikonloppua.<\/p>\n<p class=\"article-content article-content-width !bg-background\">\u2013 En aluksi edes meinannut tunnistaa h\u00e4nt\u00e4, koska h\u00e4nell\u00e4 oli niin vahvat tummat meikit silmiss\u00e4\u00e4n ja erikoinen hiustyyli, silminn\u00e4kij\u00e4 h\u00e4mm\u00e4stelee.<\/p>\n<p class=\"article-content article-content-width !bg-background\">\u2013 Siell\u00e4 soivat Sannin uuden albumin biisit, ja fanit ostelivat innokkaana vastajulkaistuja CD-levyj\u00e4 mukaansa.<\/p>\n<p class=\"article-content article-content-width !bg-background\">H\u00e4ppeningiss\u00e4 sanotaan olleen kaikin puolin mukava tunnelma, ja Sannin kerrotaan kohdanneen ihailijansa rennosti ja l\u00e4mpim\u00e4sti.<\/p>\n<p class=\"article-content article-content-width !bg-background\">\u2013 Sanni tiedusteli yhdelt\u00e4 fanilta, onko t\u00e4m\u00e4 katsonut Voice of Finlandin uutta kautta.<\/p>\n<p>        <a itemprop=\"url\" href=\"https:\/\/www.seiska.fi\/kotimaa\/sannin-ja-tosi-tv-tahden-valeista-uutta-tietoa\/2180566\" rel=\"nofollow noopener\" target=\"_blank\"><\/p>\n<p>\nSanni ja tosi-tv-t\u00e4hti\n<\/p>\n<p class=\"section-date\">\n        <strong class=\"article-section\" data-section=\"kotimaa\"><br \/>\n            kotimaa<br \/>\n        <\/strong><br \/>\n        14.6. 14:00\n    <\/p>\n<p>Sannin ja tosi-tv-t\u00e4hden v\u00e4leist\u00e4 uutta tietoa!\n    <\/p>\n<p itemprop=\"description\" class=\"subtitle \">\n    Sanni on viime p\u00e4ivien aikana ollut isosti esill\u00e4 uuden levyns\u00e4 johdosta.\n<\/p>\n<p>        <\/a><\/p>\n<p>                <img decoding=\"async\" src=\"https:\/\/www.europesays.com\/fi\/wp-content\/uploads\/2026\/07\/2199333.webp\" width=\"576\" height=\"639\" alt=\"Sanni rustasi keskittyneen\u00e4 nimikirjoituksia faneilleen levykaupan nurkassa.\" loading=\"lazy\" \/>            <\/p>\n<p>\n            Sanni rustasi keskittyneen\u00e4 nimikirjoituksia faneilleen levykaupan nurkassa.<br \/>\n            Lukijan kuva\n        <\/p>\n<p>Hurja muodonmuutos<\/p>\n<p class=\"article-content article-content-width !bg-background\">Sanni on yksi Voicen tuomareista, ja samantyylinen kampaus on n\u00e4hty h\u00e4nell\u00e4 my\u00f6s tv-l\u00e4hetyksiss\u00e4.<\/p>\n<p class=\"article-content article-content-width !bg-background\">Aiempaan blondiin tyyliin verrattuna kyseess\u00e4 on kuitenkin hurja muodonmuutos, eli ei ihme, jossei h\u00e4nt\u00e4 aivan heti tunnistaisi uusissa vihre\u00e4n ja mustan v\u00e4risiss\u00e4 hiuksissaan.<\/p>\n<p>        <a itemprop=\"url\" href=\"https:\/\/www.seiska.fi\/kotimaa\/podcast-sannilta-suorat-sanat-poitsu-kohusta\/2181478\" rel=\"nofollow noopener\" target=\"_blank\"><\/p>\n<p>\nPodcast:\n<\/p>\n<p class=\"section-date\">\n        <strong class=\"article-section\" data-section=\"kotimaa\"><br \/>\n            kotimaa<br \/>\n        <\/strong><br \/>\n        15.6. 17:30\n    <\/p>\n<p>Podcast: Sannilta suorat sanat Poitsu-kohusta\n    <\/p>\n<p itemprop=\"description\" class=\"subtitle \">\n    Artisti Sanni tiedostaa, etteiv\u00e4t ihmiset ehk\u00e4 koskaan lakkaa n\u00e4kem\u00e4st\u00e4 popt\u00e4hden musiikkia peilin\u00e4 h\u00e4nen henkil\u00f6kohtaiseen el\u00e4m\u00e4\u00e4ns\u00e4.\n<\/p>\n<p>        <\/a><\/p>\n<p>                <img decoding=\"async\" src=\"https:\/\/www.europesays.com\/fi\/wp-content\/uploads\/2026\/07\/2199331.webp\" width=\"576\" height=\"720\" alt=\"T\u00e4llaiset hiukset Sannilla oli viel\u00e4 vuonna 2025.\" loading=\"lazy\" \/>            <\/p>\n<p>\n            T\u00e4llaiset hiukset Sannilla oli viel\u00e4 vuonna 2025.<br \/>\n            Timo Korhonen\n        <\/p>\n<p>Lavalle K\u00e4\u00e4rij\u00e4n kanssa<\/p>\n<p class=\"article-content article-content-width !bg-background\">Pelkk\u00e4\u00e4n levykauppavierailuun ei Sannin visiitti Turussa kuitenkaan j\u00e4\u00e4nyt.<\/p>\n<p class=\"article-content article-content-width !bg-background\">Sanni ilmestyi eilen\u00a0 kanssa lavalle Ruisrockissa, Turun Ruissalossa.<\/p>\n<p class=\"article-content article-content-width !bg-background\">Kaksikko esitti yleis\u00f6lle tulevan yhteiskappaleensa Bootycallin.<\/p>\n<p>        <a itemprop=\"url\" href=\"https:\/\/www.seiska.fi\/kotimaa\/sanni-ja-tosi-tv-kaunotar-laheisissa-tunnelmissa-kuva\/2191478\" rel=\"nofollow noopener\" target=\"_blank\"><\/p>\n<p>\nSalakuva!\n<\/p>\n<p class=\"section-date\">\n        <strong class=\"article-section\" data-section=\"kotimaa\"><br \/>\n            kotimaa<br \/>\n        <\/strong><br \/>\n        29.6. 06:00\n    <\/p>\n<p>Sanni ja tosi-tv-kaunotar l\u00e4heisiss\u00e4 tunnelmissa \u2013 kuva!\n    <\/p>\n<p itemprop=\"description\" class=\"subtitle \">\n    Suhdesotkuissa kuohuttanut Sanni ja tosi-tv-t\u00e4hti viettiv\u00e4t aikaa yhdess\u00e4 l\u00e4heisiss\u00e4 tunnelmissa.\n<\/p>\n<p>        <\/a><\/p>\n","protected":false},"excerpt":{"rendered":"ATTE KAJOVA Turkulaisesta levykaupasta bongattu laulajat\u00e4hti sai aikaan melkoista kuhinaa. Suomen eturivin artisteihin lukeutuva \u00a0yll\u00e4tti turkulaisessa levykaupassa viikonloppuna.&hellip;\n","protected":false},"author":2,"featured_media":293990,"comment_status":"","ping_status":"","sticky":false,"template":"","format":"standard","meta":{"footnotes":"","_share_on_mastodon":"0"},"categories":[130],"tags":[137,33,31,30,4559,5159,38816,47,3855,6249,5458,20292,32,662,109],"class_list":["post-293989","post","type-post","status-publish","format-standard","has-post-thumbnail","category-viihde","tag-entertainment","tag-fi","tag-finland","tag-finnish","tag-kaarija","tag-laulaja","tag-love-island-vera","tag-musiikki","tag-ruisrock","tag-salakuva","tag-sanni","tag-sanni-kurkisuo","tag-suomi","tag-turku","tag-viihde"],"share_on_mastodon":{"url":"https:\/\/pubeurope.com\/@fi\/116867491912674031","error":""},"_links":{"self":[{"href":"https:\/\/www.europesays.com\/fi\/wp-json\/wp\/v2\/posts\/293989","targetHints":{"allow":["GET"]}}],"collection":[{"href":"https:\/\/www.europesays.com\/fi\/wp-json\/wp\/v2\/posts"}],"about":[{"href":"https:\/\/www.europesays.com\/fi\/wp-json\/wp\/v2\/types\/post"}],"author":[{"embeddable":true,"href":"https:\/\/www.europesays.com\/fi\/wp-json\/wp\/v2\/users\/2"}],"replies":[{"embeddable":true,"href":"https:\/\/www.europesays.com\/fi\/wp-json\/wp\/v2\/comments?post=293989"}],"version-history":[{"count":0,"href":"https:\/\/www.europesays.com\/fi\/wp-json\/wp\/v2\/posts\/293989\/revisions"}],"wp:featuredmedia":[{"embeddable":true,"href":"https:\/\/www.europesays.com\/fi\/wp-json\/wp\/v2\/media\/293990"}],"wp:attachment":[{"href":"https:\/\/www.europesays.com\/fi\/wp-json\/wp\/v2\/media?parent=293989"}],"wp:term":[{"taxonomy":"category","embeddable":true,"href":"https:\/\/www.europesays.com\/fi\/wp-json\/wp\/v2\/categories?post=293989"},{"taxonomy":"post_tag","embeddable":true,"href":"https:\/\/www.europesays.com\/fi\/wp-json\/wp\/v2\/tags?post=293989"}],"curies":[{"name":"wp","href":"https:\/\/api.w.org\/{rel}","templated":true}]}}