{"id":294230,"date":"2026-07-05T19:12:09","date_gmt":"2026-07-05T19:12:09","guid":{"rendered":"https:\/\/www.europesays.com\/fi\/294230\/"},"modified":"2026-07-05T19:12:09","modified_gmt":"2026-07-05T19:12:09","slug":"ranskassa-miljoonien-koruvarkaus-uutisia-lyhyesti","status":"publish","type":"post","link":"https:\/\/www.europesays.com\/fi\/294230\/","title":{"rendered":"Ranskassa miljoonien koruvarkaus | Uutisia lyhyesti"},"content":{"rendered":"<p class=\"aw__sc-1qwuw0s-0 aw__sc-1vg2sqm-0 epAWpq ecELkD yle__article__paragraph\">Murtovarkaus kohdistui kuuluisan lasi- ja korutaiteilija Ren\u00e9 Laliquen museoon.<\/p>\n<p class=\"aw__sc-1qwuw0s-0 aw__sc-ngllmo-0 epAWpq fzYpjk yle__article__paragraph\">Miljoonien eurojen arvosta koruja varastettiin sunnuntaina museosta Koillis-Ranskassa.<\/p>\n<p class=\"aw__sc-1qwuw0s-0 aw__sc-ngllmo-0 epAWpq fzYpjk yle__article__paragraph\">Murtovarkaus tapahtui aikaisin aamulla Lalique-museossa Wingen-sur-Moderin kunnassa. Varas tai varkaat tunkeutuivat museoon ja suuntasivat suoraan koruhuoneeseen.<\/p>\n<p class=\"aw__sc-1qwuw0s-0 aw__sc-ngllmo-0 epAWpq fzYpjk yle__article__paragraph\">Tutkinnasta tietoinen l\u00e4hde kertoo AFP:lle, ett\u00e4 museosta vietiin noin 20 korua. Vahinkoa arvioidaan parhaillaan, mutta summa nousee todenn\u00e4k\u00f6isesti l\u00e4helle nelj\u00e4\u00e4 miljoonaa euroa.<\/p>\n<p class=\"aw__sc-1qwuw0s-0 aw__sc-ngllmo-0 epAWpq fzYpjk yle__article__paragraph\">Museon h\u00e4lytys oli lauennut, mutta lopulta poliisin kutsui paikalle siivooja, joka saapui paikalle ensimm\u00e4isen\u00e4.<\/p>\n<p class=\"aw__sc-1qwuw0s-0 aw__sc-ngllmo-0 epAWpq fzYpjk yle__article__paragraph\">Lalique-museo ilmoitti <a class=\"aw__sc-ngllmo-1 bTDnwX yle__article__link\" href=\"https:\/\/x.com\/Musee_Lalique\/status\/2073758470113759559\" role=\"link\" rel=\"nofollow\">sosiaalisessa mediassa<\/a>, ett\u00e4 se on kiinni useita p\u00e4ivi\u00e4 murron vuoksi.<\/p>\n<p class=\"aw__sc-1qwuw0s-0 aw__sc-ngllmo-0 epAWpq fzYpjk yle__article__paragraph\">Museo on omistettu kuuluisan ranskalaisen lasi- ja korutaiteilija <strong class=\"aw__sc-ngllmo-2 gdRrun yle__article__strong\">Ren\u00e9 Laliquen<\/strong> el\u00e4m\u00e4nty\u00f6lle. Se avattiin vuonna 2011 alkuper\u00e4isen lasitehtaan l\u00e4heisyyteen.<\/p>\n<p class=\"aw__sc-1qwuw0s-0 aw__sc-ngllmo-0 epAWpq fzYpjk yle__article__paragraph\">Grand-Est-hallintoalueen johtaja <strong class=\"aw__sc-ngllmo-2 gdRrun yle__article__strong\">Franck Leroy<\/strong> on ilmaissut <a class=\"aw__sc-ngllmo-1 bTDnwX yle__article__link\" href=\"https:\/\/www.grandest.fr\/espace-presse\/\" role=\"link\" rel=\"nofollow noopener\" target=\"_blank\">tiedotteessa <\/a>suuttumuksensa tapahtuneen murron johdosta.<\/p>\n<p class=\"aw__sc-1qwuw0s-0 aw__sc-ngllmo-0 epAWpq fzYpjk yle__article__paragraph\">\u2013 Lalique-museon murto Wingen-sur-Moderissa on siet\u00e4m\u00e4t\u00f6n loukkaus kulttuuriperint\u00f6\u00e4mme kohtaan, Leroy kirjoittaa.<\/p>\n<p class=\"aw__sc-1qwuw0s-0 aw__sc-ngllmo-0 epAWpq fzYpjk yle__article__paragraph\">Ranskan museoiden turvallisuus on ollut suurennuslasin alla sen j\u00e4lkeen, kun murtovarkaat <a class=\"aw__sc-ngllmo-1 bTDnwX yle__article__link\" href=\"https:\/\/yle.fi\/a\/74-20189166\" role=\"link\" rel=\"nofollow noopener\" target=\"_blank\">veiv\u00e4t kymmenien miljoonien eurojen arvosta jalokivi\u00e4<\/a> Pariisin Louvre-museosta lokakuussa 2025.<\/p>\n<p class=\"aw__sc-1qwuw0s-0 aw__sc-ngllmo-0 epAWpq fzYpjk yle__article__paragraph\">L\u00e4hde: AFP<\/p>\n","protected":false},"excerpt":{"rendered":"Murtovarkaus kohdistui kuuluisan lasi- ja korutaiteilija Ren\u00e9 Laliquen museoon. Miljoonien eurojen arvosta koruja varastettiin sunnuntaina museosta Koillis-Ranskassa. Murtovarkaus&hellip;\n","protected":false},"author":2,"featured_media":294231,"comment_status":"","ping_status":"","sticky":false,"template":"","format":"standard","meta":{"footnotes":"","_share_on_mastodon":"0"},"categories":[5],"tags":[22,23,26,27,33,31,30,17,24,25,28,29,2914,966,15,18,21,1422,32,19,20,56,16],"class_list":["post-294230","post","type-post","status-publish","format-standard","has-post-thumbnail","category-otsikot","tag-breaking-news","tag-breakingnews","tag-featured-news","tag-featurednews","tag-fi","tag-finland","tag-finnish","tag-headlines","tag-latest-news","tag-latestnews","tag-main-news","tag-mainnews","tag-murto","tag-museot","tag-news","tag-otsikot","tag-paauutiset","tag-ranska","tag-suomi","tag-top-stories","tag-topstories","tag-ulkomaat","tag-uutiset"],"share_on_mastodon":{"url":"https:\/\/pubeurope.com\/@fi\/116868962569156985","error":""},"_links":{"self":[{"href":"https:\/\/www.europesays.com\/fi\/wp-json\/wp\/v2\/posts\/294230","targetHints":{"allow":["GET"]}}],"collection":[{"href":"https:\/\/www.europesays.com\/fi\/wp-json\/wp\/v2\/posts"}],"about":[{"href":"https:\/\/www.europesays.com\/fi\/wp-json\/wp\/v2\/types\/post"}],"author":[{"embeddable":true,"href":"https:\/\/www.europesays.com\/fi\/wp-json\/wp\/v2\/users\/2"}],"replies":[{"embeddable":true,"href":"https:\/\/www.europesays.com\/fi\/wp-json\/wp\/v2\/comments?post=294230"}],"version-history":[{"count":0,"href":"https:\/\/www.europesays.com\/fi\/wp-json\/wp\/v2\/posts\/294230\/revisions"}],"wp:featuredmedia":[{"embeddable":true,"href":"https:\/\/www.europesays.com\/fi\/wp-json\/wp\/v2\/media\/294231"}],"wp:attachment":[{"href":"https:\/\/www.europesays.com\/fi\/wp-json\/wp\/v2\/media?parent=294230"}],"wp:term":[{"taxonomy":"category","embeddable":true,"href":"https:\/\/www.europesays.com\/fi\/wp-json\/wp\/v2\/categories?post=294230"},{"taxonomy":"post_tag","embeddable":true,"href":"https:\/\/www.europesays.com\/fi\/wp-json\/wp\/v2\/tags?post=294230"}],"curies":[{"name":"wp","href":"https:\/\/api.w.org\/{rel}","templated":true}]}}