{"id":294297,"date":"2026-07-05T21:14:15","date_gmt":"2026-07-05T21:14:15","guid":{"rendered":"https:\/\/www.europesays.com\/fi\/294297\/"},"modified":"2026-07-05T21:14:15","modified_gmt":"2026-07-05T21:14:15","slug":"enslaved-julkaisi-erikoisen-yhteistyon-tuloksena-syntyneen-kappaleen","status":"publish","type":"post","link":"https:\/\/www.europesays.com\/fi\/294297\/","title":{"rendered":"Enslaved julkaisi erikoisen yhteisty\u00f6n tuloksena syntyneen kappaleen"},"content":{"rendered":"<p>Norjan <strong>Enslaved<\/strong> on julkaissut uuden Spirit Healer -singlen, jolla vierailee <strong>Kevin Kicking Woman<\/strong> mustajalkojen klaanista. Kappaleen kylkeen tehdyn visualizer-videon voit katsoa alta.<\/p>\n<p>Yhteisty\u00f6 sai alkunsa Enslavedin esiinnytty\u00e4 Fire in the Mountains -festareilla, joka j\u00e4rjestet\u00e4\u00e4n mustajalkojen reservaatissa Montanassa. Yhtye tutustui sit\u00e4 kautta mustajalkoihin ja heid\u00e4n kulttuuriinsa.<\/p>\n<p>\u201dYleens\u00e4 yhteisty\u00f6t alkavat musiikista. Joku sanoo: \u2019Hei, tehd\u00e4\u00e4n jotain yhdess\u00e4\u2019 ja sitten katsotaan, mihin se johtaa. T\u00e4m\u00e4 tapaus on l\u00e4hes p\u00e4invastainen: suhteet kehittyiv\u00e4t ensin ja musiikki kumpusi luonnostaan noista suhteista\u201d, Enslavedin <strong>Ivar Bj\u00f8rnson<\/strong> <a href=\"https:\/\/www.decibelmagazine.com\/2026\/07\/02\/enslaveds-ivar-bjornson-talks-new-collaboration-spirit-helper-after-35-years-it-genuinely-felt-like-new-ground\/\" target=\"_blank\" rel=\"noreferrer noopener nofollow\">kertoo Decibel-lehdelle<\/a>.<\/p>\n<p>\u201dMinusta ei koskaan tuntunut, ett\u00e4 t\u00e4ss\u00e4 tehd\u00e4\u00e4n nyt jotain \u2019kulttuurienv\u00e4list\u00e4 projektia\u2019. Ihan rehellisesti sellainen ei ollut meill\u00e4 mieless\u00e4. Se tuntui enemm\u00e4nkin silt\u00e4, ett\u00e4 tapasimme ihmisi\u00e4, jotka ovat vain sattuneet perim\u00e4\u00e4n erilaisen tavan ilmaista jotain sellaista, mit\u00e4 me olemme omassa musiikissamme yritt\u00e4neet ymm\u00e4rt\u00e4\u00e4 vuosikymmenien ajan.\u201d<\/p>\n<p><img loading=\"lazy\" decoding=\"async\" alt=\"Youtube video\" width=\"480\" height=\"360\" data-pin-nopin=\"true\" nopin=\"nopin\" class=\"perfmatters-lazy\" src=\"https:\/\/www.europesays.com\/fi\/wp-content\/uploads\/2026\/07\/1783286055_395_hqdefault.jpg\"\/><\/p>\n<p>Lue my\u00f6s: <a href=\"https:\/\/www.inferno.fi\/uutiskirje\/\" title=\"Tilaa Infernon uutiskirje\" class=\"underline-custom !font-montserrat !font-bold !underline-offset-4 !decoration-4 !decoration-red-600 !text-md\" rel=\"nofollow noopener\" target=\"_blank\">Tilaa Infernon uutiskirje ja tied\u00e4t mist\u00e4 kahvitauolla puhutaan! Nappaa raskaan musiikin uutiset ja puheenaiheet suoraan s\u00e4hk\u00f6postiin t\u00e4st\u00e4.<\/a><\/p>\n","protected":false},"excerpt":{"rendered":"Norjan Enslaved on julkaissut uuden Spirit Healer -singlen, jolla vierailee Kevin Kicking Woman mustajalkojen klaanista. Kappaleen kylkeen tehdyn&hellip;\n","protected":false},"author":2,"featured_media":294298,"comment_status":"","ping_status":"","sticky":false,"template":"","format":"standard","meta":{"footnotes":"","_share_on_mastodon":"0"},"categories":[132],"tags":[137,33,31,30,195,47,1244,32,109,20195],"class_list":["post-294297","post","type-post","status-publish","format-standard","has-post-thumbnail","category-musiikki","tag-entertainment","tag-fi","tag-finland","tag-finnish","tag-music","tag-musiikki","tag-single","tag-suomi","tag-viihde","tag-visualizer"],"share_on_mastodon":{"url":"https:\/\/pubeurope.com\/@fi\/116869442519292617","error":""},"_links":{"self":[{"href":"https:\/\/www.europesays.com\/fi\/wp-json\/wp\/v2\/posts\/294297","targetHints":{"allow":["GET"]}}],"collection":[{"href":"https:\/\/www.europesays.com\/fi\/wp-json\/wp\/v2\/posts"}],"about":[{"href":"https:\/\/www.europesays.com\/fi\/wp-json\/wp\/v2\/types\/post"}],"author":[{"embeddable":true,"href":"https:\/\/www.europesays.com\/fi\/wp-json\/wp\/v2\/users\/2"}],"replies":[{"embeddable":true,"href":"https:\/\/www.europesays.com\/fi\/wp-json\/wp\/v2\/comments?post=294297"}],"version-history":[{"count":0,"href":"https:\/\/www.europesays.com\/fi\/wp-json\/wp\/v2\/posts\/294297\/revisions"}],"wp:featuredmedia":[{"embeddable":true,"href":"https:\/\/www.europesays.com\/fi\/wp-json\/wp\/v2\/media\/294298"}],"wp:attachment":[{"href":"https:\/\/www.europesays.com\/fi\/wp-json\/wp\/v2\/media?parent=294297"}],"wp:term":[{"taxonomy":"category","embeddable":true,"href":"https:\/\/www.europesays.com\/fi\/wp-json\/wp\/v2\/categories?post=294297"},{"taxonomy":"post_tag","embeddable":true,"href":"https:\/\/www.europesays.com\/fi\/wp-json\/wp\/v2\/tags?post=294297"}],"curies":[{"name":"wp","href":"https:\/\/api.w.org\/{rel}","templated":true}]}}