{"id":294326,"date":"2026-07-05T22:02:11","date_gmt":"2026-07-05T22:02:11","guid":{"rendered":"https:\/\/www.europesays.com\/fi\/294326\/"},"modified":"2026-07-05T22:02:11","modified_gmt":"2026-07-05T22:02:11","slug":"kristalin-odotettu-paluu-natalil-lintala-paljastaa-suunnitelmansa","status":"publish","type":"post","link":"https:\/\/www.europesays.com\/fi\/294326\/","title":{"rendered":"Kristalin odotettu paluu: Natalil Lintala paljastaa suunnitelmansa"},"content":{"rendered":"<p>            Atte Kajova\n        <\/p>\n<p class=\"subtitle \">Sara Sieppi ja Sofia Bel\u00f3rf siveliv\u00e4t toisiaan kultamaalilla aikansa kohuvideolla.<\/p>\n<p class=\"article-content article-content-width !bg-background\">N\u00e4yttelij\u00e4 ja laulaja , 38, ponnahti parissa viikossa Suomen ykk\u00f6spuheenaiheeksi vuonna 2012.<\/p>\n<p class=\"font-weight-bold m-font-weight-bold article-content article-content-width !bg-background\">Video: Natalil kertoo Kristalin paluusta:<\/p>\n<p class=\"article-content article-content-width !bg-background\">Natalil esitti -nimist\u00e4 artistia, jonka paljastettiin my\u00f6hemmin ollleen osa puhelinoperaattorin mainoskampanjaa.\u00a0<\/p>\n<p class=\"article-content article-content-width !bg-background\">Kristalin ensimm\u00e4inen hitti Rahaa palaa nousi ilmi\u00f6ksi, mutta huomio toi mukanaan my\u00f6s haittapuolia.<\/p>\n<p class=\"article-content article-content-width !bg-background\">\u2013 Luin joitain netiss\u00e4 olleita kommentteja, ja ne olivat niin j\u00e4rkytt\u00e4vi\u00e4, etten edes viitsi sanoa niit\u00e4 \u00e4\u00e4neen. Muistan ne yh\u00e4.\u00a0<\/p>\n<p class=\"article-content article-content-width !bg-background\">\u2013 Siin\u00e4 kohtaa tuli kauhun tunne, ett\u00e4 mihin oikein olen l\u00e4htenyt mukaan.<\/p>\n<p>Kohut\u00e4hdet videolla<\/p>\n<p class=\"article-content article-content-width !bg-background\">Kristalilta ilmestyi lopulta kaksi muutakin biisi\u00e4: Kultaa ja Vihdoin vapaa.\u00a0<\/p>\n<p class=\"article-content article-content-width !bg-background\">Kultaa-musiikkivideolla <a href=\"https:\/\/www.seiska.fi\/kotimaa\/muistatko-sara-sieppi-ja-sofia-belorf-puolialasti-riettaalla-musiikkivideolla-sivelivat-toisiaan-kultamaalilla\/255693\" target=\"_blank\" rel=\"nofollow noopener\">poseerasivat aikansa kohukaunottaret<\/a>. Miss Helsinki 2010\u00a0 (silloin ) ja Miss Suomi 2011\u00a0 sivelev\u00e4t toisiaan kultamaalilla.\u00a0<\/p>\n<p class=\"article-content article-content-width !bg-background\">Vihdoin vapaa -kappaleella puolestaan feattaa r\u00e4pp\u00e4ri . Sen j\u00e4lkeen Kristalista ei en\u00e4\u00e4 kuultu, kunnes koitti vuosi 2026.<\/p>\n<p>        <a itemprop=\"url\" href=\"https:\/\/www.seiska.fi\/kotimaa\/muistatko-sara-sieppi-ja-sofia-belorf-puolialasti-riettaalla-musiikkivideolla-sivelivat-toisiaan-kultamaalilla\/255693\" rel=\"nofollow noopener\" target=\"_blank\"><\/p>\n<p class=\"section-date\">\n        <strong class=\"article-section\" data-section=\"kotimaa\"><br \/>\n            kotimaa<br \/>\n        <\/strong><br \/>\n        18.8.2022 09:42\n    <\/p>\n<p>Muistatko? Sara Sieppi ja Sofia Bel\u00f3rf puolialasti riettaalla musiikkivideolla &#8211; siveliv\u00e4t toisiaan kultamaalilla\n    <\/p>\n<p>        <\/a><\/p>\n<p>                <img decoding=\"async\" src=\"https:\/\/www.europesays.com\/fi\/wp-content\/uploads\/2026\/07\/2194342.webp\" width=\"576\" height=\"552\" alt=\"Nostalgiaa! Kultaa-biisiss\u00e4 mukana olevat Majuri, Stig ja Kristal poseerasivat n\u00e4in vuonna 2013.\" loading=\"lazy\" \/>            <\/p>\n<p>\n            Nostalgiaa! Kultaa-biisiss\u00e4 mukana olevat Majuri, Stig ja Kristal poseerasivat n\u00e4in vuonna 2013.<br \/>\n            Seiskan arkisto\/Kristal Records\n        <\/p>\n<p>Odotettu paluu<\/p>\n<p class=\"article-content article-content-width !bg-background\">Loppukev\u00e4\u00e4st\u00e4 Suomen kuningattareksikin tituleerattu Kristal ilmestyi yht\u00e4kki\u00e4 someen, ja huhut paluusta alkoivat k\u00e4yd\u00e4 kuumana.\u00a0<\/p>\n<p class=\"article-content article-content-width !bg-background\">Paluu totetui, kun\u00a0Kristal nousi lavalle ensimm\u00e4ist\u00e4 kertaa 14 vuoteen Helsinki City Festivaaleilla kes\u00e4kuussa.\u00a0<\/p>\n<p class=\"article-content article-content-width !bg-background\">\u2013 Oli aivan mahtavaa esiinty\u00e4 Kristalina kaikkien n\u00e4iden kaikkien vuosien j\u00e4lkeen.\u00a0Aistin jo muutama vuosi sitten, ett\u00e4 Kristal voisi palata, mutta nyt aika oli oikea.<\/p>\n<p class=\"article-content article-content-width !bg-background\">\u2013 Se alkuajan viha, jota Kristal sai osakseen, vain kasvatti h\u00e4nt\u00e4. Kristal ei koskaan lannistunut, vaan h\u00e4n jatkaa keikkailua entist\u00e4 isompana! Natalil vinkkaa tulevasta.<\/p>\n<p>        <a itemprop=\"url\" href=\"https:\/\/www.seiska.fi\/kotimaa\/takavuosien-feikkiartisti-tekee-paluun-nain-katri-helena-liittyy-asiaan\/2166824\" rel=\"nofollow noopener\" target=\"_blank\"><\/p>\n<p>\nTakavuosien feikkiartisti tekee paluun\n<\/p>\n<p class=\"section-date\">\n        <strong class=\"article-section\" data-section=\"kotimaa\"><br \/>\n            kotimaa<br \/>\n        <\/strong><br \/>\n        29.5. 14:20\n    <\/p>\n<p>Takavuosien feikkiartisti tekee paluun \u2013 n\u00e4in Katri Helena liittyy asiaan\n    <\/p>\n<p itemprop=\"description\" class=\"subtitle \">\n    Monenlaista kohua aikoinaan her\u00e4tt\u00e4nyt Kristal on nyt palaamassa parrasvaloihin rytin\u00e4ll\u00e4.\n<\/p>\n<p>        <\/a><\/p>\n<p>                <img loading=\"lazy\" decoding=\"async\" src=\"https:\/\/www.europesays.com\/fi\/wp-content\/uploads\/2026\/07\/2197088.webp\" width=\"576\" height=\"720\" alt=\"T\u00e4lt\u00e4 Kristalinakin tunnettu Natalil Lintala n\u00e4ytt\u00e4\u00e4 nyky\u00e4\u00e4n.\" \/>            <\/p>\n<p>\n            T\u00e4lt\u00e4 Kristalinakin tunnettu Natalil Lintala n\u00e4ytt\u00e4\u00e4 nyky\u00e4\u00e4n.<br \/>\n            Atte Kajova\n        <\/p>\n","protected":false},"excerpt":{"rendered":"Atte Kajova Sara Sieppi ja Sofia Bel\u00f3rf siveliv\u00e4t toisiaan kultamaalilla aikansa kohuvideolla. N\u00e4yttelij\u00e4 ja laulaja , 38, ponnahti&hellip;\n","protected":false},"author":2,"featured_media":294327,"comment_status":"","ping_status":"","sticky":false,"template":"","format":"standard","meta":{"footnotes":"","_share_on_mastodon":"0"},"categories":[136],"tags":[407,137,33,31,30,408,35836,5159,15167,47,1243,29281,1342,3423,2758,32,109],"class_list":["post-294326","post","type-post","status-publish","format-standard","has-post-thumbnail","category-julkkikset","tag-celebrities","tag-entertainment","tag-fi","tag-finland","tag-finnish","tag-julkkikset","tag-kristal","tag-laulaja","tag-mikael-gabriel","tag-musiikki","tag-musiikkivideo","tag-natalil-lintala","tag-nayttelija","tag-sara-sieppi","tag-sofia-belorf","tag-suomi","tag-viihde"],"share_on_mastodon":{"url":"https:\/\/pubeurope.com\/@fi\/116869631285252091","error":""},"_links":{"self":[{"href":"https:\/\/www.europesays.com\/fi\/wp-json\/wp\/v2\/posts\/294326","targetHints":{"allow":["GET"]}}],"collection":[{"href":"https:\/\/www.europesays.com\/fi\/wp-json\/wp\/v2\/posts"}],"about":[{"href":"https:\/\/www.europesays.com\/fi\/wp-json\/wp\/v2\/types\/post"}],"author":[{"embeddable":true,"href":"https:\/\/www.europesays.com\/fi\/wp-json\/wp\/v2\/users\/2"}],"replies":[{"embeddable":true,"href":"https:\/\/www.europesays.com\/fi\/wp-json\/wp\/v2\/comments?post=294326"}],"version-history":[{"count":0,"href":"https:\/\/www.europesays.com\/fi\/wp-json\/wp\/v2\/posts\/294326\/revisions"}],"wp:featuredmedia":[{"embeddable":true,"href":"https:\/\/www.europesays.com\/fi\/wp-json\/wp\/v2\/media\/294327"}],"wp:attachment":[{"href":"https:\/\/www.europesays.com\/fi\/wp-json\/wp\/v2\/media?parent=294326"}],"wp:term":[{"taxonomy":"category","embeddable":true,"href":"https:\/\/www.europesays.com\/fi\/wp-json\/wp\/v2\/categories?post=294326"},{"taxonomy":"post_tag","embeddable":true,"href":"https:\/\/www.europesays.com\/fi\/wp-json\/wp\/v2\/tags?post=294326"}],"curies":[{"name":"wp","href":"https:\/\/api.w.org\/{rel}","templated":true}]}}