{"id":294480,"date":"2026-07-06T03:32:17","date_gmt":"2026-07-06T03:32:17","guid":{"rendered":"https:\/\/www.europesays.com\/fi\/294480\/"},"modified":"2026-07-06T03:32:17","modified_gmt":"2026-07-06T03:32:17","slug":"hollolalainen-ravivalmentaja-christa-packalen-33-avasi-yllattavaa-lopettamispaatostaan-yhdelle-ihmiselle-se-on-liikaa-urheilu","status":"publish","type":"post","link":"https:\/\/www.europesays.com\/fi\/294480\/","title":{"rendered":"Hollolalainen ravivalmentaja Christa Packal\u00e9n, 33, avasi yll\u00e4tt\u00e4v\u00e4\u00e4 lopettamisp\u00e4\u00e4t\u00f6st\u00e4\u00e4n: \u201dYhdelle ihmiselle se on liikaa\u201d | Urheilu"},"content":{"rendered":"<p>Packal\u00e9n kuvailee ravivalmentajan ty\u00f6t\u00e4 &#8221;j\u00e4rkytt\u00e4v\u00e4ksi hommaksi&#8221;.<\/p>\n<p>Kuluvan vuosikymmenen menestyneimpiin ravivalmentajiin lukeutuva hollolalainen <strong>Christa Packal\u00e9n<\/strong>, 33, lopettaa ammattivalmentajan uransa vuodenvaihteessa. Asiasta aiemmin ilmoittanut Packal\u00e9n on ollut p\u00e4\u00e4t\u00f6ksens\u00e4 syist\u00e4 v\u00e4h\u00e4sanainen, mutta sunnuntaina h\u00e4n avasi ratkaisunsa taustoja ensimm\u00e4ist\u00e4 kertaa Toto-tv:lle Ruudun l\u00e4hetyksess\u00e4.<\/p>\n","protected":false},"excerpt":{"rendered":"Packal\u00e9n kuvailee ravivalmentajan ty\u00f6t\u00e4 &#8221;j\u00e4rkytt\u00e4v\u00e4ksi hommaksi&#8221;. Kuluvan vuosikymmenen menestyneimpiin ravivalmentajiin lukeutuva hollolalainen Christa Packal\u00e9n, 33, lopettaa ammattivalmentajan uransa&hellip;\n","protected":false},"author":2,"featured_media":294481,"comment_status":"","ping_status":"","sticky":false,"template":"","format":"standard","meta":{"footnotes":"","_share_on_mastodon":"0"},"categories":[12],"tags":[22,23,26,27,33,31,30,17,7263,1267,24,25,28,29,15,18,21,7265,32,19,20,16],"class_list":["post-294480","post","type-post","status-publish","format-standard","has-post-thumbnail","category-suomi","tag-breaking-news","tag-breakingnews","tag-featured-news","tag-featurednews","tag-fi","tag-finland","tag-finnish","tag-headlines","tag-hevosurheilu","tag-hollola","tag-latest-news","tag-latestnews","tag-main-news","tag-mainnews","tag-news","tag-otsikot","tag-paauutiset","tag-ravit","tag-suomi","tag-top-stories","tag-topstories","tag-uutiset"],"share_on_mastodon":{"url":"https:\/\/pubeurope.com\/@fi\/116870928654670009","error":""},"_links":{"self":[{"href":"https:\/\/www.europesays.com\/fi\/wp-json\/wp\/v2\/posts\/294480","targetHints":{"allow":["GET"]}}],"collection":[{"href":"https:\/\/www.europesays.com\/fi\/wp-json\/wp\/v2\/posts"}],"about":[{"href":"https:\/\/www.europesays.com\/fi\/wp-json\/wp\/v2\/types\/post"}],"author":[{"embeddable":true,"href":"https:\/\/www.europesays.com\/fi\/wp-json\/wp\/v2\/users\/2"}],"replies":[{"embeddable":true,"href":"https:\/\/www.europesays.com\/fi\/wp-json\/wp\/v2\/comments?post=294480"}],"version-history":[{"count":0,"href":"https:\/\/www.europesays.com\/fi\/wp-json\/wp\/v2\/posts\/294480\/revisions"}],"wp:featuredmedia":[{"embeddable":true,"href":"https:\/\/www.europesays.com\/fi\/wp-json\/wp\/v2\/media\/294481"}],"wp:attachment":[{"href":"https:\/\/www.europesays.com\/fi\/wp-json\/wp\/v2\/media?parent=294480"}],"wp:term":[{"taxonomy":"category","embeddable":true,"href":"https:\/\/www.europesays.com\/fi\/wp-json\/wp\/v2\/categories?post=294480"},{"taxonomy":"post_tag","embeddable":true,"href":"https:\/\/www.europesays.com\/fi\/wp-json\/wp\/v2\/tags?post=294480"}],"curies":[{"name":"wp","href":"https:\/\/api.w.org\/{rel}","templated":true}]}}