{"id":294572,"date":"2026-07-06T06:07:15","date_gmt":"2026-07-06T06:07:15","guid":{"rendered":"https:\/\/www.europesays.com\/fi\/294572\/"},"modified":"2026-07-06T06:07:15","modified_gmt":"2026-07-06T06:07:15","slug":"k-auto-avasi-vantaalle-jattimaisen-kaytettyjen-hyotyautojen-myymalan-volkswagen-transporter-pitaa-pintansa-asiakkaiden-suosikkina","status":"publish","type":"post","link":"https:\/\/www.europesays.com\/fi\/294572\/","title":{"rendered":"K-Auto avasi Vantaalle j\u00e4ttim\u00e4isen k\u00e4ytettyjen hy\u00f6tyautojen myym\u00e4l\u00e4n \u2013 Volkswagen Transporter pit\u00e4\u00e4 pintansa asiakkaiden suosikkina"},"content":{"rendered":"<p>&#13;<br \/>\n                        &#13;<br \/>\n&#13;<\/p>\n<p>                                    <img decoding=\"async\" src=\"https:\/\/www.europesays.com\/fi\/wp-content\/uploads\/2026\/07\/b4d33dab1744c2d7_featured.png\"\/><br \/>\n                                &#13;<br \/>\n&#13;<\/p>\n<p><strong>K-Auto vahvistaa asemaansa k\u00e4ytettyjen hy\u00f6tyautojen markkinassa ja avasi Vantaan Koivuhakaan uuden K-Auto PRO -myym\u00e4l\u00e4n 1. hein\u00e4kuuta. Alkusyksyyn menness\u00e4 valikoima kasvaa yli 200 ajoneuvoon. Asiakkaiden suosikkina jatkaa Volkswagen\u00a0Transporter.<\/strong><\/p>\n<p>&#13;<\/p>\n<p style=\"margin-top:12px;\">Vantaan Koivuhaassa sijaitseva K-Auto PRO -myym\u00e4l\u00e4 tarjoaa laajan valikoiman k\u00e4ytettyj\u00e4 pakettiautoja ja muita hy\u00f6tyajoneuvoja eri kokoluokkiin ja k\u00e4ytt\u00f6tarkoituksiin sek\u00e4 yksityis- ett\u00e4 yritysasiakkaille. Myym\u00e4l\u00e4ss\u00e4 on tarjolla kaikkia merkkej\u00e4.<\/p>\n<p>K-Autolla k\u00e4ytettyjen hy\u00f6tyautojen kysynt\u00e4 on kasvanut tasaisesti viime vuosina.\u00a0<\/p>\n<p>&#8221;Hy\u00f6tyauton hankinnassa korostuvat ennen kaikkea k\u00e4ytt\u00f6tarkoitus ja k\u00e4yt\u00e4nn\u00f6llisyys \u2013 olipa asiakkaana yksinyritt\u00e4j\u00e4 tai suurempi yritys. Asiakkaat arvostavat my\u00f6s yh\u00e4 enemm\u00e4n sit\u00e4, ett\u00e4 auton historia on helposti tarkistettavissa&#8221;, kertoo uuden myym\u00e4l\u00e4n myyntip\u00e4\u00e4llikk\u00f6\u00a0<strong>Joonas Koskinen<\/strong>.<\/p>\n<p>Koskisen mukaan asiakkaita kiinnostavat t\u00e4ll\u00e4 hetkell\u00e4 etenkin nopeasti saatavilla olevat ja hyv\u00e4kuntoiset pakettiautot. Suosituin malli on Volkswagen\u00a0Transporter.\u00a0<\/p>\n<p>&#8221;Moni asiakas pit\u00e4\u00e4 Transporteria\u00a0luotettavana mallina, jolla on hyv\u00e4 j\u00e4lleenmyyntiarvo&#8221;, h\u00e4n jatkaa.\u00a0<\/p>\n<p>K-Auto PRO -myym\u00e4l\u00e4ss\u00e4 asiakas voi varustella auton omaan k\u00e4ytt\u00f6tarkoitukseensa sopivaksi. Tarjolla on esimerkiksi valo-, putki- ja vannepaketteja sek\u00e4 muita ratkaisuja. Myym\u00e4l\u00e4 sijaitsee hyvien liikenneyhteyksien varrella\u00a0Tuusulanv\u00e4yl\u00e4n\u00a0ja Keh\u00e4 III:n l\u00e4heisyydess\u00e4 osoitteessa\u00a0Ohtolankatu\u00a02.\u00a0<\/p>\n<p><strong>K-Auto vahvistaa asemaansa k\u00e4ytettyjen autojen markkinassa\u00a0<\/strong><\/p>\n<p>K-Auto on noussut viime vuosina suurimpien k\u00e4ytettyjen autojen myyjien joukkoon Suomessa. K-Auton k\u00e4ytettyjen autojen myym\u00e4l\u00f6ist\u00e4 ostettiin vuonna 2025 yli 24 000 autoa, mik\u00e4 on yli 3 000 autoa enemm\u00e4n kuin vuonna 2024. K\u00e4ytettyjen hy\u00f6tyautojen osuus oli vuonna 2025 noin 15 prosenttia.\u00a0<\/p>\n<p>Vuosina 2023\u20132025 k\u00e4ytettyjen autojen myym\u00e4l\u00e4verkosto laajeni Ouluun, Poriin, Lemp\u00e4\u00e4l\u00e4\u00e4n, Vantaan\u00a0Petikkoon, Jyv\u00e4skyl\u00e4\u00e4n ja Sein\u00e4joelle. Myym\u00e4l\u00e4verkoston laajentamisen ja k\u00e4ytettyjen hy\u00f6tyautojen valikoiman kasvattamisen lis\u00e4ksi K-Auto panostaa vuonna 2026 my\u00f6s k\u00e4ytettyjen autojen leasing-palveluihin.\u00a0<\/p>\n<p>&#13;<br \/>\n&#13;<br \/>\n&#13;<\/p>\n<p><strong>Lis\u00e4tietoja &amp; haastattelupyynn\u00f6t:\u00a0<\/strong><\/p>\n<p>Riitta Karjalainen, viestint\u00e4p\u00e4\u00e4llikk\u00f6, K-Auto, p.\u00a0040 578 3924, riitta.karjalainen@k-auto.fi<\/p>\n<p>&#13;<\/p>\n<p>K-Auto on osa suomalaista K-ryhm\u00e4\u00e4 ja toimii yhteisty\u00f6ss\u00e4 Volkswagen-konsernin ja Porsche AG:n kanssa. K-Auton tavoitteena on tuoda suomalaiseen autoiluun merkkej\u00e4 tulevaisuudesta, ja se tarjoaa asiakkailleen monikanavaisesti uudet autot, vaihtoautot sek\u00e4 monipuoliset autoalan palvelut. K-Auto Oy toimii Volkswagen\u2010, Audi\u2010, SEAT\u2010, CUPRA-, Porsche\u2010 ja Bentley-henkil\u00f6autojen sek\u00e4 Volkswagen Hy\u00f6tyautojen maahantuojana ja markkinoijana Suomessa sek\u00e4 SEATin ja CUPRAn osalta my\u00f6s Baltiassa.\u00a0<a href=\"https:\/\/www.k-auto.fi\/\" target=\"_blank\" rel=\"nofollow noopener\">www.k-auto.fi<\/a><\/p>\n<p><strong>Avainsanat:<\/strong><\/p>\n<p>&#13;<br \/>\n&#13;<br \/>\n&#13;<\/p>\n","protected":false},"excerpt":{"rendered":"&#13; &#13; &#13; &#13; &#13; K-Auto vahvistaa asemaansa k\u00e4ytettyjen hy\u00f6tyautojen markkinassa ja avasi Vantaan Koivuhakaan uuden K-Auto PRO&hellip;\n","protected":false},"author":2,"featured_media":294573,"comment_status":"","ping_status":"","sticky":false,"template":"","format":"standard","meta":{"footnotes":"","_share_on_mastodon":"0"},"categories":[76],"tags":[79,77,33,31,30,38864,38862,38863,3777,32,78],"class_list":["post-294572","post","type-post","status-publish","format-standard","has-post-thumbnail","category-talous","tag-business","tag-economy","tag-fi","tag-finland","tag-finnish","tag-k-auto","tag-k-ryhm","tag-kauto","tag-kesko","tag-suomi","tag-talous"],"share_on_mastodon":{"url":"https:\/\/pubeurope.com\/@fi\/116871538612539603","error":""},"_links":{"self":[{"href":"https:\/\/www.europesays.com\/fi\/wp-json\/wp\/v2\/posts\/294572","targetHints":{"allow":["GET"]}}],"collection":[{"href":"https:\/\/www.europesays.com\/fi\/wp-json\/wp\/v2\/posts"}],"about":[{"href":"https:\/\/www.europesays.com\/fi\/wp-json\/wp\/v2\/types\/post"}],"author":[{"embeddable":true,"href":"https:\/\/www.europesays.com\/fi\/wp-json\/wp\/v2\/users\/2"}],"replies":[{"embeddable":true,"href":"https:\/\/www.europesays.com\/fi\/wp-json\/wp\/v2\/comments?post=294572"}],"version-history":[{"count":0,"href":"https:\/\/www.europesays.com\/fi\/wp-json\/wp\/v2\/posts\/294572\/revisions"}],"wp:featuredmedia":[{"embeddable":true,"href":"https:\/\/www.europesays.com\/fi\/wp-json\/wp\/v2\/media\/294573"}],"wp:attachment":[{"href":"https:\/\/www.europesays.com\/fi\/wp-json\/wp\/v2\/media?parent=294572"}],"wp:term":[{"taxonomy":"category","embeddable":true,"href":"https:\/\/www.europesays.com\/fi\/wp-json\/wp\/v2\/categories?post=294572"},{"taxonomy":"post_tag","embeddable":true,"href":"https:\/\/www.europesays.com\/fi\/wp-json\/wp\/v2\/tags?post=294572"}],"curies":[{"name":"wp","href":"https:\/\/api.w.org\/{rel}","templated":true}]}}