{"id":294663,"date":"2026-07-06T08:34:11","date_gmt":"2026-07-06T08:34:11","guid":{"rendered":"https:\/\/www.europesays.com\/fi\/294663\/"},"modified":"2026-07-06T08:34:11","modified_gmt":"2026-07-06T08:34:11","slug":"fysioterapeutti-teemu-turunen-ja-sisustussuunnittelija-ilse-juola-haluavat-yksinyrittajina-tyollistaa-vain-itsensa-paijat-hame","status":"publish","type":"post","link":"https:\/\/www.europesays.com\/fi\/294663\/","title":{"rendered":"Fysioterapeutti Teemu Turunen ja sisustussuunnittelija Ilse Juola haluavat yksinyritt\u00e4jin\u00e4 ty\u00f6llist\u00e4\u00e4 vain itsens\u00e4 | P\u00e4ij\u00e4t-H\u00e4me"},"content":{"rendered":"<p>Harva yksinyritt\u00e4j\u00e4 pystyy palkkaamaan itselleen sijaista, saati alaisia. Sisustussuunnittelija Ilse Juola ja fysioterapeutti Teemu Turunen komppaavat Yksinyritt\u00e4j\u00e4barometrin tuloksia.<\/p>\n<p>Kes\u00e4kuussa julkaistut vuoden 2026 Yksinyritt\u00e4j\u00e4barometrin P\u00e4ij\u00e4t-H\u00e4meen tulokset kertovat, ett\u00e4 vain puolet yritt\u00e4jist\u00e4 hakee kasvua. Toinen puolikas pyrkii joko s\u00e4ilytt\u00e4m\u00e4\u00e4n nykyisen tilanteen, on v\u00e4hent\u00e4m\u00e4ss\u00e4 yritystoimintaa tai ei ole asettanut kasvutavoitetta.<\/p>\n","protected":false},"excerpt":{"rendered":"Harva yksinyritt\u00e4j\u00e4 pystyy palkkaamaan itselleen sijaista, saati alaisia. Sisustussuunnittelija Ilse Juola ja fysioterapeutti Teemu Turunen komppaavat Yksinyritt\u00e4j\u00e4barometrin tuloksia.&hellip;\n","protected":false},"author":2,"featured_media":294664,"comment_status":"","ping_status":"","sticky":false,"template":"","format":"standard","meta":{"footnotes":"","_share_on_mastodon":"0"},"categories":[135],"tags":[389,387,388,390,137,33,31,30,1267,1801,32,394,393,391,392,78,109,38877,38876,4004,1356],"class_list":["post-294663","post","type-post","status-publish","format-standard","has-post-thumbnail","category-taiteet-ja-suunnittelu","tag-arts","tag-arts-and-design","tag-artsanddesign","tag-design","tag-entertainment","tag-fi","tag-finland","tag-finnish","tag-hollola","tag-lahti","tag-suomi","tag-suunnittelu","tag-taiteet","tag-taiteet-ja-suunnittelu","tag-taiteetsuunnittelu","tag-talous","tag-viihde","tag-yksinyrittajabarometri","tag-yksinyrittajat","tag-yrittajyys","tag-yritykset"],"share_on_mastodon":{"url":"https:\/\/pubeurope.com\/@fi\/116872115922516472","error":""},"_links":{"self":[{"href":"https:\/\/www.europesays.com\/fi\/wp-json\/wp\/v2\/posts\/294663","targetHints":{"allow":["GET"]}}],"collection":[{"href":"https:\/\/www.europesays.com\/fi\/wp-json\/wp\/v2\/posts"}],"about":[{"href":"https:\/\/www.europesays.com\/fi\/wp-json\/wp\/v2\/types\/post"}],"author":[{"embeddable":true,"href":"https:\/\/www.europesays.com\/fi\/wp-json\/wp\/v2\/users\/2"}],"replies":[{"embeddable":true,"href":"https:\/\/www.europesays.com\/fi\/wp-json\/wp\/v2\/comments?post=294663"}],"version-history":[{"count":0,"href":"https:\/\/www.europesays.com\/fi\/wp-json\/wp\/v2\/posts\/294663\/revisions"}],"wp:featuredmedia":[{"embeddable":true,"href":"https:\/\/www.europesays.com\/fi\/wp-json\/wp\/v2\/media\/294664"}],"wp:attachment":[{"href":"https:\/\/www.europesays.com\/fi\/wp-json\/wp\/v2\/media?parent=294663"}],"wp:term":[{"taxonomy":"category","embeddable":true,"href":"https:\/\/www.europesays.com\/fi\/wp-json\/wp\/v2\/categories?post=294663"},{"taxonomy":"post_tag","embeddable":true,"href":"https:\/\/www.europesays.com\/fi\/wp-json\/wp\/v2\/tags?post=294663"}],"curies":[{"name":"wp","href":"https:\/\/api.w.org\/{rel}","templated":true}]}}