{"id":294760,"date":"2026-07-06T10:59:13","date_gmt":"2026-07-06T10:59:13","guid":{"rendered":"https:\/\/www.europesays.com\/fi\/294760\/"},"modified":"2026-07-06T10:59:13","modified_gmt":"2026-07-06T10:59:13","slug":"ministerio-suunnittelee-karhujahdin-helpottamista-nain-kommentoivat-tutkija-ja-luonnonsuojelija-kotimaa","status":"publish","type":"post","link":"https:\/\/www.europesays.com\/fi\/294760\/","title":{"rendered":"Ministeri\u00f6 suunnittelee karhujahdin helpottamista \u2013 n\u00e4in kommentoivat tutkija ja luonnon\u00adsuojelija | Kotimaa"},"content":{"rendered":"<p class=\"aw__sc-1qwuw0s-0 aw__sc-1vg2sqm-0 epAWpq ecELkD yle__article__paragraph\">Kysyimme karhututkijalta ja luonnonsuojelu\u00adliitto Tapiolasta, mit\u00e4 karhujen mahdollisesti lis\u00e4\u00e4ntyv\u00e4st\u00e4 mets\u00e4styksest\u00e4 voi heid\u00e4n mielest\u00e4\u00e4n seurata.<\/p>\n<p><img decoding=\"async\" alt=\"Karhu tarkkailee ymp\u00e4rist\u00f6\u00e4\u00e4n maastossa.\" src=\"https:\/\/www.europesays.com\/fi\/wp-content\/uploads\/2026\/07\/1652253027.jpeg\" class=\"aw__sc-dklauk-0 LPzKX\"\/><\/p>\n<p>Avaa kuvien katselu<\/p>\n<p>Arkistokuva Kuhmosta vuodelta 2021. Kuva: Sari Ursin \/ Yle<\/p>\n<ul class=\"aw__sc-1yb43iq-0 gFXHv yle__article__list yle__article__list--ul\">\n<li class=\"aw__sc-1yb43iq-1 gVAzbt\">Maa- ja mets\u00e4talousministeri\u00f6 suunnittelee, ett\u00e4 karhua saisi mets\u00e4st\u00e4\u00e4 ilman poikkeuslupaa. Ministeri\u00f6 m\u00e4\u00e4ritt\u00e4isi kiinti\u00f6t koko Suomeen.<\/li>\n<li class=\"aw__sc-1yb43iq-1 gVAzbt\">Mets\u00e4stys on ollut j\u00e4iss\u00e4 vuodesta 2023 valitusten takia. Karhun ja ihmisten kohtaamiset ovat lis\u00e4\u00e4ntyneet.<\/li>\n<li class=\"aw__sc-1yb43iq-1 gVAzbt\">Tutkija Ilpo Kojola sanoo, ett\u00e4 ministeri\u00f6n suunnitelmien k\u00e4yt\u00e4nn\u00f6n vaikutukset riippuvat siit\u00e4, millaisia kiinti\u00f6it\u00e4 eri alueille tulisi.<\/li>\n<li class=\"aw__sc-1yb43iq-1 gVAzbt\">Luonnonsuojelija Reija Laurila kysyy, onko suunnitelma EU:n luontodirektiivin mukainen.<\/li>\n<\/ul>\n<p class=\"aw__sc-1qwuw0s-0 aw__sc-ngllmo-0 epAWpq fzYpjk yle__article__paragraph\">Karhua voi tulevaisuudessa mets\u00e4st\u00e4\u00e4 Suomessa ilman poikkeuslupaa, jos <a class=\"aw__sc-ngllmo-1 bTDnwX yle__article__link\" href=\"https:\/\/yle.fi\/a\/74-20233637\" role=\"link\" rel=\"nofollow noopener\" target=\"_blank\">maa- ja mets\u00e4talousministeri\u00f6n suunnitelma<\/a> toteutuu.<\/p>\n<p class=\"aw__sc-1qwuw0s-0 aw__sc-ngllmo-0 epAWpq fzYpjk yle__article__paragraph\">Miten muutos vaikuttaisi karhujen k\u00e4ytt\u00e4ytymiseen ja karhukannan elinvoimaan?<\/p>\n<p class=\"aw__sc-1qwuw0s-0 aw__sc-ngllmo-0 epAWpq fzYpjk yle__article__paragraph\">Pyysimme tutkijaa ja luonnonsuojelijaa arvioimaan, mit\u00e4 ministeri\u00f6n suunnitelma tarkoittaisi k\u00e4yt\u00e4nn\u00f6ss\u00e4.<\/p>\n<p>Mist\u00e4 on kyse?<\/p>\n<p class=\"aw__sc-1qwuw0s-0 aw__sc-ngllmo-0 epAWpq fzYpjk yle__article__paragraph\">Karhu on rauhoitettu ja EU:n luontodirektiiviss\u00e4 tiukasti suojeltu laji. T\u00e4ll\u00e4 hetkell\u00e4 karhun mets\u00e4stys perustuu etel\u00e4isess\u00e4 Suomessa poikkeuslupiin. Poronhoitoalueella mets\u00e4styst\u00e4 s\u00e4\u00e4nnell\u00e4\u00e4n kiinti\u00f6ill\u00e4.<\/p>\n<p class=\"aw__sc-1qwuw0s-0 aw__sc-ngllmo-0 epAWpq fzYpjk yle__article__paragraph\">Mets\u00e4stys on ollut poronhoitoalueen ulkopuolella j\u00e4iss\u00e4 vuoden 2023 j\u00e4lkeen. Luonnonsuojelutahot ovat valittaneet Suomen riistakeskuksen my\u00f6nt\u00e4mist\u00e4 poikkeusluvista. Valituksia ei ole ehditty k\u00e4sitell\u00e4 loppuun ennen kuin karhunmets\u00e4styskausi on p\u00e4\u00e4ttynyt.<\/p>\n<p class=\"aw__sc-1qwuw0s-0 aw__sc-ngllmo-0 epAWpq fzYpjk yle__article__paragraph\">Mets\u00e4styksen puute on lis\u00e4nnyt karhun ja ihmisten kohtaamisia muun muassa <a class=\"aw__sc-ngllmo-1 bTDnwX yle__article__link\" href=\"https:\/\/yle.fi\/a\/74-20226553\" role=\"link\" rel=\"nofollow noopener\" target=\"_blank\">asuinalueilla<\/a>, <a class=\"aw__sc-ngllmo-1 bTDnwX yle__article__link\" href=\"https:\/\/yle.fi\/a\/74-20226559\" role=\"link\" rel=\"nofollow noopener\" target=\"_blank\">pelloilla<\/a> ja <a class=\"aw__sc-ngllmo-1 bTDnwX yle__article__link\" href=\"https:\/\/yle.fi\/a\/74-20233936\" role=\"link\" rel=\"nofollow noopener\" target=\"_blank\">mehil\u00e4istarhoilla<\/a>. Nyt maa- ja mets\u00e4talousministeri\u00f6 suunnittelee asetusta, joka mahdollistaisi mets\u00e4styksen koko Suomessa.<\/p>\n<p class=\"aw__sc-1qwuw0s-0 aw__sc-ngllmo-0 epAWpq fzYpjk yle__article__paragraph\">K\u00e4yt\u00e4nn\u00f6ss\u00e4 ministeri\u00f6 m\u00e4\u00e4ritt\u00e4isi joka vuosi asetuksella alueelliset kiinti\u00f6t eli sen, kuinka monta karhua tietyll\u00e4 alueella saa kaataa.<\/p>\n<p>Karhujen ja ihmisten kohtaamiset ovat lis\u00e4\u00e4ntyneet sen j\u00e4lkeen, kun mets\u00e4stys loppui poronhoitoalueen ulkopuolella. Katso yleis\u00f6n kuvaamalta videolta, kuinka kaksi karhua juoksi l\u00e4hell\u00e4 Joensuun keskustaa syksyll\u00e4 2024. Video: Jarkko K\u00e4yhk\u00f6Mit\u00e4 sanoo tutkija?<\/p>\n<p class=\"aw__sc-1qwuw0s-0 aw__sc-ngllmo-0 epAWpq fzYpjk yle__article__paragraph\">Luonnonvarakeskuksen tutkimusprofessori emeritus <strong class=\"aw__sc-ngllmo-2 gdRrun yle__article__strong\">Ilpo Kojola<\/strong> toteaa, ett\u00e4 viel\u00e4 on liian aikaista sanoa, miten kiinti\u00f6pyynti vaikuttaisi karhukantaan.<\/p>\n<p class=\"aw__sc-1qwuw0s-0 aw__sc-ngllmo-0 epAWpq fzYpjk yle__article__paragraph\">\u2013 Se on sidoksissa siihen, kuinka suurista kiinti\u00f6ist\u00e4 on kysymys.<\/p>\n<p class=\"aw__sc-1qwuw0s-0 aw__sc-ngllmo-0 epAWpq fzYpjk yle__article__paragraph\">Vaikutukset karhujen k\u00e4ytt\u00e4ytymiseen ovat ep\u00e4varmoja. Paljon riippuu siit\u00e4, millaisia yksil\u00f6it\u00e4 mets\u00e4st\u00e4j\u00e4t ampuisivat. Kojolan mukaan esimerkiksi pihak\u00e4ynnit luultavasti v\u00e4henev\u00e4t, jos mets\u00e4st\u00e4j\u00e4t onnistuvat poimimaan \u201dkeskim\u00e4\u00e4r\u00e4ist\u00e4 tuttavallisempia\u201d yksil\u00f6it\u00e4.<\/p>\n<p class=\"aw__sc-1qwuw0s-0 aw__sc-ngllmo-0 epAWpq fzYpjk yle__article__paragraph\">Lis\u00e4\u00e4ntyneet karhukohtaamiset ovat aiheuttaneet ihmisiss\u00e4 huolta. Kojola toivoo, ett\u00e4 valikoiva mets\u00e4stys auttaisi siin\u00e4, ett\u00e4 karhu s\u00e4ilyisi Suomessa arvostettuna el\u00e4imen\u00e4.<\/p>\n<p class=\"aw__sc-1qwuw0s-0 aw__sc-ngllmo-0 epAWpq fzYpjk yle__article__paragraph\">Esimerkiksi Romaniassa karhut ovat tappaneet kymmeni\u00e4 ihmisi\u00e4 viimeksi kuluneen vuosikymmenen aikana.<\/p>\n<p class=\"aw__sc-1qwuw0s-0 aw__sc-ngllmo-0 epAWpq fzYpjk yle__article__paragraph\">\u2013 Se on saanut karhun aseman romahtamaan romanialaisten silmiss\u00e4. T\u00e4llaista kehityst\u00e4 en haluaisi Suomeen, Kojola sanoo.<\/p>\n<p class=\"aw__sc-1qwuw0s-0 aw__sc-ngllmo-0 epAWpq fzYpjk yle__article__paragraph\">Kojola huomauttaa tosin, ett\u00e4 Romaniassa karhujen populaatiotiheys on huomattavasti suurempi kuin Suomessa.<\/p>\n<p><img decoding=\"async\" alt=\"Ilpo Kojola, susitutkija\" src=\"https:\/\/www.europesays.com\/fi\/wp-content\/uploads\/2026\/07\/1592307223.jpeg\" loading=\"lazy\" class=\"aw__sc-dklauk-0 LPzKX\"\/><\/p>\n<p>Avaa kuvien katselu<\/p>\n<p>Ilpo Kojola on helpottunut siit\u00e4, ett\u00e4 Suomessa karhut ovat hy\u00f6k\u00e4nneet ihmisen kimppuun \u00e4\u00e4rimm\u00e4isen harvoin viime vuosina karhukannan kasvusta huolimatta. Arkistokuva. Kuva: Thomas Hagstr\u00f6m \/ YleMit\u00e4 sanoo luonnonsuojelija?<\/p>\n<p class=\"aw__sc-1qwuw0s-0 aw__sc-ngllmo-0 epAWpq fzYpjk yle__article__paragraph\">Luonnonsuojeluliitto Tapiolan varapuheenjohtaja <strong class=\"aw__sc-ngllmo-2 gdRrun yle__article__strong\">Reija Laurila<\/strong> toteaa, ett\u00e4 mets\u00e4stys voi saada karhukannan notkahtamaan. H\u00e4n ei kuitenkaan osaa viel\u00e4 arvioida, muodostaisivatko ministeri\u00f6n kaavailemat kiinti\u00f6t v\u00e4lit\u00f6nt\u00e4 uhkaa karhujen elinvoimaisuudelle.<\/p>\n<p class=\"aw__sc-1qwuw0s-0 aw__sc-ngllmo-0 epAWpq fzYpjk yle__article__paragraph\">\u2013 Vaikea sanoa, kun t\u00e4ss\u00e4 ei ole viel\u00e4 annettu mit\u00e4\u00e4n tarkempia speksej\u00e4.<\/p>\n<p class=\"aw__sc-1qwuw0s-0 aw__sc-ngllmo-0 epAWpq fzYpjk yle__article__paragraph\">Laurilan mielest\u00e4 iso kysymys on se, onko maa- ja mets\u00e4talousministeri\u00f6n suunnitelma EU:n luontodirektiivin mukainen.<\/p>\n<p class=\"aw__sc-1qwuw0s-0 aw__sc-ngllmo-0 epAWpq fzYpjk yle__article__paragraph\">Luontodirektiivi mahdollistaa sen, ett\u00e4 j\u00e4senvaltio voi poiketa lajin tiukasta suojelusta, jos tietyt ehdot t\u00e4yttyv\u00e4t. Vuonna 2019 Euroopan unionin tuomioistuin katsoi susikysymyst\u00e4 k\u00e4sitelleess\u00e4 ratkaisussaan, ett\u00e4 lajin tiukasta suojelusta voi poiketa vain konkreettisilla ja tapauskohtaisilla perusteilla.<\/p>\n<p class=\"aw__sc-1qwuw0s-0 aw__sc-ngllmo-0 epAWpq fzYpjk yle__article__paragraph\">Ministeri\u00f6n mielest\u00e4 luontodirektiivi mahdollistaa kiinti\u00f6iden k\u00e4yt\u00f6n. Taustalla vaikuttaa korkeimman hallinto-oikeuden kuukauden takainen ennakkop\u00e4\u00e4t\u00f6s, jossa oikeus katsoi Suomen riistakeskuksen my\u00f6nt\u00e4m\u00e4t karhunkaatoluvat laillisiksi.<\/p>\n<p><img decoding=\"async\" alt=\"Karhu mets\u00e4aukealla.\" src=\"https:\/\/www.europesays.com\/fi\/wp-content\/uploads\/2026\/07\/1751000767.jpeg\" class=\"aw__sc-dklauk-0 LPzKX\"\/><\/p>\n<p class=\"aw__sc-1qwuw0s-0 aw__sc-ngllmo-0 epAWpq fzYpjk yle__article__paragraph\">Luonnonsuojeluliitto Tapiolan piirij\u00e4rjest\u00f6t ovat aiempina vuosina valittaneet karhunmets\u00e4stykseen my\u00f6nnetyist\u00e4 poikkeusluvista. Ministeri\u00f6n suunnitelmat eiv\u00e4t ehdi toteutua ennen elokuussa alkavaa karhunmets\u00e4styskautta, vaan poronhoitoalueen ulkopuolinen mets\u00e4stys on edelleen poikkeuslupien varassa.<\/p>\n<p class=\"aw__sc-1qwuw0s-0 aw__sc-ngllmo-0 epAWpq fzYpjk yle__article__paragraph\">Laurila ei viel\u00e4 osaa sanoa, onko valituksia j\u00e4lleen luvassa, jos Suomen riistakeskus my\u00f6nt\u00e4\u00e4 poikkeuslupia.<\/p>\n<p class=\"aw__sc-1qwuw0s-0 aw__sc-ngllmo-0 epAWpq fzYpjk yle__article__paragraph\">\u2013 Tutkimme, mill\u00e4 perusteilla ne luvat on my\u00f6nnetty, ja sitten arviomme valittamista.<\/p>\n","protected":false},"excerpt":{"rendered":"Kysyimme karhututkijalta ja luonnonsuojelu\u00adliitto Tapiolasta, mit\u00e4 karhujen mahdollisesti lis\u00e4\u00e4ntyv\u00e4st\u00e4 mets\u00e4styksest\u00e4 voi heid\u00e4n mielest\u00e4\u00e4n seurata. Avaa kuvien katselu Arkistokuva&hellip;\n","protected":false},"author":2,"featured_media":294761,"comment_status":"","ping_status":"","sticky":false,"template":"","format":"standard","meta":{"footnotes":"","_share_on_mastodon":"0"},"categories":[117],"tags":[404,33,31,30,38884,4104,71,961,72,2662,479,476,1137,1136,118,32,119,477],"class_list":["post-294760","post","type-post","status-publish","format-standard","has-post-thumbnail","category-luonto","tag-elaimet","tag-fi","tag-finland","tag-finnish","tag-ilpo-kojola","tag-karhut","tag-kotimaa","tag-luonnonsuojelu","tag-luonto","tag-maa-ja-metsatalousministerio","tag-metsastys","tag-nature","tag-pohjois-karjala","tag-pohjois-savo","tag-science","tag-suomi","tag-tiede","tag-wildlife"],"share_on_mastodon":{"url":"","error":""},"_links":{"self":[{"href":"https:\/\/www.europesays.com\/fi\/wp-json\/wp\/v2\/posts\/294760","targetHints":{"allow":["GET"]}}],"collection":[{"href":"https:\/\/www.europesays.com\/fi\/wp-json\/wp\/v2\/posts"}],"about":[{"href":"https:\/\/www.europesays.com\/fi\/wp-json\/wp\/v2\/types\/post"}],"author":[{"embeddable":true,"href":"https:\/\/www.europesays.com\/fi\/wp-json\/wp\/v2\/users\/2"}],"replies":[{"embeddable":true,"href":"https:\/\/www.europesays.com\/fi\/wp-json\/wp\/v2\/comments?post=294760"}],"version-history":[{"count":0,"href":"https:\/\/www.europesays.com\/fi\/wp-json\/wp\/v2\/posts\/294760\/revisions"}],"wp:featuredmedia":[{"embeddable":true,"href":"https:\/\/www.europesays.com\/fi\/wp-json\/wp\/v2\/media\/294761"}],"wp:attachment":[{"href":"https:\/\/www.europesays.com\/fi\/wp-json\/wp\/v2\/media?parent=294760"}],"wp:term":[{"taxonomy":"category","embeddable":true,"href":"https:\/\/www.europesays.com\/fi\/wp-json\/wp\/v2\/categories?post=294760"},{"taxonomy":"post_tag","embeddable":true,"href":"https:\/\/www.europesays.com\/fi\/wp-json\/wp\/v2\/tags?post=294760"}],"curies":[{"name":"wp","href":"https:\/\/api.w.org\/{rel}","templated":true}]}}