{"id":29483,"date":"2025-09-09T02:55:07","date_gmt":"2025-09-09T02:55:07","guid":{"rendered":"https:\/\/www.europesays.com\/fi\/29483\/"},"modified":"2025-09-09T02:55:07","modified_gmt":"2025-09-09T02:55:07","slug":"droonin-epaillaan-iskeneen-gaza-laivueen-alukseen-tunisiassa-viranomaiset-kiistavat-uutisia-lyhyesti","status":"publish","type":"post","link":"https:\/\/www.europesays.com\/fi\/29483\/","title":{"rendered":"Droonin ep\u00e4ill\u00e4\u00e4n iskeneen Gaza-laivueen alukseen Tunisiassa \u2013 viranomaiset kiist\u00e4v\u00e4t | Uutisia lyhyesti"},"content":{"rendered":"<p class=\"sc-jYczwO sc-dNFkOE frIBdZ edVjwg yle__article__paragraph\">Tunisian kansalliskaari kiisti droonihavainnot.<\/p>\n<p><img decoding=\"async\" alt=\"Kaksi purjealusta merell\u00e4.\" src=\"https:\/\/www.europesays.com\/fi\/wp-content\/uploads\/2025\/09\/39-151801168bac17ec5b7a.jpeg\" class=\"sc-dntSTA iywpZY\"\/><\/p>\n<p>Avaa kuvien katselu<\/p>\n<p>Global Sumud -laivueen vene Barcelonassa 1. syyskuuta. Kuva: Lluis Gene \/ AFP<\/p>\n<p class=\"sc-jYczwO sc-ciCoXh frIBdZ cPdSqu yle__article__paragraph\">Droonin ep\u00e4ill\u00e4\u00e4n iskeneen Gazaan matkaavaan avustusalukseen Tunisian vesill\u00e4, kertoo Global Sumud -laivue lausunnossaan.<\/p>\n<p class=\"sc-jYczwO sc-ciCoXh frIBdZ cPdSqu yle__article__paragraph\">Portugalin lipun alla purjehtiva alus k\u00e4rsi palovahinkoja p\u00e4\u00e4kannella ja kansien alaisissa varastotiloissa. Aluksen kyydiss\u00e4 oli laivueen ohjausryhm\u00e4, josta kukaan ei haavoittunut.<\/p>\n<p class=\"sc-jYczwO sc-ciCoXh frIBdZ cPdSqu yle__article__paragraph\">Tunisian kansalliskaarti sanoi, ettei se ollut havainnut drooneja. Kansalliskaartin edustajan mukaan alustavat tutkimukset viittaavat siihen, ett\u00e4 r\u00e4j\u00e4hdys syntyi aluksen sis\u00e4ll\u00e4.<\/p>\n<p class=\"sc-jYczwO sc-ciCoXh frIBdZ cPdSqu yle__article__paragraph\">Global Sumud -laivue pyrkii toimittamaan humanitaarista apua Gazaan. Laivueen mukana on tiett\u00e4v\u00e4sti my\u00f6s <a class=\"sc-jDJeIs gotUgl yle__article__link\" href=\"https:\/\/yle.fi\/a\/74-20180340\" role=\"link\" rel=\"nofollow noopener\" target=\"_blank\">kymmenen suomalaista<\/a>.<\/p>\n<p class=\"sc-jYczwO sc-ciCoXh frIBdZ cPdSqu yle__article__paragraph\">Laivueeseen osallistuu satoja ihmisi\u00e4 44 maasta. Osallistujien joukossa on muun muassa ruotsalaisaktivisti <strong class=\"sc-eEHciv kkmMDs yle__article__strong\">Greta Thunberg<\/strong>. Avustuslaivue l\u00e4hti liikkeelle Espanjan Barcelonasta reilu viikko sitten.<\/p>\n<p class=\"sc-jYczwO sc-ciCoXh frIBdZ cPdSqu yle__article__paragraph\">L\u00e4hteet: AFP, Reuters<\/p>\n<p class=\"sc-jYczwO sc-ciCoXh frIBdZ cPdSqu yle__article__paragraph\">Korjattu uutista kello 4.44. Droonihavainnot kiisti kansalliskaarti, ei rannikkovartiosto, kuten jutussa aiemmin virheellisesti kerrottiin.<\/p>\n","protected":false},"excerpt":{"rendered":"Tunisian kansalliskaari kiisti droonihavainnot. Avaa kuvien katselu Global Sumud -laivueen vene Barcelonassa 1. syyskuuta. Kuva: Lluis Gene \/&hellip;\n","protected":false},"author":2,"featured_media":29484,"comment_status":"","ping_status":"","sticky":false,"template":"","format":"standard","meta":{"footnotes":""},"categories":[5],"tags":[22,23,759,26,27,33,31,30,505,17,992,24,25,28,29,15,18,21,32,19,20,56,16],"class_list":{"0":"post-29483","1":"post","2":"type-post","3":"status-publish","4":"format-standard","5":"has-post-thumbnail","7":"category-otsikot","8":"tag-breaking-news","9":"tag-breakingnews","10":"tag-droonit","11":"tag-featured-news","12":"tag-featurednews","13":"tag-fi","14":"tag-finland","15":"tag-finnish","16":"tag-gazan-sota","17":"tag-headlines","18":"tag-lahi-ita","19":"tag-latest-news","20":"tag-latestnews","21":"tag-main-news","22":"tag-mainnews","23":"tag-news","24":"tag-otsikot","25":"tag-paauutiset","26":"tag-suomi","27":"tag-top-stories","28":"tag-topstories","29":"tag-ulkomaat","30":"tag-uutiset"},"share_on_mastodon":{"url":"","error":""},"_links":{"self":[{"href":"https:\/\/www.europesays.com\/fi\/wp-json\/wp\/v2\/posts\/29483","targetHints":{"allow":["GET"]}}],"collection":[{"href":"https:\/\/www.europesays.com\/fi\/wp-json\/wp\/v2\/posts"}],"about":[{"href":"https:\/\/www.europesays.com\/fi\/wp-json\/wp\/v2\/types\/post"}],"author":[{"embeddable":true,"href":"https:\/\/www.europesays.com\/fi\/wp-json\/wp\/v2\/users\/2"}],"replies":[{"embeddable":true,"href":"https:\/\/www.europesays.com\/fi\/wp-json\/wp\/v2\/comments?post=29483"}],"version-history":[{"count":0,"href":"https:\/\/www.europesays.com\/fi\/wp-json\/wp\/v2\/posts\/29483\/revisions"}],"wp:featuredmedia":[{"embeddable":true,"href":"https:\/\/www.europesays.com\/fi\/wp-json\/wp\/v2\/media\/29484"}],"wp:attachment":[{"href":"https:\/\/www.europesays.com\/fi\/wp-json\/wp\/v2\/media?parent=29483"}],"wp:term":[{"taxonomy":"category","embeddable":true,"href":"https:\/\/www.europesays.com\/fi\/wp-json\/wp\/v2\/categories?post=29483"},{"taxonomy":"post_tag","embeddable":true,"href":"https:\/\/www.europesays.com\/fi\/wp-json\/wp\/v2\/tags?post=29483"}],"curies":[{"name":"wp","href":"https:\/\/api.w.org\/{rel}","templated":true}]}}