{"id":294866,"date":"2026-07-06T13:50:12","date_gmt":"2026-07-06T13:50:12","guid":{"rendered":"https:\/\/www.europesays.com\/fi\/294866\/"},"modified":"2026-07-06T13:50:12","modified_gmt":"2026-07-06T13:50:12","slug":"putous-tahti-antti-tuomas-heikkinen-nayttelijan-ura-isyys-ja-uudet-projektit","status":"publish","type":"post","link":"https:\/\/www.europesays.com\/fi\/294866\/","title":{"rendered":"Putous-t\u00e4hti Antti Tuomas Heikkinen: N\u00e4yttelij\u00e4n ura, isyys ja uudet projektit"},"content":{"rendered":"<p>\n            20260505, Kellokoski. Elisa viihteen Taivaan kansalaiset -tvsarjan kuvaukset. Kuvassa Antti Tuomas Heikkinen.<br \/>\n            Timo Korhonen\n        <\/p>\n<p class=\"subtitle \">N\u00e4yttelij\u00e4 Antti Tuomas Heikkisen el\u00e4m\u00e4ss\u00e4 on tapahtunut paljon: h\u00e4n t\u00e4ytti 40 vuotta ja tuli is\u00e4ksi.<\/p>\n<p class=\"article-content article-content-width !bg-background\"> kiitt\u00e4\u00e4 \u00e4iti\u00e4\u00e4n siit\u00e4, ett\u00e4 el\u00e4m\u00e4nty\u00f6ksi valikoitui n\u00e4yttelij\u00e4n ammatti. Juurikin \u00e4iti vei poikaansa kulttuurin pariin pienest\u00e4 pit\u00e4en.<\/p>\n<p class=\"font-weight-bold m-font-weight-bold article-content article-content-width !bg-background\">Videolla kuullaan Salatut el\u00e4m\u00e4t -sarjan lapsin\u00e4yttelij\u00f6it\u00e4.\u00a0<\/p>\n<p class=\"article-content article-content-width !bg-background\">Kun kuusivuotias Antti Tuomas n\u00e4ki Jyv\u00e4skyl\u00e4n kaupunginteatterin n\u00e4ytt\u00e4m\u00f6ll\u00e4 Pekka T\u00f6p\u00f6h\u00e4nn\u00e4n, oli ammatinvalinta selv\u00e4.\u00a0<\/p>\n<p>        <a itemprop=\"url\" href=\"https:\/\/www.seiska.fi\/katso\/ohjaaja-jatti-putouksen-vetoaa-vasymykseen\/1660269\" rel=\"nofollow noopener\" target=\"_blank\"><\/p>\n<p>\nPutous\n<\/p>\n<p class=\"section-date\">\n        <strong class=\"article-section\" data-section=\"katso\"><br \/>\n            katso<br \/>\n        <\/strong><br \/>\n        31.3.2025 13:24\n    <\/p>\n<p>Ohjaaja j\u00e4tti Putouksen \u2013 vetoaa v\u00e4symykseen\n    <\/p>\n<p itemprop=\"description\" class=\"subtitle \">\n    Vauva-arkea el\u00e4v\u00e4 Antti Tuomas Heikkinen poistuu Putouksen ohjaajan paikalta kolmen kauden j\u00e4lkeen.\n<\/p>\n<p>        <\/a><\/p>\n<p class=\"article-content article-content-width !bg-background\">H\u00e4n piti lujasti kiinni p\u00e4\u00e4t\u00f6ksest\u00e4\u00e4n ja ilmoittautui paikalliseen teatterikerhoon.<\/p>\n<p class=\"article-content article-content-width !bg-background\">\u2013\tSielt\u00e4 pikkupojasta asti p\u00e4\u00e4m\u00e4\u00e4r\u00e4tietoisesti ja j\u00e4\u00e4r\u00e4p\u00e4isestikin menin haavetta kohti, vaikka Teatterikorkean ovet eiv\u00e4t heti avautuneetkaan, h\u00e4n toteaa.<\/p>\n<p>                <img decoding=\"async\" src=\"https:\/\/www.europesays.com\/fi\/wp-content\/uploads\/2026\/07\/2166258.webp\" width=\"576\" height=\"322\" alt=\"Lapsuuden teatterikokemuksella oli suuri merkitys.\" loading=\"lazy\" \/>            <\/p>\n<p>\n            Lapsuuden teatterikokemuksella oli suuri merkitys.<br \/>\n            Timo Korhonen\n        <\/p>\n<p class=\"article-content article-content-width !bg-background\">Ennen kuin ovet avautuivat vuonna 2011 maamme halutuimpaan ja kilpailluimpaan korkeakouluun, Antti Tuomas ehti valmistua Humanistisesta ammattikorkeakoulusta kulttuurituottajaksi.<\/p>\n<p class=\"article-content article-content-width !bg-background\">Vaikka h\u00e4n ei ole p\u00e4iv\u00e4\u00e4k\u00e4\u00e4n el\u00e4m\u00e4ss\u00e4\u00e4n toiminut kulttuurituottajana, on opeista ollut hy\u00f6ty\u00e4 muun muassa Putouksen ohjaajan pestiss\u00e4.<\/p>\n<p>Ty\u00f6 vei y\u00f6unet<\/p>\n<p class=\"article-content article-content-width !bg-background\">Nyt Antti Tuomas on ohjannut kes\u00e4ksi joensuulaiseen Utran Uuteen Teatteriin musiikkikomedian Rakkautta ja rautanauloja.<\/p>\n<p class=\"article-content article-content-width !bg-background\">Syksyll\u00e4 h\u00e4net n\u00e4hd\u00e4\u00e4n Nelosella Elisa Viihteen alkuper\u00e4issarjassa Taivaan kansalaiset, jonka keski\u00f6ss\u00e4 on erist\u00e4ytynyt hengellinen yhteis\u00f6.<\/p>\n<p class=\"article-content article-content-width !bg-background\">\u2013\tRoolihenkil\u00f6ni Tuomas on toisen p\u00e4\u00e4henkil\u00f6n Joosuan ( ) kavereita ja p\u00e4\u00e4tyy lahkoon.<\/p>\n<p class=\"article-content article-content-width !bg-background\">\u2013\tVaikka Tuomas k\u00e4y l\u00e4pi isoja tunnetiloja ja sairastaa keuhkosairautta, ei se ole roolien hardcorea eli ei ole paljon sellaisia kohtauksia, joissa olisi opeteltava runsaasti teksti\u00e4.<\/p>\n<p>                <img decoding=\"async\" src=\"https:\/\/www.europesays.com\/fi\/wp-content\/uploads\/2026\/07\/2166256.webp\" width=\"576\" height=\"192\" title=\"Vahvuudekseen n\u00e4yttelij\u00e4n\u00e4 Antti Tuomas nime\u00e4\u00e4 komediaosaamisen.\" alt=\"Pys\u00e4ytt\u00e4k\u00e4\u00e4 Nyqvist, 2022, Antti Tuomas Heikkinen.\" loading=\"lazy\" \/>            <\/p>\n<p>\n            Vahvuudekseen n\u00e4yttelij\u00e4n\u00e4 Antti Tuomas nime\u00e4\u00e4 komediaosaamisen.<br \/>\n            Yle\n        <\/p>\n<p class=\"article-content article-content-width !bg-background\">Uraltaan Antti Tuomakselle nousee mieleen Ylell\u00e4 vuonna 2022 julkaistu vakoilukomediasarja Pys\u00e4ytt\u00e4k\u00e4\u00e4 Nyqvist.<\/p>\n<p>        <a itemprop=\"url\" href=\"https:\/\/www.seiska.fi\/katso\/brittitahti-koki-jokaisen-vanhemman-painajaisen\/2114138\" rel=\"nofollow noopener\" target=\"_blank\"><\/p>\n<p>\nBrittit\u00e4hti\n<\/p>\n<p class=\"section-date\">\n        <strong class=\"article-section\" data-section=\"katso\"><br \/>\n            katso<br \/>\n        <\/strong><br \/>\n        28.3. 09:15\n    <\/p>\n<p>Brittit\u00e4hti koki jokaisen vanhemman painajaisen\n    <\/p>\n<p itemprop=\"description\" class=\"subtitle \">\n    N\u00e4yttelij\u00e4 Amanda Redmanin \u00e4iti on potenut tapahtuneesta ikuista syyllisyytt\u00e4.\n<\/p>\n<p>        <\/a><\/p>\n<p class=\"article-content article-content-width !bg-background\">\u2013\tSiin\u00e4 n\u00e4yttelin p\u00e4\u00e4osaroolin. Oli tosi paljon kohtauksia, paljon teksti\u00e4 ja pitki\u00e4 p\u00e4ivi\u00e4 eik\u00e4 taukoja juurikaan.<\/p>\n<p class=\"article-content article-content-width !bg-background\">\u2013\tHuomasin, ett\u00e4 k\u00e4vin ylikierroksilla ty\u00f6p\u00e4iv\u00e4n j\u00e4lkeen ja \u00f6isin oli vaikea saada unta. Silloin oli hankala palautua, n\u00e4yttelij\u00e4 muistelee.<\/p>\n<p class=\"article-content article-content-width !bg-background\">Vahvuudekseen n\u00e4yttelij\u00e4n\u00e4 Antti Tuomas nime\u00e4\u00e4 komediaosaamisen.<\/p>\n<p class=\"article-content article-content-width !bg-background\">\u2013\tKolikon k\u00e4\u00e4nt\u00f6puolella koen olevani monipuolinen, ja olenkin saanut n\u00e4ytell\u00e4 monen tyylilajin projekteissa. Taivaan kansalaiset on piinkova draama ja sekin luonnistuu.<\/p>\n<p>Lapsi mullisti arjen<\/p>\n<p class=\"article-content article-content-width !bg-background\">Puolitoista vuotta sitten Antti Tuomaksesta tuli is\u00e4.<\/p>\n<p class=\"article-content article-content-width !bg-background\">\u2013 Lapsi k\u00e4y jo p\u00e4iv\u00e4kotia, joten p\u00e4iv\u00e4ni alkavat sill\u00e4, ett\u00e4 vien muksun sinne. Lapsen saaminen on kyll\u00e4 mullistanut monia asioita el\u00e4m\u00e4ss\u00e4 ja jokainen p\u00e4iv\u00e4 on opettelua.<\/p>\n<p class=\"article-content article-content-width !bg-background\">\u2013\tLapsen saatuani olen oppinut itsest\u00e4ni esimerkiksi sen, ett\u00e4 kehoni tulee toimeen paljon v\u00e4hemm\u00e4ll\u00e4 y\u00f6unella kuin olisin uskonut. J\u00e4nn\u00e4sti sietokyky\u00e4 ja kest\u00e4vyytt\u00e4 vain tulee, perheenis\u00e4 naurahtaa.<\/p>\n<p class=\"article-content article-content-width !bg-background\">Arjesta on lapsen my\u00f6t\u00e4 tullut kiireist\u00e4.<\/p>\n<p class=\"article-content article-content-width !bg-background\">\u2013\tOn ollut hullua, ett\u00e4 lapsiarjen keskell\u00e4 olen samaan aikaan monipuolistanut ty\u00f6nkuvaani. Tuntuu, ett\u00e4 on hirve\u00e4sti asioita p\u00e4\u00e4llekk\u00e4in. El\u00e4n todella ruuhkavuosia.<\/p>\n<p class=\"article-content article-content-width !bg-background\">Lapselleen Antti Tuomas haluaa olla sek\u00e4 turvallinen ett\u00e4 rento vanhempi.<\/p>\n<p class=\"article-content article-content-width !bg-background\">\u2013\tHaluaisin is\u00e4n\u00e4 olla luotettava, l\u00e4sn\u00e4 oleva ja hauska, mutta samaan aikaan rajoja asettava ja niist\u00e4 kiinni pit\u00e4v\u00e4 tyyppi.<\/p>\n<p class=\"article-content article-content-width !bg-background\">\u2013\tMinulla on nyt kiva el\u00e4m\u00e4nvaihe. On pieni lapsukainen kotona ja ty\u00f6tilannekin t\u00e4ll\u00e4 hetkell\u00e4 hyv\u00e4, n\u00e4yttelij\u00e4 iloitsee.<\/p>\n<p class=\"article-content article-content-width !bg-background\">Kev\u00e4\u00e4ll\u00e4 Antti Tuomas t\u00e4ytti 40 vuotta. Naureskellen h\u00e4n kertoo i\u00e4n n\u00e4kyv\u00e4n ainakin vapaa-ajan valinnoissa.\u00a0<\/p>\n<p class=\"article-content article-content-width !bg-background\">\u2013\tUusi harrastukseni on lintubongaus. Olen siis saavuttanut keski-ik\u00e4isyyden ultimaattisen pisteen.<\/p>\n<p class=\"article-content article-content-width !bg-background\">\u2013\tK\u00e4yn lintutorneilla ja on ollut ihana huomata, etten ole yksin. Ik\u00e4tovereistani l\u00f6ytyy useampia, jotka ovat hurahtaneet samaan, n\u00e4yttelij\u00e4 toteaa huvittuneena.\u00a0<\/p>\n<p class=\"italic m-italic article-content article-content-width !bg-background\">Taivaan kansalaiset alkaa Nelosella marraskuussa.\u00a0<\/p>\n<p>        <a itemprop=\"url\" href=\"https:\/\/www.seiska.fi\/katso\/anniina-valtoselta-vuodatus-nykyvanhemmuudesta-yksi-asia-saa-kihisemaan\/2072556\" rel=\"nofollow noopener\" target=\"_blank\"><\/p>\n<p>\nAnniina Valtonen\n<\/p>\n<p class=\"section-date\">\n        <strong class=\"article-section\" data-section=\"katso\"><br \/>\n            katso<br \/>\n        <\/strong><br \/>\n        19.2. 12:15\n    <\/p>\n<p>Anniina Valtoselta vuodatus nykyvanhemmuudesta \u2013 yksi asia saa kihisem\u00e4\u00e4n\n    <\/p>\n<p itemprop=\"description\" class=\"subtitle \">\n    Anniina Valtonen el\u00e4\u00e4 keskell\u00e4 ruuhkavuosia.\n<\/p>\n<p>        <\/a><\/p>\n","protected":false},"excerpt":{"rendered":"20260505, Kellokoski. Elisa viihteen Taivaan kansalaiset -tvsarjan kuvaukset. Kuvassa Antti Tuomas Heikkinen. Timo Korhonen N\u00e4yttelij\u00e4 Antti Tuomas Heikkisen&hellip;\n","protected":false},"author":2,"featured_media":294867,"comment_status":"","ping_status":"","sticky":false,"template":"","format":"standard","meta":{"footnotes":"","_share_on_mastodon":"0"},"categories":[136],"tags":[14350,407,1192,19785,137,33,31,30,2382,8227,31084,2781,408,7344,96,108,1127,24665,1232,38924,1342,1758,8696,32,38923,3342,109],"class_list":["post-294866","post","type-post","status-publish","format-standard","has-post-thumbnail","category-julkkikset","tag-antti-tuomas-heikkinen","tag-celebrities","tag-draamasarja","tag-elisa-alkuperaissarja","tag-entertainment","tag-fi","tag-finland","tag-finnish","tag-haastattelu","tag-harrastus","tag-isaksi-tuleminen","tag-isyys","tag-julkkikset","tag-keski-ika","tag-koulutus","tag-kulttuuri","tag-lapsi","tag-lapsiperhearki","tag-lapsuus","tag-lintubongari","tag-nayttelija","tag-nelonen","tag-rooli","tag-suomi","tag-taivaan-kansalaiset","tag-vanhemmuus","tag-viihde"],"share_on_mastodon":{"url":"https:\/\/pubeurope.com\/@fi\/116873359072812186","error":""},"_links":{"self":[{"href":"https:\/\/www.europesays.com\/fi\/wp-json\/wp\/v2\/posts\/294866","targetHints":{"allow":["GET"]}}],"collection":[{"href":"https:\/\/www.europesays.com\/fi\/wp-json\/wp\/v2\/posts"}],"about":[{"href":"https:\/\/www.europesays.com\/fi\/wp-json\/wp\/v2\/types\/post"}],"author":[{"embeddable":true,"href":"https:\/\/www.europesays.com\/fi\/wp-json\/wp\/v2\/users\/2"}],"replies":[{"embeddable":true,"href":"https:\/\/www.europesays.com\/fi\/wp-json\/wp\/v2\/comments?post=294866"}],"version-history":[{"count":0,"href":"https:\/\/www.europesays.com\/fi\/wp-json\/wp\/v2\/posts\/294866\/revisions"}],"wp:featuredmedia":[{"embeddable":true,"href":"https:\/\/www.europesays.com\/fi\/wp-json\/wp\/v2\/media\/294867"}],"wp:attachment":[{"href":"https:\/\/www.europesays.com\/fi\/wp-json\/wp\/v2\/media?parent=294866"}],"wp:term":[{"taxonomy":"category","embeddable":true,"href":"https:\/\/www.europesays.com\/fi\/wp-json\/wp\/v2\/categories?post=294866"},{"taxonomy":"post_tag","embeddable":true,"href":"https:\/\/www.europesays.com\/fi\/wp-json\/wp\/v2\/tags?post=294866"}],"curies":[{"name":"wp","href":"https:\/\/api.w.org\/{rel}","templated":true}]}}