{"id":294930,"date":"2026-07-06T15:18:12","date_gmt":"2026-07-06T15:18:12","guid":{"rendered":"https:\/\/www.europesays.com\/fi\/294930\/"},"modified":"2026-07-06T15:18:12","modified_gmt":"2026-07-06T15:18:12","slug":"sofia-belorf-jatti-podcast-nauhoitukset-valiin-tassa-syy","status":"publish","type":"post","link":"https:\/\/www.europesays.com\/fi\/294930\/","title":{"rendered":"Sofia Bel\u00f3rf j\u00e4tti podcast-nauhoitukset v\u00e4liin \u2013 t\u00e4ss\u00e4 syy"},"content":{"rendered":"<p>\n            Sofia Bling Bling Dubai. Sofia Belorf. Sanoma.<br \/>\n            Sanoma\n        <\/p>\n<p class=\"subtitle \">Saapumatta j\u00e4tt\u00e4nyt kohukaunotar selvitti poissaoloaan Ilta-Sanomille.<\/p>\n<p class=\"article-content article-content-width !bg-background\">Seurapiirikaunotar  j\u00e4tti saapumatta sovittuun tapaamiseen, kerrotaan <a href=\"https:\/\/podimo.com\/fi\/shows\/bff-podi\" target=\"_blank\" rel=\"nofollow noopener\">BFF-podin tuoreessa podcast-jaksossa<\/a>.<\/p>\n<p class=\"font-weight-bold m-font-weight-bold article-content article-content-width !bg-background\">Video: Sofian rakas hehkutti Sofiaa Seiskalle<\/p>\n<p class=\"article-content article-content-width !bg-background\">  ja  juontaman podin alussa kuullaan, ettei vieraaksi odotettu Sofia tullutkaan nauhoituksiin.<\/p>\n<p class=\"article-content article-content-width !bg-background\">\u2013 Nyt on n\u00e4in k\u00e4ynyt, ja se on t\u00e4ysin meist\u00e4 riippumattomista syist\u00e4, Selen harmittelee kuulijoille.<\/p>\n<p class=\"article-content article-content-width !bg-background\">\u2013 Ensinn\u00e4kin tosi harmillista, ett\u00e4 olemme tehneet jakson valmiiksi ja s\u00e4\u00e4t\u00e4neet aikatauluja useasti h\u00e4nen kohdallaan niin, ett\u00e4 h\u00e4n olisi p\u00e4\u00e4ssyt, Emilia taustoittaa.<\/p>\n<p>                <img decoding=\"async\" src=\"https:\/\/www.europesays.com\/fi\/wp-content\/uploads\/2026\/07\/1991050.webp\" width=\"576\" height=\"274\" alt=\"Selen ja Emilia pahoittelevat vieraan peruuntumista jaksossaan.\" loading=\"lazy\" \/>            <\/p>\n<p>\n            Selen ja Emilia pahoittelevat vieraan peruuntumista jaksossaan.<br \/>\n            Podimo\n        <\/p>\n<p class=\"article-content article-content-width !bg-background\">Peruutus tapahtui lyhyell\u00e4 varoitusajalla.<\/p>\n<p class=\"article-content article-content-width !bg-background\">\u2013 Mutta t\u00e4n\u00e4\u00e4n saimme puoli tuntia ennen nauhoitusten alkamista viestin siit\u00e4, ett\u00e4 h\u00e4n on estynyt tulemasta, Emilia kertoo.<\/p>\n<p class=\"article-content article-content-width !bg-background\">Selen kertoo aikatauluja s\u00e4\u00e4detyn ja siirretyn aiemminkin, ja edellisen\u00e4k\u00e4\u00e4n kertana Sofia ei ollut p\u00e4\u00e4ssyt nauhoituksiin.<\/p>\n<p>        <a itemprop=\"url\" href=\"https:\/\/www.seiska.fi\/kotimaa\/sofia-belorfilta-tiukka-vastaus-erokysymykseen-en-ole-tyhma\/2151063\" rel=\"nofollow noopener\" target=\"_blank\"><\/p>\n<p>\nSofia Belorf\n<\/p>\n<p class=\"section-date\">\n        <strong class=\"article-section\" data-section=\"kotimaa\"><br \/>\n            kotimaa<br \/>\n        <\/strong><br \/>\n        13.5. 14:00\n    <\/p>\n<p>Sofia Belorfilta tiukka vastaus erokysymykseen: &#8221;En ole tyhm\u00e4&#8221;\n    <\/p>\n<p itemprop=\"description\" class=\"subtitle \">\n    Sofia kertoo my\u00f6s avoimesti lapsihaaveistaan.\n<\/p>\n<p>        <\/a><\/p>\n<p>Pahoillaan tapahtuneesta<\/p>\n<p class=\"article-content article-content-width !bg-background\">Emilia sanoo heid\u00e4n oppineen nyt, ett\u00e4 jos joku haastateltava peruu kerran, eiv\u00e4t he en\u00e4\u00e4 yrit\u00e4 toistamiseen saada asiaa j\u00e4rjestym\u00e4\u00e4n, jotta he v\u00e4ltt\u00e4isiv\u00e4t vastaavanlaisen tilanteen.<\/p>\n<p class=\"article-content article-content-width !bg-background\">Juontajat ovat pahoillaan siit\u00e4, ettei heill\u00e4 ollut tarpeeksi aikaa hankkia esimerkiksi korvaavaa vierasta jaksoon. Heit\u00e4 my\u00f6s harmittaa, ettei heid\u00e4n tai heid\u00e4n podcast-tiimins\u00e4 aikaa ja panosta kunnioitettu.<\/p>\n<p>N\u00e4in h\u00e4n kommentoi<\/p>\n<p class=\"article-content article-content-width !bg-background\"><a href=\"https:\/\/www.is.fi\/viihde\/art-2000012120318.html\" target=\"_blank\" rel=\"nofollow noopener\">Ilta-Sanomat tavoitti Sofian kommentoimaan<\/a> peruutuksen syit\u00e4. Lehti kertoo, ett\u00e4 Sofian mukaan\u00a0h\u00e4n ei p\u00e4\u00e4ssyt osallistumaan nauhoituksiin, koska oli kipe\u00e4 ja lensi kotiinsa Dubaihin.<\/p>\n<p>        <a itemprop=\"url\" href=\"https:\/\/www.seiska.fi\/kotimaa\/sofia-belorf-joutui-ulosottoon\/2197352\" rel=\"nofollow noopener\" target=\"_blank\"><\/p>\n<p>\nDubaissa asuva Sofia Bel\u00f3rf\n<\/p>\n<p class=\"section-date\">\n        <strong class=\"article-section\" data-section=\"kotimaa\"><br \/>\n            kotimaa<br \/>\n        <\/strong><br \/>\n        3.7. 16:00\n    <\/p>\n<p>Sofia Bel\u00f3rf joutui ulosottoon\n    <\/p>\n<p itemprop=\"description\" class=\"subtitle \">\n    Tv:st\u00e4 tuttu Sofia on j\u00e4tt\u00e4nyt laskun maksamatta.\n<\/p>\n<p>        <\/a><\/p>\n","protected":false},"excerpt":{"rendered":"Sofia Bling Bling Dubai. Sofia Belorf. Sanoma. Sanoma Saapumatta j\u00e4tt\u00e4nyt kohukaunotar selvitti poissaoloaan Ilta-Sanomille. Seurapiirikaunotar j\u00e4tti saapumatta sovittuun&hellip;\n","protected":false},"author":2,"featured_media":294931,"comment_status":"","ping_status":"","sticky":false,"template":"","format":"standard","meta":{"footnotes":"","_share_on_mastodon":"0"},"categories":[130],"tags":[38933,38934,137,33,31,30,2923,38935,2758,32,109],"class_list":["post-294930","post","type-post","status-publish","format-standard","has-post-thumbnail","category-viihde","tag-bff-podi","tag-emilia-aaltonen","tag-entertainment","tag-fi","tag-finland","tag-finnish","tag-podcast","tag-selen-ahishali","tag-sofia-belorf","tag-suomi","tag-viihde"],"share_on_mastodon":{"url":"https:\/\/pubeurope.com\/@fi\/116873704454061157","error":""},"_links":{"self":[{"href":"https:\/\/www.europesays.com\/fi\/wp-json\/wp\/v2\/posts\/294930","targetHints":{"allow":["GET"]}}],"collection":[{"href":"https:\/\/www.europesays.com\/fi\/wp-json\/wp\/v2\/posts"}],"about":[{"href":"https:\/\/www.europesays.com\/fi\/wp-json\/wp\/v2\/types\/post"}],"author":[{"embeddable":true,"href":"https:\/\/www.europesays.com\/fi\/wp-json\/wp\/v2\/users\/2"}],"replies":[{"embeddable":true,"href":"https:\/\/www.europesays.com\/fi\/wp-json\/wp\/v2\/comments?post=294930"}],"version-history":[{"count":0,"href":"https:\/\/www.europesays.com\/fi\/wp-json\/wp\/v2\/posts\/294930\/revisions"}],"wp:featuredmedia":[{"embeddable":true,"href":"https:\/\/www.europesays.com\/fi\/wp-json\/wp\/v2\/media\/294931"}],"wp:attachment":[{"href":"https:\/\/www.europesays.com\/fi\/wp-json\/wp\/v2\/media?parent=294930"}],"wp:term":[{"taxonomy":"category","embeddable":true,"href":"https:\/\/www.europesays.com\/fi\/wp-json\/wp\/v2\/categories?post=294930"},{"taxonomy":"post_tag","embeddable":true,"href":"https:\/\/www.europesays.com\/fi\/wp-json\/wp\/v2\/tags?post=294930"}],"curies":[{"name":"wp","href":"https:\/\/api.w.org\/{rel}","templated":true}]}}